{"id":2580,"date":"2022-09-12T23:18:00","date_gmt":"2022-09-12T23:18:00","guid":{"rendered":"https:\/\/www.lepoglava.hr\/festival-cipke\/?p=2580"},"modified":"2022-09-14T19:22:47","modified_gmt":"2022-09-14T19:22:47","slug":"u-okviru-26-medunarodnog-festivala-cipke-odrzani-dani-europske-bastine","status":"publish","type":"post","link":"https:\/\/www.lepoglava.hr\/festival-cipke\/u-okviru-26-medunarodnog-festivala-cipke-odrzani-dani-europske-bastine\/","title":{"rendered":"U okviru 26. Me\u0111unarodnog festivala c\u030cipke odrz\u030cani Dani europske bas\u030ctine"},"content":{"rendered":"<div class=\"pgc-sgb-cb wp-block-pgcsimplygalleryblock-slider \" data-gallery-id=\"cb517732\" style=\"min-height:400px\"><div class=\"sgb-preloader\" id=\"pr_cb517732\">\n\t<div class=\"sgb-square\" style=\"background:#d4d4d4\"><\/div>\n\t<div class=\"sgb-square\" style=\"background:#d4d4d4\"><\/div>\n\t<div class=\"sgb-square\" style=\"background:#d4d4d4\"><\/div>\n\t<div class=\"sgb-square\" style=\"background:#d4d4d4\"><\/div><\/div><div class=\"simply-gallery-amp pgc_sgb_slider \" style=\"display: none;\"><div class=\"sgb-gallery\"><div class=\"sgb-item\"><a href=\"https:\/\/www.lepoglava.hr\/festival-cipke\/u-okviru-26-medunarodnog-festivala-cipke-odrzani-dani-europske-bastine\/dani_eu_bastine_mfc_08\/\" target=\"_blank\"><img decoding=\"async\" alt=\"\" width=\"300\" height=\"200\" loading=\"lazy\" src=\"https:\/\/www.lepoglava.hr\/festival-cipke\/wp-content\/uploads\/2022\/09\/dani_eu_bastine_mfc_08-300x200.webp\" srcset=\"https:\/\/www.lepoglava.hr\/festival-cipke\/wp-content\/uploads\/2022\/09\/dani_eu_bastine_mfc_08-300x200.webp 300w,https:\/\/www.lepoglava.hr\/festival-cipke\/wp-content\/uploads\/2022\/09\/dani_eu_bastine_mfc_08.webp 640w\" sizes=\"250px\"\/><\/a><\/div><div class=\"sgb-item\"><a href=\"https:\/\/www.lepoglava.hr\/festival-cipke\/u-okviru-26-medunarodnog-festivala-cipke-odrzani-dani-europske-bastine\/dani_eu_bastine_mfc_02\/\" target=\"_blank\"><img decoding=\"async\" alt=\"\" width=\"300\" height=\"200\" loading=\"lazy\" src=\"https:\/\/www.lepoglava.hr\/festival-cipke\/wp-content\/uploads\/2022\/09\/dani_eu_bastine_mfc_02-300x200.webp\" srcset=\"https:\/\/www.lepoglava.hr\/festival-cipke\/wp-content\/uploads\/2022\/09\/dani_eu_bastine_mfc_02-300x200.webp 300w,https:\/\/www.lepoglava.hr\/festival-cipke\/wp-content\/uploads\/2022\/09\/dani_eu_bastine_mfc_02.webp 640w\" sizes=\"250px\"\/><\/a><\/div><div class=\"sgb-item\"><a href=\"https:\/\/www.lepoglava.hr\/festival-cipke\/u-okviru-26-medunarodnog-festivala-cipke-odrzani-dani-europske-bastine\/dani_eu_bastine_mfc_11\/\" target=\"_blank\"><img decoding=\"async\" alt=\"\" width=\"300\" height=\"200\" loading=\"lazy\" src=\"https:\/\/www.lepoglava.hr\/festival-cipke\/wp-content\/uploads\/2022\/09\/dani_eu_bastine_mfc_11-300x200.webp\" srcset=\"https:\/\/www.lepoglava.hr\/festival-cipke\/wp-content\/uploads\/2022\/09\/dani_eu_bastine_mfc_11-300x200.webp 300w,https:\/\/www.lepoglava.hr\/festival-cipke\/wp-content\/uploads\/2022\/09\/dani_eu_bastine_mfc_11.webp 640w\" sizes=\"250px\"\/><\/a><\/div><div class=\"sgb-item\"><a href=\"https:\/\/www.lepoglava.hr\/festival-cipke\/u-okviru-26-medunarodnog-festivala-cipke-odrzani-dani-europske-bastine\/dani_eu_bastine_mfc_05\/\" target=\"_blank\"><img decoding=\"async\" alt=\"\" width=\"300\" height=\"200\" loading=\"lazy\" src=\"https:\/\/www.lepoglava.hr\/festival-cipke\/wp-content\/uploads\/2022\/09\/dani_eu_bastine_mfc_05-300x200.webp\" srcset=\"https:\/\/www.lepoglava.hr\/festival-cipke\/wp-content\/uploads\/2022\/09\/dani_eu_bastine_mfc_05-300x200.webp 300w,https:\/\/www.lepoglava.hr\/festival-cipke\/wp-content\/uploads\/2022\/09\/dani_eu_bastine_mfc_05.webp 640w\" sizes=\"250px\"\/><\/a><\/div><div class=\"sgb-item\"><a href=\"https:\/\/www.lepoglava.hr\/festival-cipke\/u-okviru-26-medunarodnog-festivala-cipke-odrzani-dani-europske-bastine\/dani_eu_bastine_mfc_07\/\" target=\"_blank\"><img decoding=\"async\" alt=\"\" width=\"300\" height=\"200\" loading=\"lazy\" src=\"https:\/\/www.lepoglava.hr\/festival-cipke\/wp-content\/uploads\/2022\/09\/dani_eu_bastine_mfc_07-300x200.webp\" srcset=\"https:\/\/www.lepoglava.hr\/festival-cipke\/wp-content\/uploads\/2022\/09\/dani_eu_bastine_mfc_07-300x200.webp 300w,https:\/\/www.lepoglava.hr\/festival-cipke\/wp-content\/uploads\/2022\/09\/dani_eu_bastine_mfc_07.webp 640w\" sizes=\"250px\"\/><\/a><\/div><div class=\"sgb-item\"><a href=\"https:\/\/www.lepoglava.hr\/festival-cipke\/u-okviru-26-medunarodnog-festivala-cipke-odrzani-dani-europske-bastine\/dani_eu_bastine_mfc_04\/\" target=\"_blank\"><img decoding=\"async\" alt=\"\" width=\"300\" height=\"200\" loading=\"lazy\" src=\"https:\/\/www.lepoglava.hr\/festival-cipke\/wp-content\/uploads\/2022\/09\/dani_eu_bastine_mfc_04-300x200.webp\" srcset=\"https:\/\/www.lepoglava.hr\/festival-cipke\/wp-content\/uploads\/2022\/09\/dani_eu_bastine_mfc_04-300x200.webp 300w,https:\/\/www.lepoglava.hr\/festival-cipke\/wp-content\/uploads\/2022\/09\/dani_eu_bastine_mfc_04.webp 640w\" sizes=\"250px\"\/><\/a><\/div><div class=\"sgb-item\"><a href=\"https:\/\/www.lepoglava.hr\/festival-cipke\/u-okviru-26-medunarodnog-festivala-cipke-odrzani-dani-europske-bastine\/dani_eu_bastine_mfc_09\/\" target=\"_blank\"><img decoding=\"async\" alt=\"\" width=\"300\" height=\"200\" loading=\"lazy\" src=\"https:\/\/www.lepoglava.hr\/festival-cipke\/wp-content\/uploads\/2022\/09\/dani_eu_bastine_mfc_09-300x200.webp\" srcset=\"https:\/\/www.lepoglava.hr\/festival-cipke\/wp-content\/uploads\/2022\/09\/dani_eu_bastine_mfc_09-300x200.webp 300w,https:\/\/www.lepoglava.hr\/festival-cipke\/wp-content\/uploads\/2022\/09\/dani_eu_bastine_mfc_09.webp 640w\" sizes=\"250px\"\/><\/a><\/div><div class=\"sgb-item\"><a href=\"https:\/\/www.lepoglava.hr\/festival-cipke\/u-okviru-26-medunarodnog-festivala-cipke-odrzani-dani-europske-bastine\/dani_eu_bastine_mfc_06\/\" target=\"_blank\"><img decoding=\"async\" alt=\"\" width=\"300\" height=\"201\" loading=\"lazy\" src=\"https:\/\/www.lepoglava.hr\/festival-cipke\/wp-content\/uploads\/2022\/09\/dani_eu_bastine_mfc_06-300x201.webp\" srcset=\"https:\/\/www.lepoglava.hr\/festival-cipke\/wp-content\/uploads\/2022\/09\/dani_eu_bastine_mfc_06-300x201.webp 300w,https:\/\/www.lepoglava.hr\/festival-cipke\/wp-content\/uploads\/2022\/09\/dani_eu_bastine_mfc_06.webp 640w\" sizes=\"250px\"\/><\/a><\/div><div class=\"sgb-item\"><a href=\"https:\/\/www.lepoglava.hr\/festival-cipke\/u-okviru-26-medunarodnog-festivala-cipke-odrzani-dani-europske-bastine\/dani_eu_bastine_mfc_03\/\" target=\"_blank\"><img decoding=\"async\" alt=\"\" width=\"300\" height=\"200\" loading=\"lazy\" src=\"https:\/\/www.lepoglava.hr\/festival-cipke\/wp-content\/uploads\/2022\/09\/dani_eu_bastine_mfc_03-300x200.webp\" srcset=\"https:\/\/www.lepoglava.hr\/festival-cipke\/wp-content\/uploads\/2022\/09\/dani_eu_bastine_mfc_03-300x200.webp 300w,https:\/\/www.lepoglava.hr\/festival-cipke\/wp-content\/uploads\/2022\/09\/dani_eu_bastine_mfc_03.webp 640w\" sizes=\"250px\"\/><\/a><\/div><div class=\"sgb-item\"><a href=\"https:\/\/www.lepoglava.hr\/festival-cipke\/u-okviru-26-medunarodnog-festivala-cipke-odrzani-dani-europske-bastine\/dani_eu_bastine_mfc_10\/\" target=\"_blank\"><img decoding=\"async\" alt=\"\" width=\"300\" height=\"200\" loading=\"lazy\" src=\"https:\/\/www.lepoglava.hr\/festival-cipke\/wp-content\/uploads\/2022\/09\/dani_eu_bastine_mfc_10-300x200.webp\" srcset=\"https:\/\/www.lepoglava.hr\/festival-cipke\/wp-content\/uploads\/2022\/09\/dani_eu_bastine_mfc_10-300x200.webp 300w,https:\/\/www.lepoglava.hr\/festival-cipke\/wp-content\/uploads\/2022\/09\/dani_eu_bastine_mfc_10.webp 640w\" sizes=\"250px\"\/><\/a><\/div><div class=\"sgb-item\"><a href=\"https:\/\/www.lepoglava.hr\/festival-cipke\/u-okviru-26-medunarodnog-festivala-cipke-odrzani-dani-europske-bastine\/dani_eu_bastine_mfc_01\/\" target=\"_blank\"><img decoding=\"async\" alt=\"\" width=\"200\" height=\"300\" loading=\"lazy\" src=\"https:\/\/www.lepoglava.hr\/festival-cipke\/wp-content\/uploads\/2022\/09\/dani_eu_bastine_mfc_01-200x300.webp\" srcset=\"https:\/\/www.lepoglava.hr\/festival-cipke\/wp-content\/uploads\/2022\/09\/dani_eu_bastine_mfc_01-200x300.webp 200w,https:\/\/www.lepoglava.hr\/festival-cipke\/wp-content\/uploads\/2022\/09\/dani_eu_bastine_mfc_01.webp 426w\" sizes=\"250px\"\/><\/a><\/div><\/div><\/div><script type=\"application\/json\" class=\"sgb-data\">{\"sliderAdminWidth\":1119,\"collectionColumns\":2,\"galleryType\":\"pgc_sgb_slider\",\"galleryId\":\"cb517732\",\"images\":[{\"id\":2583,\"title\":\"dani_eu_bastine_mfc_08\",\"url\":\"https:\/\/www.lepoglava.hr\/festival-cipke\/wp-content\/uploads\/2022\/09\/dani_eu_bastine_mfc_08.webp\",\"link\":\"https:\/\/www.lepoglava.hr\/festival-cipke\/u-okviru-26-medunarodnog-festivala-cipke-odrzani-dani-europske-bastine\/dani_eu_bastine_mfc_08\/\",\"alt\":\"\",\"description\":\"\",\"caption\":\"\",\"mime\":\"image\/webp\",\"type\":\"image\",\"width\":640,\"height\":426,\"sizes\":{\"thumbnail\":{\"height\":150,\"width\":150,\"url\":\"https:\/\/www.lepoglava.hr\/festival-cipke\/wp-content\/uploads\/2022\/09\/dani_eu_bastine_mfc_08-150x150.webp\",\"orientation\":\"landscape\"},\"medium\":{\"height\":200,\"width\":300,\"url\":\"https:\/\/www.lepoglava.hr\/festival-cipke\/wp-content\/uploads\/2022\/09\/dani_eu_bastine_mfc_08-300x200.webp\",\"orientation\":\"landscape\"},\"full\":{\"url\":\"https:\/\/www.lepoglava.hr\/festival-cipke\/wp-content\/uploads\/2022\/09\/dani_eu_bastine_mfc_08.webp\",\"height\":426,\"width\":640,\"orientation\":\"landscape\"}},\"meta\":false,\"postlink\":\"https:\/\/www.lepoglava.hr\/festival-cipke\/u-okviru-26-medunarodnog-festivala-cipke-odrzani-dani-europske-bastine\/dani_eu_bastine_mfc_08\/\"},{\"id\":2584,\"title\":\"dani_eu_bastine_mfc_02\",\"url\":\"https:\/\/www.lepoglava.hr\/festival-cipke\/wp-content\/uploads\/2022\/09\/dani_eu_bastine_mfc_02.webp\",\"link\":\"https:\/\/www.lepoglava.hr\/festival-cipke\/u-okviru-26-medunarodnog-festivala-cipke-odrzani-dani-europske-bastine\/dani_eu_bastine_mfc_02\/\",\"alt\":\"\",\"description\":\"\",\"caption\":\"\",\"mime\":\"image\/webp\",\"type\":\"image\",\"width\":640,\"height\":426,\"sizes\":{\"thumbnail\":{\"height\":150,\"width\":150,\"url\":\"https:\/\/www.lepoglava.hr\/festival-cipke\/wp-content\/uploads\/2022\/09\/dani_eu_bastine_mfc_02-150x150.webp\",\"orientation\":\"landscape\"},\"medium\":{\"height\":200,\"width\":300,\"url\":\"https:\/\/www.lepoglava.hr\/festival-cipke\/wp-content\/uploads\/2022\/09\/dani_eu_bastine_mfc_02-300x200.webp\",\"orientation\":\"landscape\"},\"full\":{\"url\":\"https:\/\/www.lepoglava.hr\/festival-cipke\/wp-content\/uploads\/2022\/09\/dani_eu_bastine_mfc_02.webp\",\"height\":426,\"width\":640,\"orientation\":\"landscape\"}},\"meta\":false,\"postlink\":\"https:\/\/www.lepoglava.hr\/festival-cipke\/u-okviru-26-medunarodnog-festivala-cipke-odrzani-dani-europske-bastine\/dani_eu_bastine_mfc_02\/\"},{\"id\":2585,\"title\":\"dani_eu_bastine_mfc_11\",\"url\":\"https:\/\/www.lepoglava.hr\/festival-cipke\/wp-content\/uploads\/2022\/09\/dani_eu_bastine_mfc_11.webp\",\"link\":\"https:\/\/www.lepoglava.hr\/festival-cipke\/u-okviru-26-medunarodnog-festivala-cipke-odrzani-dani-europske-bastine\/dani_eu_bastine_mfc_11\/\",\"alt\":\"\",\"description\":\"\",\"caption\":\"\",\"mime\":\"image\/webp\",\"type\":\"image\",\"width\":640,\"height\":426,\"sizes\":{\"thumbnail\":{\"height\":150,\"width\":150,\"url\":\"https:\/\/www.lepoglava.hr\/festival-cipke\/wp-content\/uploads\/2022\/09\/dani_eu_bastine_mfc_11-150x150.webp\",\"orientation\":\"landscape\"},\"medium\":{\"height\":200,\"width\":300,\"url\":\"https:\/\/www.lepoglava.hr\/festival-cipke\/wp-content\/uploads\/2022\/09\/dani_eu_bastine_mfc_11-300x200.webp\",\"orientation\":\"landscape\"},\"full\":{\"url\":\"https:\/\/www.lepoglava.hr\/festival-cipke\/wp-content\/uploads\/2022\/09\/dani_eu_bastine_mfc_11.webp\",\"height\":426,\"width\":640,\"orientation\":\"landscape\"}},\"meta\":false,\"postlink\":\"https:\/\/www.lepoglava.hr\/festival-cipke\/u-okviru-26-medunarodnog-festivala-cipke-odrzani-dani-europske-bastine\/dani_eu_bastine_mfc_11\/\"},{\"id\":2586,\"title\":\"dani_eu_bastine_mfc_05\",\"url\":\"https:\/\/www.lepoglava.hr\/festival-cipke\/wp-content\/uploads\/2022\/09\/dani_eu_bastine_mfc_05.webp\",\"link\":\"https:\/\/www.lepoglava.hr\/festival-cipke\/u-okviru-26-medunarodnog-festivala-cipke-odrzani-dani-europske-bastine\/dani_eu_bastine_mfc_05\/\",\"alt\":\"\",\"description\":\"\",\"caption\":\"\",\"mime\":\"image\/webp\",\"type\":\"image\",\"width\":640,\"height\":427,\"sizes\":{\"thumbnail\":{\"height\":150,\"width\":150,\"url\":\"https:\/\/www.lepoglava.hr\/festival-cipke\/wp-content\/uploads\/2022\/09\/dani_eu_bastine_mfc_05-150x150.webp\",\"orientation\":\"landscape\"},\"medium\":{\"height\":200,\"width\":300,\"url\":\"https:\/\/www.lepoglava.hr\/festival-cipke\/wp-content\/uploads\/2022\/09\/dani_eu_bastine_mfc_05-300x200.webp\",\"orientation\":\"landscape\"},\"full\":{\"url\":\"https:\/\/www.lepoglava.hr\/festival-cipke\/wp-content\/uploads\/2022\/09\/dani_eu_bastine_mfc_05.webp\",\"height\":427,\"width\":640,\"orientation\":\"landscape\"}},\"meta\":false,\"postlink\":\"https:\/\/www.lepoglava.hr\/festival-cipke\/u-okviru-26-medunarodnog-festivala-cipke-odrzani-dani-europske-bastine\/dani_eu_bastine_mfc_05\/\"},{\"id\":2587,\"title\":\"dani_eu_bastine_mfc_07\",\"url\":\"https:\/\/www.lepoglava.hr\/festival-cipke\/wp-content\/uploads\/2022\/09\/dani_eu_bastine_mfc_07.webp\",\"link\":\"https:\/\/www.lepoglava.hr\/festival-cipke\/u-okviru-26-medunarodnog-festivala-cipke-odrzani-dani-europske-bastine\/dani_eu_bastine_mfc_07\/\",\"alt\":\"\",\"description\":\"\",\"caption\":\"\",\"mime\":\"image\/webp\",\"type\":\"image\",\"width\":640,\"height\":427,\"sizes\":{\"thumbnail\":{\"height\":150,\"width\":150,\"url\":\"https:\/\/www.lepoglava.hr\/festival-cipke\/wp-content\/uploads\/2022\/09\/dani_eu_bastine_mfc_07-150x150.webp\",\"orientation\":\"landscape\"},\"medium\":{\"height\":200,\"width\":300,\"url\":\"https:\/\/www.lepoglava.hr\/festival-cipke\/wp-content\/uploads\/2022\/09\/dani_eu_bastine_mfc_07-300x200.webp\",\"orientation\":\"landscape\"},\"full\":{\"url\":\"https:\/\/www.lepoglava.hr\/festival-cipke\/wp-content\/uploads\/2022\/09\/dani_eu_bastine_mfc_07.webp\",\"height\":427,\"width\":640,\"orientation\":\"landscape\"}},\"meta\":false,\"postlink\":\"https:\/\/www.lepoglava.hr\/festival-cipke\/u-okviru-26-medunarodnog-festivala-cipke-odrzani-dani-europske-bastine\/dani_eu_bastine_mfc_07\/\"},{\"id\":2588,\"title\":\"dani_eu_bastine_mfc_04\",\"url\":\"https:\/\/www.lepoglava.hr\/festival-cipke\/wp-content\/uploads\/2022\/09\/dani_eu_bastine_mfc_04.webp\",\"link\":\"https:\/\/www.lepoglava.hr\/festival-cipke\/u-okviru-26-medunarodnog-festivala-cipke-odrzani-dani-europske-bastine\/dani_eu_bastine_mfc_04\/\",\"alt\":\"\",\"description\":\"\",\"caption\":\"\",\"mime\":\"image\/webp\",\"type\":\"image\",\"width\":640,\"height\":427,\"sizes\":{\"thumbnail\":{\"height\":150,\"width\":150,\"url\":\"https:\/\/www.lepoglava.hr\/festival-cipke\/wp-content\/uploads\/2022\/09\/dani_eu_bastine_mfc_04-150x150.webp\",\"orientation\":\"landscape\"},\"medium\":{\"height\":200,\"width\":300,\"url\":\"https:\/\/www.lepoglava.hr\/festival-cipke\/wp-content\/uploads\/2022\/09\/dani_eu_bastine_mfc_04-300x200.webp\",\"orientation\":\"landscape\"},\"full\":{\"url\":\"https:\/\/www.lepoglava.hr\/festival-cipke\/wp-content\/uploads\/2022\/09\/dani_eu_bastine_mfc_04.webp\",\"height\":427,\"width\":640,\"orientation\":\"landscape\"}},\"meta\":false,\"postlink\":\"https:\/\/www.lepoglava.hr\/festival-cipke\/u-okviru-26-medunarodnog-festivala-cipke-odrzani-dani-europske-bastine\/dani_eu_bastine_mfc_04\/\"},{\"id\":2589,\"title\":\"dani_eu_bastine_mfc_09\",\"url\":\"https:\/\/www.lepoglava.hr\/festival-cipke\/wp-content\/uploads\/2022\/09\/dani_eu_bastine_mfc_09.webp\",\"link\":\"https:\/\/www.lepoglava.hr\/festival-cipke\/u-okviru-26-medunarodnog-festivala-cipke-odrzani-dani-europske-bastine\/dani_eu_bastine_mfc_09\/\",\"alt\":\"\",\"description\":\"\",\"caption\":\"\",\"mime\":\"image\/webp\",\"type\":\"image\",\"width\":640,\"height\":426,\"sizes\":{\"thumbnail\":{\"height\":150,\"width\":150,\"url\":\"https:\/\/www.lepoglava.hr\/festival-cipke\/wp-content\/uploads\/2022\/09\/dani_eu_bastine_mfc_09-150x150.webp\",\"orientation\":\"landscape\"},\"medium\":{\"height\":200,\"width\":300,\"url\":\"https:\/\/www.lepoglava.hr\/festival-cipke\/wp-content\/uploads\/2022\/09\/dani_eu_bastine_mfc_09-300x200.webp\",\"orientation\":\"landscape\"},\"full\":{\"url\":\"https:\/\/www.lepoglava.hr\/festival-cipke\/wp-content\/uploads\/2022\/09\/dani_eu_bastine_mfc_09.webp\",\"height\":426,\"width\":640,\"orientation\":\"landscape\"}},\"meta\":false,\"postlink\":\"https:\/\/www.lepoglava.hr\/festival-cipke\/u-okviru-26-medunarodnog-festivala-cipke-odrzani-dani-europske-bastine\/dani_eu_bastine_mfc_09\/\"},{\"id\":2590,\"title\":\"dani_eu_bastine_mfc_06\",\"url\":\"https:\/\/www.lepoglava.hr\/festival-cipke\/wp-content\/uploads\/2022\/09\/dani_eu_bastine_mfc_06.webp\",\"link\":\"https:\/\/www.lepoglava.hr\/festival-cipke\/u-okviru-26-medunarodnog-festivala-cipke-odrzani-dani-europske-bastine\/dani_eu_bastine_mfc_06\/\",\"alt\":\"\",\"description\":\"\",\"caption\":\"\",\"mime\":\"image\/webp\",\"type\":\"image\",\"width\":640,\"height\":429,\"sizes\":{\"thumbnail\":{\"height\":150,\"width\":150,\"url\":\"https:\/\/www.lepoglava.hr\/festival-cipke\/wp-content\/uploads\/2022\/09\/dani_eu_bastine_mfc_06-150x150.webp\",\"orientation\":\"landscape\"},\"medium\":{\"height\":201,\"width\":300,\"url\":\"https:\/\/www.lepoglava.hr\/festival-cipke\/wp-content\/uploads\/2022\/09\/dani_eu_bastine_mfc_06-300x201.webp\",\"orientation\":\"landscape\"},\"full\":{\"url\":\"https:\/\/www.lepoglava.hr\/festival-cipke\/wp-content\/uploads\/2022\/09\/dani_eu_bastine_mfc_06.webp\",\"height\":429,\"width\":640,\"orientation\":\"landscape\"}},\"meta\":false,\"postlink\":\"https:\/\/www.lepoglava.hr\/festival-cipke\/u-okviru-26-medunarodnog-festivala-cipke-odrzani-dani-europske-bastine\/dani_eu_bastine_mfc_06\/\"},{\"id\":2591,\"title\":\"dani_eu_bastine_mfc_03\",\"url\":\"https:\/\/www.lepoglava.hr\/festival-cipke\/wp-content\/uploads\/2022\/09\/dani_eu_bastine_mfc_03.webp\",\"link\":\"https:\/\/www.lepoglava.hr\/festival-cipke\/u-okviru-26-medunarodnog-festivala-cipke-odrzani-dani-europske-bastine\/dani_eu_bastine_mfc_03\/\",\"alt\":\"\",\"description\":\"\",\"caption\":\"\",\"mime\":\"image\/webp\",\"type\":\"image\",\"width\":640,\"height\":426,\"sizes\":{\"thumbnail\":{\"height\":150,\"width\":150,\"url\":\"https:\/\/www.lepoglava.hr\/festival-cipke\/wp-content\/uploads\/2022\/09\/dani_eu_bastine_mfc_03-150x150.webp\",\"orientation\":\"landscape\"},\"medium\":{\"height\":200,\"width\":300,\"url\":\"https:\/\/www.lepoglava.hr\/festival-cipke\/wp-content\/uploads\/2022\/09\/dani_eu_bastine_mfc_03-300x200.webp\",\"orientation\":\"landscape\"},\"full\":{\"url\":\"https:\/\/www.lepoglava.hr\/festival-cipke\/wp-content\/uploads\/2022\/09\/dani_eu_bastine_mfc_03.webp\",\"height\":426,\"width\":640,\"orientation\":\"landscape\"}},\"meta\":false,\"postlink\":\"https:\/\/www.lepoglava.hr\/festival-cipke\/u-okviru-26-medunarodnog-festivala-cipke-odrzani-dani-europske-bastine\/dani_eu_bastine_mfc_03\/\"},{\"id\":2592,\"title\":\"dani_eu_bastine_mfc_10\",\"url\":\"https:\/\/www.lepoglava.hr\/festival-cipke\/wp-content\/uploads\/2022\/09\/dani_eu_bastine_mfc_10.webp\",\"link\":\"https:\/\/www.lepoglava.hr\/festival-cipke\/u-okviru-26-medunarodnog-festivala-cipke-odrzani-dani-europske-bastine\/dani_eu_bastine_mfc_10\/\",\"alt\":\"\",\"description\":\"\",\"caption\":\"\",\"mime\":\"image\/webp\",\"type\":\"image\",\"width\":640,\"height\":426,\"sizes\":{\"thumbnail\":{\"height\":150,\"width\":150,\"url\":\"https:\/\/www.lepoglava.hr\/festival-cipke\/wp-content\/uploads\/2022\/09\/dani_eu_bastine_mfc_10-150x150.webp\",\"orientation\":\"landscape\"},\"medium\":{\"height\":200,\"width\":300,\"url\":\"https:\/\/www.lepoglava.hr\/festival-cipke\/wp-content\/uploads\/2022\/09\/dani_eu_bastine_mfc_10-300x200.webp\",\"orientation\":\"landscape\"},\"full\":{\"url\":\"https:\/\/www.lepoglava.hr\/festival-cipke\/wp-content\/uploads\/2022\/09\/dani_eu_bastine_mfc_10.webp\",\"height\":426,\"width\":640,\"orientation\":\"landscape\"}},\"meta\":false,\"postlink\":\"https:\/\/www.lepoglava.hr\/festival-cipke\/u-okviru-26-medunarodnog-festivala-cipke-odrzani-dani-europske-bastine\/dani_eu_bastine_mfc_10\/\"},{\"id\":2593,\"title\":\"dani_eu_bastine_mfc_01\",\"url\":\"https:\/\/www.lepoglava.hr\/festival-cipke\/wp-content\/uploads\/2022\/09\/dani_eu_bastine_mfc_01.webp\",\"link\":\"https:\/\/www.lepoglava.hr\/festival-cipke\/u-okviru-26-medunarodnog-festivala-cipke-odrzani-dani-europske-bastine\/dani_eu_bastine_mfc_01\/\",\"alt\":\"\",\"description\":\"\",\"caption\":\"\",\"mime\":\"image\/webp\",\"type\":\"image\",\"width\":426,\"height\":640,\"sizes\":{\"thumbnail\":{\"height\":150,\"width\":150,\"url\":\"https:\/\/www.lepoglava.hr\/festival-cipke\/wp-content\/uploads\/2022\/09\/dani_eu_bastine_mfc_01-150x150.webp\",\"orientation\":\"landscape\"},\"medium\":{\"height\":300,\"width\":200,\"url\":\"https:\/\/www.lepoglava.hr\/festival-cipke\/wp-content\/uploads\/2022\/09\/dani_eu_bastine_mfc_01-200x300.webp\",\"orientation\":\"portrait\"},\"full\":{\"url\":\"https:\/\/www.lepoglava.hr\/festival-cipke\/wp-content\/uploads\/2022\/09\/dani_eu_bastine_mfc_01.webp\",\"height\":640,\"width\":426,\"orientation\":\"portrait\"}},\"meta\":false,\"postlink\":\"https:\/\/www.lepoglava.hr\/festival-cipke\/u-okviru-26-medunarodnog-festivala-cipke-odrzani-dani-europske-bastine\/dani_eu_bastine_mfc_01\/\"}],\"itemsMetaDataCollection\":[],\"galleryTagsList\":[],\"galleryTagsListSrc\":[]}<\/script><script>(function(){if(window.PGC_SGB && window.PGC_SGB.searcher){window.PGC_SGB.searcher.initBlocks()}})()<\/script><\/div>\n\n\n<div style=\"height:50px\" aria-hidden=\"true\" class=\"wp-block-spacer\"><\/div>\n\n\n\n<p>I ove su godine, za vrijeme trajanja Me\u0111unarodnog festivala \u010dipke u Lepoglavi, odr\u017eani Dani europske ba\u0161tine. Rije\u010d je o dijelu festivalskog programa ispunjenog radionicama i predavanjima na kojima se u\u010di i raspravlja o va\u017enosti ba\u0161tine i njenoj odr\u017eivosti.<br>&#8220;Dani europske ba\u0161tine zajedni\u010dkom temom &#8211; odr\u017eivost ba\u0161tine, poku\u0161avaju osvijestiti ljude o va\u017enosti kulturne ba\u0161tine u formiranju nacionalnog identiteta.&#8221;, pojasnila je Mirjana Posavec, voditeljica programa.<br>U stru\u010dnom dijelu programa odr\u017eano je predavanje o apliciranju elemenata kulturne ba\u0161tine na ukrasne i uporabne predmete. Primjere aplikacije na odjevne premete sudionici predavanja imali su prigode vidjeti tijekom modne revije u\u010denica 4. razreda Srednje strukovne \u0161kole Vara\u017edin koje su predstavile aplikaciju \u010dipke na odjevne predmete koje su same osmislile, izradile i predstavile nose\u0107i ih tijekom modne revije.<br>Uz predavanja, odr\u017eane su radionice preno\u0161enja vje\u0161tina i znanja zainteresiranima. Odr\u017eane su radionice izrade logo\u017eara, torbi od pletenih traka, cvije\u0107a od krep papira i lepoglavske \u010dipke.<br>&#8220;Cilj radionica je da se prenesu znanje i vje\u0161tine na osobe koje \u0107e ih prenositi dalje i kvalitetno primijeniti.&#8221;, pojasnila je Mirjana Posavec istaknuv\u0161i da na radionicama u velikoj mjeri sudjelovali u\u010ditelji koji \u0107e ste\u010deno znanje dalje prenositi u radu s u\u010denicima \u0161to je va\u017ean korak u o\u010duvanju ba\u0161tine.<\/p>\n","protected":false},"excerpt":{"rendered":"<p>I ove su godine, za vrijeme trajanja Me\u0111unarodnog festivala \u010dipke u Lepoglavi, odr\u017eani Dani europske ba\u0161tine. Rije\u010d je o dijelu &hellip;<\/p>\n<p class=\"read-more\"> <a class=\"\" href=\"https:\/\/www.lepoglava.hr\/festival-cipke\/u-okviru-26-medunarodnog-festivala-cipke-odrzani-dani-europske-bastine\/\"> <span class=\"screen-reader-text\">U okviru 26. Me\u0111unarodnog festivala c\u030cipke odrz\u030cani Dani europske bas\u030ctine<\/span> Vi\u0161e \u00bb<\/a><\/p>\n","protected":false},"author":4,"featured_media":2591,"comment_status":"closed","ping_status":"open","sticky":false,"template":"","format":"standard","meta":{"site-sidebar-layout":"default","site-content-layout":"default","ast-global-header-display":"","ast-banner-title-visibility":"","ast-main-header-display":"","ast-hfb-above-header-display":"","ast-hfb-below-header-display":"","ast-hfb-mobile-header-display":"","site-post-title":"","ast-breadcrumbs-content":"","ast-featured-img":"disabled","footer-sml-layout":"","theme-transparent-header-meta":"","adv-header-id-meta":"","stick-header-meta":"","header-above-stick-meta":"","header-main-stick-meta":"","header-below-stick-meta":"","pgc_sgb_lightbox_settings":""},"categories":[3],"tags":[],"yoast_head":"<!-- This site is optimized with the Yoast SEO plugin v20.11 - https:\/\/yoast.com\/wordpress\/plugins\/seo\/ -->\n<title>U okviru 26. Me\u0111unarodnog festivala c\u030cipke odrz\u030cani Dani europske bas\u030ctine - 29. me\u0111unarodni festival \u010dipke<\/title>\n<meta name=\"robots\" content=\"index, follow, max-snippet:-1, max-image-preview:large, max-video-preview:-1\" \/>\n<link rel=\"canonical\" href=\"https:\/\/www.lepoglava.hr\/festival-cipke\/u-okviru-26-medunarodnog-festivala-cipke-odrzani-dani-europske-bastine\/\" \/>\n<meta property=\"og:locale\" content=\"hr_HR\" \/>\n<meta property=\"og:type\" content=\"article\" \/>\n<meta property=\"og:title\" content=\"U okviru 26. Me\u0111unarodnog festivala c\u030cipke odrz\u030cani Dani europske bas\u030ctine - 29. me\u0111unarodni festival \u010dipke\" \/>\n<meta property=\"og:description\" content=\"I ove su godine, za vrijeme trajanja Me\u0111unarodnog festivala \u010dipke u Lepoglavi, odr\u017eani Dani europske ba\u0161tine. Rije\u010d je o dijelu &hellip; U okviru 26. Me\u0111unarodnog festivala c\u030cipke odrz\u030cani Dani europske bas\u030ctine Vi\u0161e \u00bb\" \/>\n<meta property=\"og:url\" content=\"https:\/\/www.lepoglava.hr\/festival-cipke\/u-okviru-26-medunarodnog-festivala-cipke-odrzani-dani-europske-bastine\/\" \/>\n<meta property=\"og:site_name\" content=\"29. me\u0111unarodni festival \u010dipke\" \/>\n<meta property=\"article:published_time\" content=\"2022-09-12T23:18:00+00:00\" \/>\n<meta property=\"article:modified_time\" content=\"2022-09-14T19:22:47+00:00\" \/>\n<meta property=\"og:image\" content=\"https:\/\/www.lepoglava.hr\/festival-cipke\/wp-content\/uploads\/2022\/09\/dani_eu_bastine_mfc_03.webp\" \/>\n\t<meta property=\"og:image:width\" content=\"640\" \/>\n\t<meta property=\"og:image:height\" content=\"426\" \/>\n\t<meta property=\"og:image:type\" content=\"image\/webp\" \/>\n<meta name=\"author\" content=\"zgrubisa\" \/>\n<meta name=\"twitter:card\" content=\"summary_large_image\" \/>\n<meta name=\"twitter:label1\" content=\"Napisao\/la\" \/>\n\t<meta name=\"twitter:data1\" content=\"zgrubisa\" \/>\n\t<meta name=\"twitter:label2\" content=\"Procijenjeno vrijeme \u010ditanja\" \/>\n\t<meta name=\"twitter:data2\" content=\"4 minute\" \/>\n<script type=\"application\/ld+json\" class=\"yoast-schema-graph\">{\"@context\":\"https:\/\/schema.org\",\"@graph\":[{\"@type\":\"Article\",\"@id\":\"https:\/\/www.lepoglava.hr\/festival-cipke\/u-okviru-26-medunarodnog-festivala-cipke-odrzani-dani-europske-bastine\/#article\",\"isPartOf\":{\"@id\":\"https:\/\/www.lepoglava.hr\/festival-cipke\/u-okviru-26-medunarodnog-festivala-cipke-odrzani-dani-europske-bastine\/\"},\"author\":{\"name\":\"zgrubisa\",\"@id\":\"https:\/\/www.lepoglava.hr\/festival-cipke\/#\/schema\/person\/d67f6fec2e7e80fcac8a8597f3e676b9\"},\"headline\":\"U okviru 26. Me\u0111unarodnog festivala c\u030cipke odrz\u030cani Dani europske bas\u030ctine\",\"datePublished\":\"2022-09-12T23:18:00+00:00\",\"dateModified\":\"2022-09-14T19:22:47+00:00\",\"mainEntityOfPage\":{\"@id\":\"https:\/\/www.lepoglava.hr\/festival-cipke\/u-okviru-26-medunarodnog-festivala-cipke-odrzani-dani-europske-bastine\/\"},\"wordCount\":242,\"publisher\":{\"@id\":\"https:\/\/www.lepoglava.hr\/festival-cipke\/#organization\"},\"articleSection\":[\"Novosti\"],\"inLanguage\":\"hr\"},{\"@type\":\"WebPage\",\"@id\":\"https:\/\/www.lepoglava.hr\/festival-cipke\/u-okviru-26-medunarodnog-festivala-cipke-odrzani-dani-europske-bastine\/\",\"url\":\"https:\/\/www.lepoglava.hr\/festival-cipke\/u-okviru-26-medunarodnog-festivala-cipke-odrzani-dani-europske-bastine\/\",\"name\":\"U okviru 26. Me\u0111unarodnog festivala c\u030cipke odrz\u030cani Dani europske bas\u030ctine - 29. me\u0111unarodni festival \u010dipke\",\"isPartOf\":{\"@id\":\"https:\/\/www.lepoglava.hr\/festival-cipke\/#website\"},\"datePublished\":\"2022-09-12T23:18:00+00:00\",\"dateModified\":\"2022-09-14T19:22:47+00:00\",\"breadcrumb\":{\"@id\":\"https:\/\/www.lepoglava.hr\/festival-cipke\/u-okviru-26-medunarodnog-festivala-cipke-odrzani-dani-europske-bastine\/#breadcrumb\"},\"inLanguage\":\"hr\",\"potentialAction\":[{\"@type\":\"ReadAction\",\"target\":[\"https:\/\/www.lepoglava.hr\/festival-cipke\/u-okviru-26-medunarodnog-festivala-cipke-odrzani-dani-europske-bastine\/\"]}]},{\"@type\":\"BreadcrumbList\",\"@id\":\"https:\/\/www.lepoglava.hr\/festival-cipke\/u-okviru-26-medunarodnog-festivala-cipke-odrzani-dani-europske-bastine\/#breadcrumb\",\"itemListElement\":[{\"@type\":\"ListItem\",\"position\":1,\"name\":\"Po\u010detna stranica\",\"item\":\"https:\/\/www.lepoglava.hr\/festival-cipke\/\"},{\"@type\":\"ListItem\",\"position\":2,\"name\":\"U okviru 26. Me\u0111unarodnog festivala c\u030cipke odrz\u030cani Dani europske bas\u030ctine\"}]},{\"@type\":\"WebSite\",\"@id\":\"https:\/\/www.lepoglava.hr\/festival-cipke\/#website\",\"url\":\"https:\/\/www.lepoglava.hr\/festival-cipke\/\",\"name\":\"29. me\u0111unarodni festival \u010dipke\",\"description\":\"29. me\u0111unarodni festival \u010dipke - Lepoglava\",\"publisher\":{\"@id\":\"https:\/\/www.lepoglava.hr\/festival-cipke\/#organization\"},\"potentialAction\":[{\"@type\":\"SearchAction\",\"target\":{\"@type\":\"EntryPoint\",\"urlTemplate\":\"https:\/\/www.lepoglava.hr\/festival-cipke\/?s={search_term_string}\"},\"query-input\":\"required name=search_term_string\"}],\"inLanguage\":\"hr\"},{\"@type\":\"Organization\",\"@id\":\"https:\/\/www.lepoglava.hr\/festival-cipke\/#organization\",\"name\":\"Grad Lepoglava\",\"url\":\"https:\/\/www.lepoglava.hr\/festival-cipke\/\",\"logo\":{\"@type\":\"ImageObject\",\"inLanguage\":\"hr\",\"@id\":\"https:\/\/www.lepoglava.hr\/festival-cipke\/#\/schema\/logo\/image\/\",\"url\":\"https:\/\/www.lepoglava.hr\/festival-cipke\/wp-content\/uploads\/2020\/08\/lepoglava-logo.png\",\"contentUrl\":\"https:\/\/www.lepoglava.hr\/festival-cipke\/wp-content\/uploads\/2020\/08\/lepoglava-logo.png\",\"width\":202,\"height\":58,\"caption\":\"Grad Lepoglava\"},\"image\":{\"@id\":\"https:\/\/www.lepoglava.hr\/festival-cipke\/#\/schema\/logo\/image\/\"}},{\"@type\":\"Person\",\"@id\":\"https:\/\/www.lepoglava.hr\/festival-cipke\/#\/schema\/person\/d67f6fec2e7e80fcac8a8597f3e676b9\",\"name\":\"zgrubisa\"}]}<\/script>\n<!-- \/ Yoast SEO plugin. -->","yoast_head_json":{"title":"U okviru 26. Me\u0111unarodnog festivala c\u030cipke odrz\u030cani Dani europske bas\u030ctine - 29. me\u0111unarodni festival \u010dipke","robots":{"index":"index","follow":"follow","max-snippet":"max-snippet:-1","max-image-preview":"max-image-preview:large","max-video-preview":"max-video-preview:-1"},"canonical":"https:\/\/www.lepoglava.hr\/festival-cipke\/u-okviru-26-medunarodnog-festivala-cipke-odrzani-dani-europske-bastine\/","og_locale":"hr_HR","og_type":"article","og_title":"U okviru 26. Me\u0111unarodnog festivala c\u030cipke odrz\u030cani Dani europske bas\u030ctine - 29. me\u0111unarodni festival \u010dipke","og_description":"I ove su godine, za vrijeme trajanja Me\u0111unarodnog festivala \u010dipke u Lepoglavi, odr\u017eani Dani europske ba\u0161tine. Rije\u010d je o dijelu &hellip; U okviru 26. Me\u0111unarodnog festivala c\u030cipke odrz\u030cani Dani europske bas\u030ctine Vi\u0161e \u00bb","og_url":"https:\/\/www.lepoglava.hr\/festival-cipke\/u-okviru-26-medunarodnog-festivala-cipke-odrzani-dani-europske-bastine\/","og_site_name":"29. me\u0111unarodni festival \u010dipke","article_published_time":"2022-09-12T23:18:00+00:00","article_modified_time":"2022-09-14T19:22:47+00:00","og_image":[{"width":640,"height":426,"url":"https:\/\/www.lepoglava.hr\/festival-cipke\/wp-content\/uploads\/2022\/09\/dani_eu_bastine_mfc_03.webp","type":"image\/webp"}],"author":"zgrubisa","twitter_card":"summary_large_image","twitter_misc":{"Napisao\/la":"zgrubisa","Procijenjeno vrijeme \u010ditanja":"4 minute"},"schema":{"@context":"https:\/\/schema.org","@graph":[{"@type":"Article","@id":"https:\/\/www.lepoglava.hr\/festival-cipke\/u-okviru-26-medunarodnog-festivala-cipke-odrzani-dani-europske-bastine\/#article","isPartOf":{"@id":"https:\/\/www.lepoglava.hr\/festival-cipke\/u-okviru-26-medunarodnog-festivala-cipke-odrzani-dani-europske-bastine\/"},"author":{"name":"zgrubisa","@id":"https:\/\/www.lepoglava.hr\/festival-cipke\/#\/schema\/person\/d67f6fec2e7e80fcac8a8597f3e676b9"},"headline":"U okviru 26. Me\u0111unarodnog festivala c\u030cipke odrz\u030cani Dani europske bas\u030ctine","datePublished":"2022-09-12T23:18:00+00:00","dateModified":"2022-09-14T19:22:47+00:00","mainEntityOfPage":{"@id":"https:\/\/www.lepoglava.hr\/festival-cipke\/u-okviru-26-medunarodnog-festivala-cipke-odrzani-dani-europske-bastine\/"},"wordCount":242,"publisher":{"@id":"https:\/\/www.lepoglava.hr\/festival-cipke\/#organization"},"articleSection":["Novosti"],"inLanguage":"hr"},{"@type":"WebPage","@id":"https:\/\/www.lepoglava.hr\/festival-cipke\/u-okviru-26-medunarodnog-festivala-cipke-odrzani-dani-europske-bastine\/","url":"https:\/\/www.lepoglava.hr\/festival-cipke\/u-okviru-26-medunarodnog-festivala-cipke-odrzani-dani-europske-bastine\/","name":"U okviru 26. Me\u0111unarodnog festivala c\u030cipke odrz\u030cani Dani europske bas\u030ctine - 29. me\u0111unarodni festival \u010dipke","isPartOf":{"@id":"https:\/\/www.lepoglava.hr\/festival-cipke\/#website"},"datePublished":"2022-09-12T23:18:00+00:00","dateModified":"2022-09-14T19:22:47+00:00","breadcrumb":{"@id":"https:\/\/www.lepoglava.hr\/festival-cipke\/u-okviru-26-medunarodnog-festivala-cipke-odrzani-dani-europske-bastine\/#breadcrumb"},"inLanguage":"hr","potentialAction":[{"@type":"ReadAction","target":["https:\/\/www.lepoglava.hr\/festival-cipke\/u-okviru-26-medunarodnog-festivala-cipke-odrzani-dani-europske-bastine\/"]}]},{"@type":"BreadcrumbList","@id":"https:\/\/www.lepoglava.hr\/festival-cipke\/u-okviru-26-medunarodnog-festivala-cipke-odrzani-dani-europske-bastine\/#breadcrumb","itemListElement":[{"@type":"ListItem","position":1,"name":"Po\u010detna stranica","item":"https:\/\/www.lepoglava.hr\/festival-cipke\/"},{"@type":"ListItem","position":2,"name":"U okviru 26. Me\u0111unarodnog festivala c\u030cipke odrz\u030cani Dani europske bas\u030ctine"}]},{"@type":"WebSite","@id":"https:\/\/www.lepoglava.hr\/festival-cipke\/#website","url":"https:\/\/www.lepoglava.hr\/festival-cipke\/","name":"29. me\u0111unarodni festival \u010dipke","description":"29. me\u0111unarodni festival \u010dipke - Lepoglava","publisher":{"@id":"https:\/\/www.lepoglava.hr\/festival-cipke\/#organization"},"potentialAction":[{"@type":"SearchAction","target":{"@type":"EntryPoint","urlTemplate":"https:\/\/www.lepoglava.hr\/festival-cipke\/?s={search_term_string}"},"query-input":"required name=search_term_string"}],"inLanguage":"hr"},{"@type":"Organization","@id":"https:\/\/www.lepoglava.hr\/festival-cipke\/#organization","name":"Grad Lepoglava","url":"https:\/\/www.lepoglava.hr\/festival-cipke\/","logo":{"@type":"ImageObject","inLanguage":"hr","@id":"https:\/\/www.lepoglava.hr\/festival-cipke\/#\/schema\/logo\/image\/","url":"https:\/\/www.lepoglava.hr\/festival-cipke\/wp-content\/uploads\/2020\/08\/lepoglava-logo.png","contentUrl":"https:\/\/www.lepoglava.hr\/festival-cipke\/wp-content\/uploads\/2020\/08\/lepoglava-logo.png","width":202,"height":58,"caption":"Grad Lepoglava"},"image":{"@id":"https:\/\/www.lepoglava.hr\/festival-cipke\/#\/schema\/logo\/image\/"}},{"@type":"Person","@id":"https:\/\/www.lepoglava.hr\/festival-cipke\/#\/schema\/person\/d67f6fec2e7e80fcac8a8597f3e676b9","name":"zgrubisa"}]}},"_links":{"self":[{"href":"https:\/\/www.lepoglava.hr\/festival-cipke\/wp-json\/wp\/v2\/posts\/2580"}],"collection":[{"href":"https:\/\/www.lepoglava.hr\/festival-cipke\/wp-json\/wp\/v2\/posts"}],"about":[{"href":"https:\/\/www.lepoglava.hr\/festival-cipke\/wp-json\/wp\/v2\/types\/post"}],"author":[{"embeddable":true,"href":"https:\/\/www.lepoglava.hr\/festival-cipke\/wp-json\/wp\/v2\/users\/4"}],"replies":[{"embeddable":true,"href":"https:\/\/www.lepoglava.hr\/festival-cipke\/wp-json\/wp\/v2\/comments?post=2580"}],"version-history":[{"count":3,"href":"https:\/\/www.lepoglava.hr\/festival-cipke\/wp-json\/wp\/v2\/posts\/2580\/revisions"}],"predecessor-version":[{"id":2595,"href":"https:\/\/www.lepoglava.hr\/festival-cipke\/wp-json\/wp\/v2\/posts\/2580\/revisions\/2595"}],"wp:featuredmedia":[{"embeddable":true,"href":"https:\/\/www.lepoglava.hr\/festival-cipke\/wp-json\/wp\/v2\/media\/2591"}],"wp:attachment":[{"href":"https:\/\/www.lepoglava.hr\/festival-cipke\/wp-json\/wp\/v2\/media?parent=2580"}],"wp:term":[{"taxonomy":"category","embeddable":true,"href":"https:\/\/www.lepoglava.hr\/festival-cipke\/wp-json\/wp\/v2\/categories?post=2580"},{"taxonomy":"post_tag","embeddable":true,"href":"https:\/\/www.lepoglava.hr\/festival-cipke\/wp-json\/wp\/v2\/tags?post=2580"}],"curies":[{"name":"wp","href":"https:\/\/api.w.org\/{rel}","templated":true}]}}