{"id":2750,"date":"2023-09-12T14:34:05","date_gmt":"2023-09-12T14:34:05","guid":{"rendered":"https:\/\/www.lepoglava.hr\/festival-cipke\/?p=2750"},"modified":"2023-09-12T14:34:07","modified_gmt":"2023-09-12T14:34:07","slug":"filatelisticka-izlozba-postanski-zig-i-dopisnica-uz-27-medunarodni-festival-cipke","status":"publish","type":"post","link":"https:\/\/www.lepoglava.hr\/festival-cipke\/filatelisticka-izlozba-postanski-zig-i-dopisnica-uz-27-medunarodni-festival-cipke\/","title":{"rendered":"Filatelisti\u010dka izlo\u017eba, po\u0161tanski \u017eig i dopisnica uz 27. Me\u0111unarodni festival \u010dipke"},"content":{"rendered":"\n<p><strong>Suradnja Hrvatske po\u0161te i Me\u0111unarodnog festivala \u010dipke Lepoglava se nastavlja i ove godine, pa \u0107e tradicionalno uz izlo\u017ebe \u010dipki biti uprili\u010dena i prigodna filatelisti\u010dka izlo\u017eba. <\/strong><strong>I<\/strong><strong>zlo\u017eba <\/strong><strong>&#8220;Lepoglavski festivali&#8221;<\/strong><strong>, \u010diji postav potpisuje Milan Pavlekovi\u0107, predsjednik Vara\u017edinskog kolekcionarskog dru\u0161tva <\/strong><strong>bit \u0107e otvorena u petak, 15. rujna, u 17 sati i 30 minuta u <\/strong><strong>P<\/strong><strong>avlinskom samostanu.<\/strong><\/p>\n\n\n\n<p>U ovu lijepu pri\u010du ove su se godine uklju\u010dili i dje\u010dji vrti\u0107i i \u0161kole s lepoglavskog podru\u010dja, pa \u0107e publika mo\u0107i vidjeti i crte\u017ee najmla\u0111ih posjetitelja festivala koji su nacrtali \u0161to za njih zna\u010di lepoglavska \u010dipka ali i po\u0161tanska marka. Uz to, povodom ovogodi\u0161njeg festivala izdana je i prigodna dopisnica na kojoj se nalaze idrijska i lepoglavska \u010dipka, pa \u0107e ih djeca mo\u0107i obojati, a zatim i ovjeriti po\u0161tanskim \u017eigom.<\/p>\n\n\n\n<p>Na otvorenju izlo\u017ebe \u0107e biti postavljen i po\u0161tanski sandu\u010di\u0107, a tu \u0107e biti i &#8211; po\u0161tar, pa \u0107e svi posjetitelji mo\u0107i s festivala poslati svoje razglednice, dopisnice ili pisma.<\/p>\n\n\n\n<p>\u017dig \u0107e izraditi Hrvatska po\u0161ta, a u opticaju \u0107e biti samo 15. rujna 2023. godine, u po\u0161tanskom uredu 42 250 Lepoglava.<\/p>\n\n\n\n<p>Toga dana prigodnim po\u0161tanskim \u017eigom, koji \u0107e imati svoju pri\u010du i poslanje, pe\u010datit \u0107e se sve odlazne po\u0161iljke, a nakon toga \u017eig \u0107e trajno biti pohranjen u muzeju Hrvatske po\u0161te.<\/p>\n\n\n\n<p>&#8211; Svaka pe\u010da\u0107ena po\u0161iljka bit \u0107e svojevrsni unikat kolekcionarske vrijednosti, stoga su pozvani svi gra\u0111ani, pogotovo filatelisti, kolekcionari da tog dana po\u0161alju razglednicu, pismo ili dopisnicu &#8211; poru\u010dili su iz Grada Lepoglave i Vara\u017edinskog kluba kolekcionara.<\/p>\n","protected":false},"excerpt":{"rendered":"<p>Suradnja Hrvatske po\u0161te i Me\u0111unarodnog festivala \u010dipke Lepoglava se nastavlja i ove godine, pa \u0107e tradicionalno uz izlo\u017ebe \u010dipki biti &hellip;<\/p>\n<p class=\"read-more\"> <a class=\"\" href=\"https:\/\/www.lepoglava.hr\/festival-cipke\/filatelisticka-izlozba-postanski-zig-i-dopisnica-uz-27-medunarodni-festival-cipke\/\"> <span class=\"screen-reader-text\">Filatelisti\u010dka izlo\u017eba, po\u0161tanski \u017eig i dopisnica uz 27. Me\u0111unarodni festival \u010dipke<\/span> Vi\u0161e \u00bb<\/a><\/p>\n","protected":false},"author":5,"featured_media":2752,"comment_status":"closed","ping_status":"open","sticky":false,"template":"","format":"standard","meta":{"site-sidebar-layout":"default","site-content-layout":"default","ast-global-header-display":"","ast-banner-title-visibility":"","ast-main-header-display":"","ast-hfb-above-header-display":"","ast-hfb-below-header-display":"","ast-hfb-mobile-header-display":"","site-post-title":"","ast-breadcrumbs-content":"","ast-featured-img":"","footer-sml-layout":"","theme-transparent-header-meta":"","adv-header-id-meta":"","stick-header-meta":"","header-above-stick-meta":"","header-main-stick-meta":"","header-below-stick-meta":"","pgc_sgb_lightbox_settings":""},"categories":[3],"tags":[12,30,33],"yoast_head":"<!-- This site is optimized with the Yoast SEO plugin v20.11 - https:\/\/yoast.com\/wordpress\/plugins\/seo\/ -->\n<title>Filatelisti\u010dka izlo\u017eba, po\u0161tanski \u017eig i dopisnica uz 27. Me\u0111unarodni festival \u010dipke - 29. me\u0111unarodni festival \u010dipke<\/title>\n<meta name=\"description\" content=\"Suradnja Hrvatske po\u0161te i Me\u0111unarodnog festivala \u010dipke Lepoglava se nastavlja i ove godine, pa \u0107e tradicionalno uz izlo\u017ebe \u010dipki biti uprili\u010dena i prigodna filatelisti\u010dka izlo\u017eba. Izlo\u017eba &quot;Lepoglavski festivali&quot;, \u010diji postav potpisuje Milan Pavlekovi\u0107\" \/>\n<meta name=\"robots\" content=\"index, follow, max-snippet:-1, max-image-preview:large, max-video-preview:-1\" \/>\n<link rel=\"canonical\" href=\"https:\/\/www.lepoglava.hr\/festival-cipke\/filatelisticka-izlozba-postanski-zig-i-dopisnica-uz-27-medunarodni-festival-cipke\/\" \/>\n<meta property=\"og:locale\" content=\"hr_HR\" \/>\n<meta property=\"og:type\" content=\"article\" \/>\n<meta property=\"og:title\" content=\"Filatelisti\u010dka izlo\u017eba, po\u0161tanski \u017eig i dopisnica uz 27. Me\u0111unarodni festival \u010dipke - 29. me\u0111unarodni festival \u010dipke\" \/>\n<meta property=\"og:description\" content=\"Suradnja Hrvatske po\u0161te i Me\u0111unarodnog festivala \u010dipke Lepoglava se nastavlja i ove godine, pa \u0107e tradicionalno uz izlo\u017ebe \u010dipki biti uprili\u010dena i prigodna filatelisti\u010dka izlo\u017eba. Izlo\u017eba &quot;Lepoglavski festivali&quot;, \u010diji postav potpisuje Milan Pavlekovi\u0107\" \/>\n<meta property=\"og:url\" content=\"https:\/\/www.lepoglava.hr\/festival-cipke\/filatelisticka-izlozba-postanski-zig-i-dopisnica-uz-27-medunarodni-festival-cipke\/\" \/>\n<meta property=\"og:site_name\" content=\"29. me\u0111unarodni festival \u010dipke\" \/>\n<meta property=\"article:published_time\" content=\"2023-09-12T14:34:05+00:00\" \/>\n<meta property=\"article:modified_time\" content=\"2023-09-12T14:34:07+00:00\" \/>\n<meta property=\"og:image\" content=\"https:\/\/www.lepoglava.hr\/festival-cipke\/wp-content\/uploads\/2023\/09\/viber_slika_2023-09-12_07-24-56-240.jpg\" \/>\n\t<meta property=\"og:image:width\" content=\"1600\" \/>\n\t<meta property=\"og:image:height\" content=\"900\" \/>\n\t<meta property=\"og:image:type\" content=\"image\/jpeg\" \/>\n<meta name=\"author\" content=\"ulimarus\" \/>\n<meta name=\"twitter:card\" content=\"summary_large_image\" \/>\n<meta name=\"twitter:label1\" content=\"Napisao\/la\" \/>\n\t<meta name=\"twitter:data1\" content=\"ulimarus\" \/>\n\t<meta name=\"twitter:label2\" content=\"Procijenjeno vrijeme \u010ditanja\" \/>\n\t<meta name=\"twitter:data2\" content=\"2 minute\" \/>\n<script type=\"application\/ld+json\" class=\"yoast-schema-graph\">{\"@context\":\"https:\/\/schema.org\",\"@graph\":[{\"@type\":\"Article\",\"@id\":\"https:\/\/www.lepoglava.hr\/festival-cipke\/filatelisticka-izlozba-postanski-zig-i-dopisnica-uz-27-medunarodni-festival-cipke\/#article\",\"isPartOf\":{\"@id\":\"https:\/\/www.lepoglava.hr\/festival-cipke\/filatelisticka-izlozba-postanski-zig-i-dopisnica-uz-27-medunarodni-festival-cipke\/\"},\"author\":{\"name\":\"ulimarus\",\"@id\":\"https:\/\/www.lepoglava.hr\/festival-cipke\/#\/schema\/person\/afb90b44ec6c12f33e98a7f5c6c611e1\"},\"headline\":\"Filatelisti\u010dka izlo\u017eba, po\u0161tanski \u017eig i dopisnica uz 27. Me\u0111unarodni festival \u010dipke\",\"datePublished\":\"2023-09-12T14:34:05+00:00\",\"dateModified\":\"2023-09-12T14:34:07+00:00\",\"mainEntityOfPage\":{\"@id\":\"https:\/\/www.lepoglava.hr\/festival-cipke\/filatelisticka-izlozba-postanski-zig-i-dopisnica-uz-27-medunarodni-festival-cipke\/\"},\"wordCount\":289,\"publisher\":{\"@id\":\"https:\/\/www.lepoglava.hr\/festival-cipke\/#organization\"},\"keywords\":[\"\u010dipka\",\"Festival 2023\",\"po\u0161ta\"],\"articleSection\":[\"Novosti\"],\"inLanguage\":\"hr\"},{\"@type\":\"WebPage\",\"@id\":\"https:\/\/www.lepoglava.hr\/festival-cipke\/filatelisticka-izlozba-postanski-zig-i-dopisnica-uz-27-medunarodni-festival-cipke\/\",\"url\":\"https:\/\/www.lepoglava.hr\/festival-cipke\/filatelisticka-izlozba-postanski-zig-i-dopisnica-uz-27-medunarodni-festival-cipke\/\",\"name\":\"Filatelisti\u010dka izlo\u017eba, po\u0161tanski \u017eig i dopisnica uz 27. Me\u0111unarodni festival \u010dipke - 29. me\u0111unarodni festival \u010dipke\",\"isPartOf\":{\"@id\":\"https:\/\/www.lepoglava.hr\/festival-cipke\/#website\"},\"datePublished\":\"2023-09-12T14:34:05+00:00\",\"dateModified\":\"2023-09-12T14:34:07+00:00\",\"description\":\"Suradnja Hrvatske po\u0161te i Me\u0111unarodnog festivala \u010dipke Lepoglava se nastavlja i ove godine, pa \u0107e tradicionalno uz izlo\u017ebe \u010dipki biti uprili\u010dena i prigodna filatelisti\u010dka izlo\u017eba. Izlo\u017eba \\\"Lepoglavski festivali\\\", \u010diji postav potpisuje Milan Pavlekovi\u0107\",\"breadcrumb\":{\"@id\":\"https:\/\/www.lepoglava.hr\/festival-cipke\/filatelisticka-izlozba-postanski-zig-i-dopisnica-uz-27-medunarodni-festival-cipke\/#breadcrumb\"},\"inLanguage\":\"hr\",\"potentialAction\":[{\"@type\":\"ReadAction\",\"target\":[\"https:\/\/www.lepoglava.hr\/festival-cipke\/filatelisticka-izlozba-postanski-zig-i-dopisnica-uz-27-medunarodni-festival-cipke\/\"]}]},{\"@type\":\"BreadcrumbList\",\"@id\":\"https:\/\/www.lepoglava.hr\/festival-cipke\/filatelisticka-izlozba-postanski-zig-i-dopisnica-uz-27-medunarodni-festival-cipke\/#breadcrumb\",\"itemListElement\":[{\"@type\":\"ListItem\",\"position\":1,\"name\":\"Po\u010detna stranica\",\"item\":\"https:\/\/www.lepoglava.hr\/festival-cipke\/\"},{\"@type\":\"ListItem\",\"position\":2,\"name\":\"Filatelisti\u010dka izlo\u017eba, po\u0161tanski \u017eig i dopisnica uz 27. Me\u0111unarodni festival \u010dipke\"}]},{\"@type\":\"WebSite\",\"@id\":\"https:\/\/www.lepoglava.hr\/festival-cipke\/#website\",\"url\":\"https:\/\/www.lepoglava.hr\/festival-cipke\/\",\"name\":\"29. me\u0111unarodni festival \u010dipke\",\"description\":\"29. me\u0111unarodni festival \u010dipke - Lepoglava\",\"publisher\":{\"@id\":\"https:\/\/www.lepoglava.hr\/festival-cipke\/#organization\"},\"potentialAction\":[{\"@type\":\"SearchAction\",\"target\":{\"@type\":\"EntryPoint\",\"urlTemplate\":\"https:\/\/www.lepoglava.hr\/festival-cipke\/?s={search_term_string}\"},\"query-input\":\"required name=search_term_string\"}],\"inLanguage\":\"hr\"},{\"@type\":\"Organization\",\"@id\":\"https:\/\/www.lepoglava.hr\/festival-cipke\/#organization\",\"name\":\"Grad Lepoglava\",\"url\":\"https:\/\/www.lepoglava.hr\/festival-cipke\/\",\"logo\":{\"@type\":\"ImageObject\",\"inLanguage\":\"hr\",\"@id\":\"https:\/\/www.lepoglava.hr\/festival-cipke\/#\/schema\/logo\/image\/\",\"url\":\"https:\/\/www.lepoglava.hr\/festival-cipke\/wp-content\/uploads\/2020\/08\/lepoglava-logo.png\",\"contentUrl\":\"https:\/\/www.lepoglava.hr\/festival-cipke\/wp-content\/uploads\/2020\/08\/lepoglava-logo.png\",\"width\":202,\"height\":58,\"caption\":\"Grad Lepoglava\"},\"image\":{\"@id\":\"https:\/\/www.lepoglava.hr\/festival-cipke\/#\/schema\/logo\/image\/\"}},{\"@type\":\"Person\",\"@id\":\"https:\/\/www.lepoglava.hr\/festival-cipke\/#\/schema\/person\/afb90b44ec6c12f33e98a7f5c6c611e1\",\"name\":\"ulimarus\"}]}<\/script>\n<!-- \/ Yoast SEO plugin. -->","yoast_head_json":{"title":"Filatelisti\u010dka izlo\u017eba, po\u0161tanski \u017eig i dopisnica uz 27. Me\u0111unarodni festival \u010dipke - 29. me\u0111unarodni festival \u010dipke","description":"Suradnja Hrvatske po\u0161te i Me\u0111unarodnog festivala \u010dipke Lepoglava se nastavlja i ove godine, pa \u0107e tradicionalno uz izlo\u017ebe \u010dipki biti uprili\u010dena i prigodna filatelisti\u010dka izlo\u017eba. Izlo\u017eba \"Lepoglavski festivali\", \u010diji postav potpisuje Milan Pavlekovi\u0107","robots":{"index":"index","follow":"follow","max-snippet":"max-snippet:-1","max-image-preview":"max-image-preview:large","max-video-preview":"max-video-preview:-1"},"canonical":"https:\/\/www.lepoglava.hr\/festival-cipke\/filatelisticka-izlozba-postanski-zig-i-dopisnica-uz-27-medunarodni-festival-cipke\/","og_locale":"hr_HR","og_type":"article","og_title":"Filatelisti\u010dka izlo\u017eba, po\u0161tanski \u017eig i dopisnica uz 27. Me\u0111unarodni festival \u010dipke - 29. me\u0111unarodni festival \u010dipke","og_description":"Suradnja Hrvatske po\u0161te i Me\u0111unarodnog festivala \u010dipke Lepoglava se nastavlja i ove godine, pa \u0107e tradicionalno uz izlo\u017ebe \u010dipki biti uprili\u010dena i prigodna filatelisti\u010dka izlo\u017eba. Izlo\u017eba \"Lepoglavski festivali\", \u010diji postav potpisuje Milan Pavlekovi\u0107","og_url":"https:\/\/www.lepoglava.hr\/festival-cipke\/filatelisticka-izlozba-postanski-zig-i-dopisnica-uz-27-medunarodni-festival-cipke\/","og_site_name":"29. me\u0111unarodni festival \u010dipke","article_published_time":"2023-09-12T14:34:05+00:00","article_modified_time":"2023-09-12T14:34:07+00:00","og_image":[{"width":1600,"height":900,"url":"https:\/\/www.lepoglava.hr\/festival-cipke\/wp-content\/uploads\/2023\/09\/viber_slika_2023-09-12_07-24-56-240.jpg","type":"image\/jpeg"}],"author":"ulimarus","twitter_card":"summary_large_image","twitter_misc":{"Napisao\/la":"ulimarus","Procijenjeno vrijeme \u010ditanja":"2 minute"},"schema":{"@context":"https:\/\/schema.org","@graph":[{"@type":"Article","@id":"https:\/\/www.lepoglava.hr\/festival-cipke\/filatelisticka-izlozba-postanski-zig-i-dopisnica-uz-27-medunarodni-festival-cipke\/#article","isPartOf":{"@id":"https:\/\/www.lepoglava.hr\/festival-cipke\/filatelisticka-izlozba-postanski-zig-i-dopisnica-uz-27-medunarodni-festival-cipke\/"},"author":{"name":"ulimarus","@id":"https:\/\/www.lepoglava.hr\/festival-cipke\/#\/schema\/person\/afb90b44ec6c12f33e98a7f5c6c611e1"},"headline":"Filatelisti\u010dka izlo\u017eba, po\u0161tanski \u017eig i dopisnica uz 27. Me\u0111unarodni festival \u010dipke","datePublished":"2023-09-12T14:34:05+00:00","dateModified":"2023-09-12T14:34:07+00:00","mainEntityOfPage":{"@id":"https:\/\/www.lepoglava.hr\/festival-cipke\/filatelisticka-izlozba-postanski-zig-i-dopisnica-uz-27-medunarodni-festival-cipke\/"},"wordCount":289,"publisher":{"@id":"https:\/\/www.lepoglava.hr\/festival-cipke\/#organization"},"keywords":["\u010dipka","Festival 2023","po\u0161ta"],"articleSection":["Novosti"],"inLanguage":"hr"},{"@type":"WebPage","@id":"https:\/\/www.lepoglava.hr\/festival-cipke\/filatelisticka-izlozba-postanski-zig-i-dopisnica-uz-27-medunarodni-festival-cipke\/","url":"https:\/\/www.lepoglava.hr\/festival-cipke\/filatelisticka-izlozba-postanski-zig-i-dopisnica-uz-27-medunarodni-festival-cipke\/","name":"Filatelisti\u010dka izlo\u017eba, po\u0161tanski \u017eig i dopisnica uz 27. Me\u0111unarodni festival \u010dipke - 29. me\u0111unarodni festival \u010dipke","isPartOf":{"@id":"https:\/\/www.lepoglava.hr\/festival-cipke\/#website"},"datePublished":"2023-09-12T14:34:05+00:00","dateModified":"2023-09-12T14:34:07+00:00","description":"Suradnja Hrvatske po\u0161te i Me\u0111unarodnog festivala \u010dipke Lepoglava se nastavlja i ove godine, pa \u0107e tradicionalno uz izlo\u017ebe \u010dipki biti uprili\u010dena i prigodna filatelisti\u010dka izlo\u017eba. Izlo\u017eba \"Lepoglavski festivali\", \u010diji postav potpisuje Milan Pavlekovi\u0107","breadcrumb":{"@id":"https:\/\/www.lepoglava.hr\/festival-cipke\/filatelisticka-izlozba-postanski-zig-i-dopisnica-uz-27-medunarodni-festival-cipke\/#breadcrumb"},"inLanguage":"hr","potentialAction":[{"@type":"ReadAction","target":["https:\/\/www.lepoglava.hr\/festival-cipke\/filatelisticka-izlozba-postanski-zig-i-dopisnica-uz-27-medunarodni-festival-cipke\/"]}]},{"@type":"BreadcrumbList","@id":"https:\/\/www.lepoglava.hr\/festival-cipke\/filatelisticka-izlozba-postanski-zig-i-dopisnica-uz-27-medunarodni-festival-cipke\/#breadcrumb","itemListElement":[{"@type":"ListItem","position":1,"name":"Po\u010detna stranica","item":"https:\/\/www.lepoglava.hr\/festival-cipke\/"},{"@type":"ListItem","position":2,"name":"Filatelisti\u010dka izlo\u017eba, po\u0161tanski \u017eig i dopisnica uz 27. Me\u0111unarodni festival \u010dipke"}]},{"@type":"WebSite","@id":"https:\/\/www.lepoglava.hr\/festival-cipke\/#website","url":"https:\/\/www.lepoglava.hr\/festival-cipke\/","name":"29. me\u0111unarodni festival \u010dipke","description":"29. me\u0111unarodni festival \u010dipke - Lepoglava","publisher":{"@id":"https:\/\/www.lepoglava.hr\/festival-cipke\/#organization"},"potentialAction":[{"@type":"SearchAction","target":{"@type":"EntryPoint","urlTemplate":"https:\/\/www.lepoglava.hr\/festival-cipke\/?s={search_term_string}"},"query-input":"required name=search_term_string"}],"inLanguage":"hr"},{"@type":"Organization","@id":"https:\/\/www.lepoglava.hr\/festival-cipke\/#organization","name":"Grad Lepoglava","url":"https:\/\/www.lepoglava.hr\/festival-cipke\/","logo":{"@type":"ImageObject","inLanguage":"hr","@id":"https:\/\/www.lepoglava.hr\/festival-cipke\/#\/schema\/logo\/image\/","url":"https:\/\/www.lepoglava.hr\/festival-cipke\/wp-content\/uploads\/2020\/08\/lepoglava-logo.png","contentUrl":"https:\/\/www.lepoglava.hr\/festival-cipke\/wp-content\/uploads\/2020\/08\/lepoglava-logo.png","width":202,"height":58,"caption":"Grad Lepoglava"},"image":{"@id":"https:\/\/www.lepoglava.hr\/festival-cipke\/#\/schema\/logo\/image\/"}},{"@type":"Person","@id":"https:\/\/www.lepoglava.hr\/festival-cipke\/#\/schema\/person\/afb90b44ec6c12f33e98a7f5c6c611e1","name":"ulimarus"}]}},"_links":{"self":[{"href":"https:\/\/www.lepoglava.hr\/festival-cipke\/wp-json\/wp\/v2\/posts\/2750"}],"collection":[{"href":"https:\/\/www.lepoglava.hr\/festival-cipke\/wp-json\/wp\/v2\/posts"}],"about":[{"href":"https:\/\/www.lepoglava.hr\/festival-cipke\/wp-json\/wp\/v2\/types\/post"}],"author":[{"embeddable":true,"href":"https:\/\/www.lepoglava.hr\/festival-cipke\/wp-json\/wp\/v2\/users\/5"}],"replies":[{"embeddable":true,"href":"https:\/\/www.lepoglava.hr\/festival-cipke\/wp-json\/wp\/v2\/comments?post=2750"}],"version-history":[{"count":1,"href":"https:\/\/www.lepoglava.hr\/festival-cipke\/wp-json\/wp\/v2\/posts\/2750\/revisions"}],"predecessor-version":[{"id":2751,"href":"https:\/\/www.lepoglava.hr\/festival-cipke\/wp-json\/wp\/v2\/posts\/2750\/revisions\/2751"}],"wp:featuredmedia":[{"embeddable":true,"href":"https:\/\/www.lepoglava.hr\/festival-cipke\/wp-json\/wp\/v2\/media\/2752"}],"wp:attachment":[{"href":"https:\/\/www.lepoglava.hr\/festival-cipke\/wp-json\/wp\/v2\/media?parent=2750"}],"wp:term":[{"taxonomy":"category","embeddable":true,"href":"https:\/\/www.lepoglava.hr\/festival-cipke\/wp-json\/wp\/v2\/categories?post=2750"},{"taxonomy":"post_tag","embeddable":true,"href":"https:\/\/www.lepoglava.hr\/festival-cipke\/wp-json\/wp\/v2\/tags?post=2750"}],"curies":[{"name":"wp","href":"https:\/\/api.w.org\/{rel}","templated":true}]}}