{"id":2755,"date":"2023-09-13T10:13:31","date_gmt":"2023-09-13T10:13:31","guid":{"rendered":"https:\/\/www.lepoglava.hr\/festival-cipke\/?p=2755"},"modified":"2023-09-13T15:14:36","modified_gmt":"2023-09-13T15:14:36","slug":"predstavljen-program-dana-europske-bastine-u-lepoglavi","status":"publish","type":"post","link":"https:\/\/www.lepoglava.hr\/festival-cipke\/predstavljen-program-dana-europske-bastine-u-lepoglavi\/","title":{"rendered":"Predstavljen program Dana europske ba\u0161tine u Lepoglavi"},"content":{"rendered":"\n<p>Manifestacijom &#8211; Dani europske ba\u0161tine, i ove godine, tradicionalno u rujnu i listopadu, obilje\u017eava se va\u017enost zajedni\u010dke kulturne ba\u0161tine zajednice europskih naroda s fokusom na nematerijalnu kulturnu ba\u0161tinu pod nazivom &#8220;\u017diva ba\u0161tina&#8221;.<\/p>\n\n\n\n<p>Ministarstvo kulture i medija tako\u0111er obilje\u017eava i dvadesetu godi\u0161njicu usvajanja Konvencije o za\u0161titi nematerijalne kulturne ba\u0161tine, \u0161to je rezultiralo upisom 216 nematerijalnih kulturnih dobara u Registar kulturnih dobara Republike Hrvatske, od kojih je 23 upisano i na UNESCO-ove popise nematerijalne kulturne ba\u0161tine, a me\u0111u kojima je i lepoglavska \u010dipka!<\/p>\n\n\n\n<p><a><\/a> U manifestaciju se tradicionalno uklju\u010dio i Me\u0111unarodni festival \u010dipke u Lepoglavi, pa \u0107e u okviru ovogodi\u0161njeg festivala biti uprili\u010dene radionice i predavanja na temu &#8211; \u017diva ba\u0161tina.<\/p>\n\n\n\n<p><strong>Prigodni program<\/strong> &#8220;\u017diva ba\u0161tina&#8221; bit \u0107e odr\u017ean <strong>u petak, 15. rujna<\/strong>, na Tawanu <strong>u Domu kulture od 10 do 17 sati.<\/strong><\/p>\n\n\n\n<p>U 10 sati i 45 minuta \u0107e po\u010deti predavanje <strong>Nata\u0161e Mihinja\u010d<\/strong>, kustosice Gradskog muzeja Vara\u017edin koja \u0107e govoriti o nematerijalnoj kulturnoj ba\u0161tini Vara\u017edinske \u017eupanije, a u 11.30 \u0107e po\u010deti predavanje dr. sc. <strong>Mirjane Posavec<\/strong> o nematerijalnoj kulturnoj ba\u0161tini lepoglavskog kraja i implementaciji ba\u0161tine u \u0161kole.<\/p>\n\n\n\n<p>Izme\u0111u predavanja posjetitelji \u0107e mo\u0107i predahnuti uz <strong>modnu reviju,<\/strong> koja \u0107e po\u010deti<strong> u 11 sati<\/strong>, a na temu &#8211; ba\u0161tina implementirana u dizajn, svoje \u0107e kreacije predstaviti u\u010denici <strong>Srednje strukovne \u0161kole iz Vara\u017edina<\/strong>. Prigodni program pripremili su i <strong>u\u010denici osnovnih \u0161kola<\/strong> s lepoglavskog podru\u010dja, pa \u0107e s po\u010detkom <strong>u 11.45<\/strong> posjetiteljima do\u010darati &#8211; <strong>Zavi\u010dajni govor lepoglavskog kraja.<\/strong><\/p>\n\n\n\n<p><strong>Od 14 do 17 sati<\/strong> na Tawanu Doma kulture bit \u0107e odr\u017eane <strong>radionice nematerijalne ba\u0161tine,<\/strong> pa \u0107e sudionici izra\u0111ivati logo\u017eare od rogoza, an\u0111ele od krep papira, platnene torbe, a mo\u0107i \u0107e se oku\u0161ati i u izradi lepoglavske \u010dipke te u tradicionalnom pletenju vunom na da\u0161\u010dici ili vezenju motiva na platno.<\/p>\n\n\n\n<p>Zanimljiv program otvoren je i besplatan za javnost, no za sudjelovanje u radionicama potrebne su prethodne prijave.<\/p>\n","protected":false},"excerpt":{"rendered":"<p>Manifestacijom &#8211; Dani europske ba\u0161tine, i ove godine, tradicionalno u rujnu i listopadu, obilje\u017eava se va\u017enost zajedni\u010dke kulturne ba\u0161tine zajednice &hellip;<\/p>\n<p class=\"read-more\"> <a class=\"\" href=\"https:\/\/www.lepoglava.hr\/festival-cipke\/predstavljen-program-dana-europske-bastine-u-lepoglavi\/\"> <span class=\"screen-reader-text\">Predstavljen program Dana europske ba\u0161tine u Lepoglavi<\/span> Vi\u0161e \u00bb<\/a><\/p>\n","protected":false},"author":5,"featured_media":2754,"comment_status":"closed","ping_status":"open","sticky":false,"template":"","format":"standard","meta":{"site-sidebar-layout":"default","site-content-layout":"default","ast-global-header-display":"","ast-banner-title-visibility":"","ast-main-header-display":"","ast-hfb-above-header-display":"","ast-hfb-below-header-display":"","ast-hfb-mobile-header-display":"","site-post-title":"","ast-breadcrumbs-content":"","ast-featured-img":"","footer-sml-layout":"","theme-transparent-header-meta":"","adv-header-id-meta":"","stick-header-meta":"","header-above-stick-meta":"","header-main-stick-meta":"","header-below-stick-meta":"","pgc_sgb_lightbox_settings":""},"categories":[3],"tags":[12,34,30],"yoast_head":"<!-- This site is optimized with the Yoast SEO plugin v20.11 - https:\/\/yoast.com\/wordpress\/plugins\/seo\/ -->\n<title>Predstavljen program Dana europske ba\u0161tine u Lepoglavi - 29. me\u0111unarodni festival \u010dipke<\/title>\n<meta name=\"description\" content=\"U manifestaciju se tradicionalno uklju\u010dio i Me\u0111unarodni festival \u010dipke u Lepoglavi, pa \u0107e u okviru ovogodi\u0161njeg festivala biti uprili\u010dene radionice i predavanja na temu - \u017diva ba\u0161tina.\" \/>\n<meta name=\"robots\" content=\"index, follow, max-snippet:-1, max-image-preview:large, max-video-preview:-1\" \/>\n<link rel=\"canonical\" href=\"https:\/\/www.lepoglava.hr\/festival-cipke\/predstavljen-program-dana-europske-bastine-u-lepoglavi\/\" \/>\n<meta property=\"og:locale\" content=\"hr_HR\" \/>\n<meta property=\"og:type\" content=\"article\" \/>\n<meta property=\"og:title\" content=\"Predstavljen program Dana europske ba\u0161tine u Lepoglavi - 29. me\u0111unarodni festival \u010dipke\" \/>\n<meta property=\"og:description\" content=\"U manifestaciju se tradicionalno uklju\u010dio i Me\u0111unarodni festival \u010dipke u Lepoglavi, pa \u0107e u okviru ovogodi\u0161njeg festivala biti uprili\u010dene radionice i predavanja na temu - \u017diva ba\u0161tina.\" \/>\n<meta property=\"og:url\" content=\"https:\/\/www.lepoglava.hr\/festival-cipke\/predstavljen-program-dana-europske-bastine-u-lepoglavi\/\" \/>\n<meta property=\"og:site_name\" content=\"29. me\u0111unarodni festival \u010dipke\" \/>\n<meta property=\"article:published_time\" content=\"2023-09-13T10:13:31+00:00\" \/>\n<meta property=\"article:modified_time\" content=\"2023-09-13T15:14:36+00:00\" \/>\n<meta property=\"og:image\" content=\"https:\/\/www.lepoglava.hr\/festival-cipke\/wp-content\/uploads\/2023\/09\/2023-Dani-EU-bastine-knjizica.png\" \/>\n\t<meta property=\"og:image:width\" content=\"1140\" \/>\n\t<meta property=\"og:image:height\" content=\"1612\" \/>\n\t<meta property=\"og:image:type\" content=\"image\/png\" \/>\n<meta name=\"author\" content=\"ulimarus\" \/>\n<meta name=\"twitter:card\" content=\"summary_large_image\" \/>\n<meta name=\"twitter:label1\" content=\"Napisao\/la\" \/>\n\t<meta name=\"twitter:data1\" content=\"ulimarus\" \/>\n\t<meta name=\"twitter:label2\" content=\"Procijenjeno vrijeme \u010ditanja\" \/>\n\t<meta name=\"twitter:data2\" content=\"2 minute\" \/>\n<script type=\"application\/ld+json\" class=\"yoast-schema-graph\">{\"@context\":\"https:\/\/schema.org\",\"@graph\":[{\"@type\":\"Article\",\"@id\":\"https:\/\/www.lepoglava.hr\/festival-cipke\/predstavljen-program-dana-europske-bastine-u-lepoglavi\/#article\",\"isPartOf\":{\"@id\":\"https:\/\/www.lepoglava.hr\/festival-cipke\/predstavljen-program-dana-europske-bastine-u-lepoglavi\/\"},\"author\":{\"name\":\"ulimarus\",\"@id\":\"https:\/\/www.lepoglava.hr\/festival-cipke\/#\/schema\/person\/afb90b44ec6c12f33e98a7f5c6c611e1\"},\"headline\":\"Predstavljen program Dana europske ba\u0161tine u Lepoglavi\",\"datePublished\":\"2023-09-13T10:13:31+00:00\",\"dateModified\":\"2023-09-13T15:14:36+00:00\",\"mainEntityOfPage\":{\"@id\":\"https:\/\/www.lepoglava.hr\/festival-cipke\/predstavljen-program-dana-europske-bastine-u-lepoglavi\/\"},\"wordCount\":342,\"publisher\":{\"@id\":\"https:\/\/www.lepoglava.hr\/festival-cipke\/#organization\"},\"keywords\":[\"\u010dipka\",\"dani europske ba\u0161tine\",\"Festival 2023\"],\"articleSection\":[\"Novosti\"],\"inLanguage\":\"hr\"},{\"@type\":\"WebPage\",\"@id\":\"https:\/\/www.lepoglava.hr\/festival-cipke\/predstavljen-program-dana-europske-bastine-u-lepoglavi\/\",\"url\":\"https:\/\/www.lepoglava.hr\/festival-cipke\/predstavljen-program-dana-europske-bastine-u-lepoglavi\/\",\"name\":\"Predstavljen program Dana europske ba\u0161tine u Lepoglavi - 29. me\u0111unarodni festival \u010dipke\",\"isPartOf\":{\"@id\":\"https:\/\/www.lepoglava.hr\/festival-cipke\/#website\"},\"datePublished\":\"2023-09-13T10:13:31+00:00\",\"dateModified\":\"2023-09-13T15:14:36+00:00\",\"description\":\"U manifestaciju se tradicionalno uklju\u010dio i Me\u0111unarodni festival \u010dipke u Lepoglavi, pa \u0107e u okviru ovogodi\u0161njeg festivala biti uprili\u010dene radionice i predavanja na temu - \u017diva ba\u0161tina.\",\"breadcrumb\":{\"@id\":\"https:\/\/www.lepoglava.hr\/festival-cipke\/predstavljen-program-dana-europske-bastine-u-lepoglavi\/#breadcrumb\"},\"inLanguage\":\"hr\",\"potentialAction\":[{\"@type\":\"ReadAction\",\"target\":[\"https:\/\/www.lepoglava.hr\/festival-cipke\/predstavljen-program-dana-europske-bastine-u-lepoglavi\/\"]}]},{\"@type\":\"BreadcrumbList\",\"@id\":\"https:\/\/www.lepoglava.hr\/festival-cipke\/predstavljen-program-dana-europske-bastine-u-lepoglavi\/#breadcrumb\",\"itemListElement\":[{\"@type\":\"ListItem\",\"position\":1,\"name\":\"Po\u010detna stranica\",\"item\":\"https:\/\/www.lepoglava.hr\/festival-cipke\/\"},{\"@type\":\"ListItem\",\"position\":2,\"name\":\"Predstavljen program Dana europske ba\u0161tine u Lepoglavi\"}]},{\"@type\":\"WebSite\",\"@id\":\"https:\/\/www.lepoglava.hr\/festival-cipke\/#website\",\"url\":\"https:\/\/www.lepoglava.hr\/festival-cipke\/\",\"name\":\"29. me\u0111unarodni festival \u010dipke\",\"description\":\"29. me\u0111unarodni festival \u010dipke - Lepoglava\",\"publisher\":{\"@id\":\"https:\/\/www.lepoglava.hr\/festival-cipke\/#organization\"},\"potentialAction\":[{\"@type\":\"SearchAction\",\"target\":{\"@type\":\"EntryPoint\",\"urlTemplate\":\"https:\/\/www.lepoglava.hr\/festival-cipke\/?s={search_term_string}\"},\"query-input\":\"required name=search_term_string\"}],\"inLanguage\":\"hr\"},{\"@type\":\"Organization\",\"@id\":\"https:\/\/www.lepoglava.hr\/festival-cipke\/#organization\",\"name\":\"Grad Lepoglava\",\"url\":\"https:\/\/www.lepoglava.hr\/festival-cipke\/\",\"logo\":{\"@type\":\"ImageObject\",\"inLanguage\":\"hr\",\"@id\":\"https:\/\/www.lepoglava.hr\/festival-cipke\/#\/schema\/logo\/image\/\",\"url\":\"https:\/\/www.lepoglava.hr\/festival-cipke\/wp-content\/uploads\/2020\/08\/lepoglava-logo.png\",\"contentUrl\":\"https:\/\/www.lepoglava.hr\/festival-cipke\/wp-content\/uploads\/2020\/08\/lepoglava-logo.png\",\"width\":202,\"height\":58,\"caption\":\"Grad Lepoglava\"},\"image\":{\"@id\":\"https:\/\/www.lepoglava.hr\/festival-cipke\/#\/schema\/logo\/image\/\"}},{\"@type\":\"Person\",\"@id\":\"https:\/\/www.lepoglava.hr\/festival-cipke\/#\/schema\/person\/afb90b44ec6c12f33e98a7f5c6c611e1\",\"name\":\"ulimarus\"}]}<\/script>\n<!-- \/ Yoast SEO plugin. -->","yoast_head_json":{"title":"Predstavljen program Dana europske ba\u0161tine u Lepoglavi - 29. me\u0111unarodni festival \u010dipke","description":"U manifestaciju se tradicionalno uklju\u010dio i Me\u0111unarodni festival \u010dipke u Lepoglavi, pa \u0107e u okviru ovogodi\u0161njeg festivala biti uprili\u010dene radionice i predavanja na temu - \u017diva ba\u0161tina.","robots":{"index":"index","follow":"follow","max-snippet":"max-snippet:-1","max-image-preview":"max-image-preview:large","max-video-preview":"max-video-preview:-1"},"canonical":"https:\/\/www.lepoglava.hr\/festival-cipke\/predstavljen-program-dana-europske-bastine-u-lepoglavi\/","og_locale":"hr_HR","og_type":"article","og_title":"Predstavljen program Dana europske ba\u0161tine u Lepoglavi - 29. me\u0111unarodni festival \u010dipke","og_description":"U manifestaciju se tradicionalno uklju\u010dio i Me\u0111unarodni festival \u010dipke u Lepoglavi, pa \u0107e u okviru ovogodi\u0161njeg festivala biti uprili\u010dene radionice i predavanja na temu - \u017diva ba\u0161tina.","og_url":"https:\/\/www.lepoglava.hr\/festival-cipke\/predstavljen-program-dana-europske-bastine-u-lepoglavi\/","og_site_name":"29. me\u0111unarodni festival \u010dipke","article_published_time":"2023-09-13T10:13:31+00:00","article_modified_time":"2023-09-13T15:14:36+00:00","og_image":[{"width":1140,"height":1612,"url":"https:\/\/www.lepoglava.hr\/festival-cipke\/wp-content\/uploads\/2023\/09\/2023-Dani-EU-bastine-knjizica.png","type":"image\/png"}],"author":"ulimarus","twitter_card":"summary_large_image","twitter_misc":{"Napisao\/la":"ulimarus","Procijenjeno vrijeme \u010ditanja":"2 minute"},"schema":{"@context":"https:\/\/schema.org","@graph":[{"@type":"Article","@id":"https:\/\/www.lepoglava.hr\/festival-cipke\/predstavljen-program-dana-europske-bastine-u-lepoglavi\/#article","isPartOf":{"@id":"https:\/\/www.lepoglava.hr\/festival-cipke\/predstavljen-program-dana-europske-bastine-u-lepoglavi\/"},"author":{"name":"ulimarus","@id":"https:\/\/www.lepoglava.hr\/festival-cipke\/#\/schema\/person\/afb90b44ec6c12f33e98a7f5c6c611e1"},"headline":"Predstavljen program Dana europske ba\u0161tine u Lepoglavi","datePublished":"2023-09-13T10:13:31+00:00","dateModified":"2023-09-13T15:14:36+00:00","mainEntityOfPage":{"@id":"https:\/\/www.lepoglava.hr\/festival-cipke\/predstavljen-program-dana-europske-bastine-u-lepoglavi\/"},"wordCount":342,"publisher":{"@id":"https:\/\/www.lepoglava.hr\/festival-cipke\/#organization"},"keywords":["\u010dipka","dani europske ba\u0161tine","Festival 2023"],"articleSection":["Novosti"],"inLanguage":"hr"},{"@type":"WebPage","@id":"https:\/\/www.lepoglava.hr\/festival-cipke\/predstavljen-program-dana-europske-bastine-u-lepoglavi\/","url":"https:\/\/www.lepoglava.hr\/festival-cipke\/predstavljen-program-dana-europske-bastine-u-lepoglavi\/","name":"Predstavljen program Dana europske ba\u0161tine u Lepoglavi - 29. me\u0111unarodni festival \u010dipke","isPartOf":{"@id":"https:\/\/www.lepoglava.hr\/festival-cipke\/#website"},"datePublished":"2023-09-13T10:13:31+00:00","dateModified":"2023-09-13T15:14:36+00:00","description":"U manifestaciju se tradicionalno uklju\u010dio i Me\u0111unarodni festival \u010dipke u Lepoglavi, pa \u0107e u okviru ovogodi\u0161njeg festivala biti uprili\u010dene radionice i predavanja na temu - \u017diva ba\u0161tina.","breadcrumb":{"@id":"https:\/\/www.lepoglava.hr\/festival-cipke\/predstavljen-program-dana-europske-bastine-u-lepoglavi\/#breadcrumb"},"inLanguage":"hr","potentialAction":[{"@type":"ReadAction","target":["https:\/\/www.lepoglava.hr\/festival-cipke\/predstavljen-program-dana-europske-bastine-u-lepoglavi\/"]}]},{"@type":"BreadcrumbList","@id":"https:\/\/www.lepoglava.hr\/festival-cipke\/predstavljen-program-dana-europske-bastine-u-lepoglavi\/#breadcrumb","itemListElement":[{"@type":"ListItem","position":1,"name":"Po\u010detna stranica","item":"https:\/\/www.lepoglava.hr\/festival-cipke\/"},{"@type":"ListItem","position":2,"name":"Predstavljen program Dana europske ba\u0161tine u Lepoglavi"}]},{"@type":"WebSite","@id":"https:\/\/www.lepoglava.hr\/festival-cipke\/#website","url":"https:\/\/www.lepoglava.hr\/festival-cipke\/","name":"29. me\u0111unarodni festival \u010dipke","description":"29. me\u0111unarodni festival \u010dipke - Lepoglava","publisher":{"@id":"https:\/\/www.lepoglava.hr\/festival-cipke\/#organization"},"potentialAction":[{"@type":"SearchAction","target":{"@type":"EntryPoint","urlTemplate":"https:\/\/www.lepoglava.hr\/festival-cipke\/?s={search_term_string}"},"query-input":"required name=search_term_string"}],"inLanguage":"hr"},{"@type":"Organization","@id":"https:\/\/www.lepoglava.hr\/festival-cipke\/#organization","name":"Grad Lepoglava","url":"https:\/\/www.lepoglava.hr\/festival-cipke\/","logo":{"@type":"ImageObject","inLanguage":"hr","@id":"https:\/\/www.lepoglava.hr\/festival-cipke\/#\/schema\/logo\/image\/","url":"https:\/\/www.lepoglava.hr\/festival-cipke\/wp-content\/uploads\/2020\/08\/lepoglava-logo.png","contentUrl":"https:\/\/www.lepoglava.hr\/festival-cipke\/wp-content\/uploads\/2020\/08\/lepoglava-logo.png","width":202,"height":58,"caption":"Grad Lepoglava"},"image":{"@id":"https:\/\/www.lepoglava.hr\/festival-cipke\/#\/schema\/logo\/image\/"}},{"@type":"Person","@id":"https:\/\/www.lepoglava.hr\/festival-cipke\/#\/schema\/person\/afb90b44ec6c12f33e98a7f5c6c611e1","name":"ulimarus"}]}},"_links":{"self":[{"href":"https:\/\/www.lepoglava.hr\/festival-cipke\/wp-json\/wp\/v2\/posts\/2755"}],"collection":[{"href":"https:\/\/www.lepoglava.hr\/festival-cipke\/wp-json\/wp\/v2\/posts"}],"about":[{"href":"https:\/\/www.lepoglava.hr\/festival-cipke\/wp-json\/wp\/v2\/types\/post"}],"author":[{"embeddable":true,"href":"https:\/\/www.lepoglava.hr\/festival-cipke\/wp-json\/wp\/v2\/users\/5"}],"replies":[{"embeddable":true,"href":"https:\/\/www.lepoglava.hr\/festival-cipke\/wp-json\/wp\/v2\/comments?post=2755"}],"version-history":[{"count":2,"href":"https:\/\/www.lepoglava.hr\/festival-cipke\/wp-json\/wp\/v2\/posts\/2755\/revisions"}],"predecessor-version":[{"id":2767,"href":"https:\/\/www.lepoglava.hr\/festival-cipke\/wp-json\/wp\/v2\/posts\/2755\/revisions\/2767"}],"wp:featuredmedia":[{"embeddable":true,"href":"https:\/\/www.lepoglava.hr\/festival-cipke\/wp-json\/wp\/v2\/media\/2754"}],"wp:attachment":[{"href":"https:\/\/www.lepoglava.hr\/festival-cipke\/wp-json\/wp\/v2\/media?parent=2755"}],"wp:term":[{"taxonomy":"category","embeddable":true,"href":"https:\/\/www.lepoglava.hr\/festival-cipke\/wp-json\/wp\/v2\/categories?post=2755"},{"taxonomy":"post_tag","embeddable":true,"href":"https:\/\/www.lepoglava.hr\/festival-cipke\/wp-json\/wp\/v2\/tags?post=2755"}],"curies":[{"name":"wp","href":"https:\/\/api.w.org\/{rel}","templated":true}]}}