{"id":2791,"date":"2024-08-31T12:09:49","date_gmt":"2024-08-31T12:09:49","guid":{"rendered":"https:\/\/www.lepoglava.hr\/festival-cipke\/?p=2791"},"modified":"2024-08-31T12:09:51","modified_gmt":"2024-08-31T12:09:51","slug":"na-festivalu-cipke-iz-cak-15-europskih-zemalja","status":"publish","type":"post","link":"https:\/\/www.lepoglava.hr\/festival-cipke\/na-festivalu-cipke-iz-cak-15-europskih-zemalja\/","title":{"rendered":"Na festivalu \u010dipke iz \u010dak 15 europskih zemalja"},"content":{"rendered":"\n<p><strong>Posjetitelji ovogodi\u0161njeg Me\u0111unarodnog festivala \u010dipke, koji \u0107e u Lepoglavi biti odr\u017ean od 13. do 15. rujna, imat \u0107e priliku vidjeti neke od najljep\u0161ih primjeraka \u010dipke iz \u010dak 15 europskih zemalja. Program ovogodi\u0161njeg Festivala bit \u0107e oboga\u0107en i vrijednim kulturno &#8211; umjetni\u010dkim sadr\u017eajima koje \u0107e pripremiti Turska, ovogodi\u0161nja zemlja &#8211; partner festivala \u010dipke u Lepoglavi.<\/strong><\/p>\n\n\n\n<p>Me\u0111unarodni festival \u010dipke je najstarija i najve\u0107a manifestacija u Lepoglavi, gradu iznimno bogate kulturne tradicije, koji je ve\u0107 vi\u0161e od stolje\u0107a diljem Europe poznat i kao va\u017eno \u010dipkarsko sredi\u0161te.<\/p>\n\n\n\n<p>Organizatori ovogodi\u0161njeg, 28. Me\u0111unarodnog festivala \u010dipke u Lepoglavi, priredit \u0107e izlo\u017ebe najljep\u0161ih primjeraka lepoglavske \u010dipke, \u010dija je vje\u0161tina izrade jo\u0161 2009. godine upisana na Reprezentativnu listu nematerijalne ba\u0161tine \u010dovje\u010danstva UNESCO-a, ali i izlo\u017ebe \u010dipaka iz drugih najpoznatijih \u010dipkarskih sredi\u0161ta u Hrvatskoj &#8211; Primo\u0161tena, Splita, Sikirevaca, Kri\u017eevaca, Trga kod Ozlja, Svete Marije, Paga i Kra\u0161i\u0107a.<\/p>\n\n\n\n<p>Posjetitelji ovog me\u0111unarodnog festivala \u010dipke mo\u0107i \u0107e i profinjenost \u010dipki iz Slovenije, Slova\u010dke, Poljske, Belgije, Italije, Malte, Ma\u0111arske, Bosne i Hercegovine, Crne Gore, \u0160panjolska, Bugarske, Engleske, Francuske, Austrije i Turske, ovogodi\u0161nje zemlje &#8211; partnera.<\/p>\n\n\n\n<p>Uz bogate izlo\u017ebe \u010dipki i ove \u0107e godine na festivalu u Lepoglavi, koji \u0107e biti odr\u017ean pod motom &#8211; Tkanje vremena biti organizirane zanimljive radionice te stru\u010dni i znanstveni susreti i skupovi u okviru Dana europske ba\u0161tine u Lepoglavi, ali i prate\u0107e kulturne i zabavne sadr\u017eaje.<\/p>\n\n\n\n<p>Tako \u0107e u subotu, 14. rujna, posjetitelji imati priliku ku\u0161ati specijalitete hrvatske i turske kuhinje na priredbi &#8211;&nbsp; Okusi Hrvatske i Turske, a &nbsp;mo\u0107i \u0107e u\u017eivati i na koncertu turske pijanistice <strong>Tutu Aydino\u011flu <\/strong>u \u017eupnoj crkvi te u nastupu hrvatskih zvijezda &#8211; <strong>Vanne<\/strong> i <strong>Martina Kosovca<\/strong>. U nedjelju \u0107e u sve\u010danom festivalskom \u0161atoru biti organiziran i Izbor Miss Vara\u017edinske \u017eupanije za Miss Hrvatske 2024.<\/p>\n\n\n\n<p>Na festivalu \u0107e i ove godine biti organiziran i tradicionalni sajam, a kao i svake godine posjetitelji \u0107e tijekom festivalskih dana u Lepoglavi mo\u0107i u\u017eivati i u bogatoj gastronomskoj ponudi.<\/p>\n\n\n\n<p>Cijena ulaznice za sve izlo\u017ebe 28. Me\u0111unarodnog festivala \u010dipke u Lepoglavi&nbsp; je samo &#8211; 2 eura.<\/p>\n\n\n\n<p>Ovogodi\u0161nji, 28. Me\u0111unarodni festival \u010dipke bit \u0107e odr\u017ean pod visokim pokroviteljstvom predsjednika Republike Hrvatske <strong>Zorana Milanovi\u0107a<\/strong> i pokroviteljstvom Ministarstva kulture i medija, Ministarstva turizma i sporta, Ministarstva poljoprivrede, \u0161umarstva i ribarstva, Hrvatskog povjerenstva za UNESCO, Hrvatske turisti\u010dke zajednice i Turisti\u010dke zajednice Vara\u017edinske \u017eupanije, Vara\u017edinske \u017eupanije i Grada Lepoglave.<\/p>\n","protected":false},"excerpt":{"rendered":"<p>Posjetitelji ovogodi\u0161njeg Me\u0111unarodnog festivala \u010dipke, koji \u0107e u Lepoglavi biti odr\u017ean od 13. do 15. rujna, imat \u0107e priliku vidjeti &hellip;<\/p>\n<p class=\"read-more\"> <a class=\"\" href=\"https:\/\/www.lepoglava.hr\/festival-cipke\/na-festivalu-cipke-iz-cak-15-europskih-zemalja\/\"> <span class=\"screen-reader-text\">Na festivalu \u010dipke iz \u010dak 15 europskih zemalja<\/span> Vi\u0161e \u00bb<\/a><\/p>\n","protected":false},"author":5,"featured_media":2793,"comment_status":"closed","ping_status":"open","sticky":false,"template":"","format":"standard","meta":{"site-sidebar-layout":"default","site-content-layout":"default","ast-global-header-display":"","ast-banner-title-visibility":"","ast-main-header-display":"","ast-hfb-above-header-display":"","ast-hfb-below-header-display":"","ast-hfb-mobile-header-display":"","site-post-title":"","ast-breadcrumbs-content":"","ast-featured-img":"","footer-sml-layout":"","theme-transparent-header-meta":"","adv-header-id-meta":"","stick-header-meta":"","header-above-stick-meta":"","header-main-stick-meta":"","header-below-stick-meta":"","pgc_sgb_lightbox_settings":""},"categories":[3],"tags":[12,42,36,32],"yoast_head":"<!-- This site is optimized with the Yoast SEO plugin v20.11 - https:\/\/yoast.com\/wordpress\/plugins\/seo\/ -->\n<title>Na festivalu \u010dipke iz \u010dak 15 europskih zemalja - 29. me\u0111unarodni festival \u010dipke<\/title>\n<meta name=\"description\" content=\"Od petka do nedjelje, od 15. do 17. rujna u Lepoglavi \u0107e biti odr\u017ean 27. Me\u0111unarodni festival \u010dipke, na kojem \u0107e posjetitelji, osim rasko\u0161ne lepoglavske \u010dipke, mo\u0107i razgledati i reprezentativne primjerke \u010dipki iz \u010dak 8 europskih zemalja, ali i osam poznatih hrvatskih \u010dipkarskih sredi\u0161ta.\" \/>\n<meta name=\"robots\" content=\"index, follow, max-snippet:-1, max-image-preview:large, max-video-preview:-1\" \/>\n<link rel=\"canonical\" href=\"https:\/\/www.lepoglava.hr\/festival-cipke\/na-festivalu-cipke-iz-cak-15-europskih-zemalja\/\" \/>\n<meta property=\"og:locale\" content=\"hr_HR\" \/>\n<meta property=\"og:type\" content=\"article\" \/>\n<meta property=\"og:title\" content=\"Na festivalu \u010dipke iz \u010dak 15 europskih zemalja - 29. me\u0111unarodni festival \u010dipke\" \/>\n<meta property=\"og:description\" content=\"Od petka do nedjelje, od 15. do 17. rujna u Lepoglavi \u0107e biti odr\u017ean 27. Me\u0111unarodni festival \u010dipke, na kojem \u0107e posjetitelji, osim rasko\u0161ne lepoglavske \u010dipke, mo\u0107i razgledati i reprezentativne primjerke \u010dipki iz \u010dak 8 europskih zemalja, ali i osam poznatih hrvatskih \u010dipkarskih sredi\u0161ta.\" \/>\n<meta property=\"og:url\" content=\"https:\/\/www.lepoglava.hr\/festival-cipke\/na-festivalu-cipke-iz-cak-15-europskih-zemalja\/\" \/>\n<meta property=\"og:site_name\" content=\"29. me\u0111unarodni festival \u010dipke\" \/>\n<meta property=\"article:published_time\" content=\"2024-08-31T12:09:49+00:00\" \/>\n<meta property=\"article:modified_time\" content=\"2024-08-31T12:09:51+00:00\" \/>\n<meta property=\"og:image\" content=\"https:\/\/www.lepoglava.hr\/festival-cipke\/wp-content\/uploads\/2023\/09\/vatromet.jpg\" \/>\n\t<meta property=\"og:image:width\" content=\"1920\" \/>\n\t<meta property=\"og:image:height\" content=\"1281\" \/>\n\t<meta property=\"og:image:type\" content=\"image\/jpeg\" \/>\n<meta name=\"author\" content=\"ulimarus\" \/>\n<meta name=\"twitter:card\" content=\"summary_large_image\" \/>\n<meta name=\"twitter:label1\" content=\"Napisao\/la\" \/>\n\t<meta name=\"twitter:data1\" content=\"ulimarus\" \/>\n\t<meta name=\"twitter:label2\" content=\"Procijenjeno vrijeme \u010ditanja\" \/>\n\t<meta name=\"twitter:data2\" content=\"3 minute\" \/>\n<script type=\"application\/ld+json\" class=\"yoast-schema-graph\">{\"@context\":\"https:\/\/schema.org\",\"@graph\":[{\"@type\":\"Article\",\"@id\":\"https:\/\/www.lepoglava.hr\/festival-cipke\/na-festivalu-cipke-iz-cak-15-europskih-zemalja\/#article\",\"isPartOf\":{\"@id\":\"https:\/\/www.lepoglava.hr\/festival-cipke\/na-festivalu-cipke-iz-cak-15-europskih-zemalja\/\"},\"author\":{\"name\":\"ulimarus\",\"@id\":\"https:\/\/www.lepoglava.hr\/festival-cipke\/#\/schema\/person\/afb90b44ec6c12f33e98a7f5c6c611e1\"},\"headline\":\"Na festivalu \u010dipke iz \u010dak 15 europskih zemalja\",\"datePublished\":\"2024-08-31T12:09:49+00:00\",\"dateModified\":\"2024-08-31T12:09:51+00:00\",\"mainEntityOfPage\":{\"@id\":\"https:\/\/www.lepoglava.hr\/festival-cipke\/na-festivalu-cipke-iz-cak-15-europskih-zemalja\/\"},\"wordCount\":432,\"publisher\":{\"@id\":\"https:\/\/www.lepoglava.hr\/festival-cipke\/#organization\"},\"keywords\":[\"\u010dipka\",\"festival 2024\",\"leoglava\",\"slovenija\"],\"articleSection\":[\"Novosti\"],\"inLanguage\":\"hr\"},{\"@type\":\"WebPage\",\"@id\":\"https:\/\/www.lepoglava.hr\/festival-cipke\/na-festivalu-cipke-iz-cak-15-europskih-zemalja\/\",\"url\":\"https:\/\/www.lepoglava.hr\/festival-cipke\/na-festivalu-cipke-iz-cak-15-europskih-zemalja\/\",\"name\":\"Na festivalu \u010dipke iz \u010dak 15 europskih zemalja - 29. me\u0111unarodni festival \u010dipke\",\"isPartOf\":{\"@id\":\"https:\/\/www.lepoglava.hr\/festival-cipke\/#website\"},\"datePublished\":\"2024-08-31T12:09:49+00:00\",\"dateModified\":\"2024-08-31T12:09:51+00:00\",\"description\":\"Od petka do nedjelje, od 15. do 17. rujna u Lepoglavi \u0107e biti odr\u017ean 27. Me\u0111unarodni festival \u010dipke, na kojem \u0107e posjetitelji, osim rasko\u0161ne lepoglavske \u010dipke, mo\u0107i razgledati i reprezentativne primjerke \u010dipki iz \u010dak 8 europskih zemalja, ali i osam poznatih hrvatskih \u010dipkarskih sredi\u0161ta.\",\"breadcrumb\":{\"@id\":\"https:\/\/www.lepoglava.hr\/festival-cipke\/na-festivalu-cipke-iz-cak-15-europskih-zemalja\/#breadcrumb\"},\"inLanguage\":\"hr\",\"potentialAction\":[{\"@type\":\"ReadAction\",\"target\":[\"https:\/\/www.lepoglava.hr\/festival-cipke\/na-festivalu-cipke-iz-cak-15-europskih-zemalja\/\"]}]},{\"@type\":\"BreadcrumbList\",\"@id\":\"https:\/\/www.lepoglava.hr\/festival-cipke\/na-festivalu-cipke-iz-cak-15-europskih-zemalja\/#breadcrumb\",\"itemListElement\":[{\"@type\":\"ListItem\",\"position\":1,\"name\":\"Po\u010detna stranica\",\"item\":\"https:\/\/www.lepoglava.hr\/festival-cipke\/\"},{\"@type\":\"ListItem\",\"position\":2,\"name\":\"Na festivalu \u010dipke iz \u010dak 15 europskih zemalja\"}]},{\"@type\":\"WebSite\",\"@id\":\"https:\/\/www.lepoglava.hr\/festival-cipke\/#website\",\"url\":\"https:\/\/www.lepoglava.hr\/festival-cipke\/\",\"name\":\"29. me\u0111unarodni festival \u010dipke\",\"description\":\"29. me\u0111unarodni festival \u010dipke - Lepoglava\",\"publisher\":{\"@id\":\"https:\/\/www.lepoglava.hr\/festival-cipke\/#organization\"},\"potentialAction\":[{\"@type\":\"SearchAction\",\"target\":{\"@type\":\"EntryPoint\",\"urlTemplate\":\"https:\/\/www.lepoglava.hr\/festival-cipke\/?s={search_term_string}\"},\"query-input\":\"required name=search_term_string\"}],\"inLanguage\":\"hr\"},{\"@type\":\"Organization\",\"@id\":\"https:\/\/www.lepoglava.hr\/festival-cipke\/#organization\",\"name\":\"Grad Lepoglava\",\"url\":\"https:\/\/www.lepoglava.hr\/festival-cipke\/\",\"logo\":{\"@type\":\"ImageObject\",\"inLanguage\":\"hr\",\"@id\":\"https:\/\/www.lepoglava.hr\/festival-cipke\/#\/schema\/logo\/image\/\",\"url\":\"https:\/\/www.lepoglava.hr\/festival-cipke\/wp-content\/uploads\/2020\/08\/lepoglava-logo.png\",\"contentUrl\":\"https:\/\/www.lepoglava.hr\/festival-cipke\/wp-content\/uploads\/2020\/08\/lepoglava-logo.png\",\"width\":202,\"height\":58,\"caption\":\"Grad Lepoglava\"},\"image\":{\"@id\":\"https:\/\/www.lepoglava.hr\/festival-cipke\/#\/schema\/logo\/image\/\"}},{\"@type\":\"Person\",\"@id\":\"https:\/\/www.lepoglava.hr\/festival-cipke\/#\/schema\/person\/afb90b44ec6c12f33e98a7f5c6c611e1\",\"name\":\"ulimarus\"}]}<\/script>\n<!-- \/ Yoast SEO plugin. -->","yoast_head_json":{"title":"Na festivalu \u010dipke iz \u010dak 15 europskih zemalja - 29. me\u0111unarodni festival \u010dipke","description":"Od petka do nedjelje, od 15. do 17. rujna u Lepoglavi \u0107e biti odr\u017ean 27. Me\u0111unarodni festival \u010dipke, na kojem \u0107e posjetitelji, osim rasko\u0161ne lepoglavske \u010dipke, mo\u0107i razgledati i reprezentativne primjerke \u010dipki iz \u010dak 8 europskih zemalja, ali i osam poznatih hrvatskih \u010dipkarskih sredi\u0161ta.","robots":{"index":"index","follow":"follow","max-snippet":"max-snippet:-1","max-image-preview":"max-image-preview:large","max-video-preview":"max-video-preview:-1"},"canonical":"https:\/\/www.lepoglava.hr\/festival-cipke\/na-festivalu-cipke-iz-cak-15-europskih-zemalja\/","og_locale":"hr_HR","og_type":"article","og_title":"Na festivalu \u010dipke iz \u010dak 15 europskih zemalja - 29. me\u0111unarodni festival \u010dipke","og_description":"Od petka do nedjelje, od 15. do 17. rujna u Lepoglavi \u0107e biti odr\u017ean 27. Me\u0111unarodni festival \u010dipke, na kojem \u0107e posjetitelji, osim rasko\u0161ne lepoglavske \u010dipke, mo\u0107i razgledati i reprezentativne primjerke \u010dipki iz \u010dak 8 europskih zemalja, ali i osam poznatih hrvatskih \u010dipkarskih sredi\u0161ta.","og_url":"https:\/\/www.lepoglava.hr\/festival-cipke\/na-festivalu-cipke-iz-cak-15-europskih-zemalja\/","og_site_name":"29. me\u0111unarodni festival \u010dipke","article_published_time":"2024-08-31T12:09:49+00:00","article_modified_time":"2024-08-31T12:09:51+00:00","og_image":[{"width":1920,"height":1281,"url":"https:\/\/www.lepoglava.hr\/festival-cipke\/wp-content\/uploads\/2023\/09\/vatromet.jpg","type":"image\/jpeg"}],"author":"ulimarus","twitter_card":"summary_large_image","twitter_misc":{"Napisao\/la":"ulimarus","Procijenjeno vrijeme \u010ditanja":"3 minute"},"schema":{"@context":"https:\/\/schema.org","@graph":[{"@type":"Article","@id":"https:\/\/www.lepoglava.hr\/festival-cipke\/na-festivalu-cipke-iz-cak-15-europskih-zemalja\/#article","isPartOf":{"@id":"https:\/\/www.lepoglava.hr\/festival-cipke\/na-festivalu-cipke-iz-cak-15-europskih-zemalja\/"},"author":{"name":"ulimarus","@id":"https:\/\/www.lepoglava.hr\/festival-cipke\/#\/schema\/person\/afb90b44ec6c12f33e98a7f5c6c611e1"},"headline":"Na festivalu \u010dipke iz \u010dak 15 europskih zemalja","datePublished":"2024-08-31T12:09:49+00:00","dateModified":"2024-08-31T12:09:51+00:00","mainEntityOfPage":{"@id":"https:\/\/www.lepoglava.hr\/festival-cipke\/na-festivalu-cipke-iz-cak-15-europskih-zemalja\/"},"wordCount":432,"publisher":{"@id":"https:\/\/www.lepoglava.hr\/festival-cipke\/#organization"},"keywords":["\u010dipka","festival 2024","leoglava","slovenija"],"articleSection":["Novosti"],"inLanguage":"hr"},{"@type":"WebPage","@id":"https:\/\/www.lepoglava.hr\/festival-cipke\/na-festivalu-cipke-iz-cak-15-europskih-zemalja\/","url":"https:\/\/www.lepoglava.hr\/festival-cipke\/na-festivalu-cipke-iz-cak-15-europskih-zemalja\/","name":"Na festivalu \u010dipke iz \u010dak 15 europskih zemalja - 29. me\u0111unarodni festival \u010dipke","isPartOf":{"@id":"https:\/\/www.lepoglava.hr\/festival-cipke\/#website"},"datePublished":"2024-08-31T12:09:49+00:00","dateModified":"2024-08-31T12:09:51+00:00","description":"Od petka do nedjelje, od 15. do 17. rujna u Lepoglavi \u0107e biti odr\u017ean 27. Me\u0111unarodni festival \u010dipke, na kojem \u0107e posjetitelji, osim rasko\u0161ne lepoglavske \u010dipke, mo\u0107i razgledati i reprezentativne primjerke \u010dipki iz \u010dak 8 europskih zemalja, ali i osam poznatih hrvatskih \u010dipkarskih sredi\u0161ta.","breadcrumb":{"@id":"https:\/\/www.lepoglava.hr\/festival-cipke\/na-festivalu-cipke-iz-cak-15-europskih-zemalja\/#breadcrumb"},"inLanguage":"hr","potentialAction":[{"@type":"ReadAction","target":["https:\/\/www.lepoglava.hr\/festival-cipke\/na-festivalu-cipke-iz-cak-15-europskih-zemalja\/"]}]},{"@type":"BreadcrumbList","@id":"https:\/\/www.lepoglava.hr\/festival-cipke\/na-festivalu-cipke-iz-cak-15-europskih-zemalja\/#breadcrumb","itemListElement":[{"@type":"ListItem","position":1,"name":"Po\u010detna stranica","item":"https:\/\/www.lepoglava.hr\/festival-cipke\/"},{"@type":"ListItem","position":2,"name":"Na festivalu \u010dipke iz \u010dak 15 europskih zemalja"}]},{"@type":"WebSite","@id":"https:\/\/www.lepoglava.hr\/festival-cipke\/#website","url":"https:\/\/www.lepoglava.hr\/festival-cipke\/","name":"29. me\u0111unarodni festival \u010dipke","description":"29. me\u0111unarodni festival \u010dipke - Lepoglava","publisher":{"@id":"https:\/\/www.lepoglava.hr\/festival-cipke\/#organization"},"potentialAction":[{"@type":"SearchAction","target":{"@type":"EntryPoint","urlTemplate":"https:\/\/www.lepoglava.hr\/festival-cipke\/?s={search_term_string}"},"query-input":"required name=search_term_string"}],"inLanguage":"hr"},{"@type":"Organization","@id":"https:\/\/www.lepoglava.hr\/festival-cipke\/#organization","name":"Grad Lepoglava","url":"https:\/\/www.lepoglava.hr\/festival-cipke\/","logo":{"@type":"ImageObject","inLanguage":"hr","@id":"https:\/\/www.lepoglava.hr\/festival-cipke\/#\/schema\/logo\/image\/","url":"https:\/\/www.lepoglava.hr\/festival-cipke\/wp-content\/uploads\/2020\/08\/lepoglava-logo.png","contentUrl":"https:\/\/www.lepoglava.hr\/festival-cipke\/wp-content\/uploads\/2020\/08\/lepoglava-logo.png","width":202,"height":58,"caption":"Grad Lepoglava"},"image":{"@id":"https:\/\/www.lepoglava.hr\/festival-cipke\/#\/schema\/logo\/image\/"}},{"@type":"Person","@id":"https:\/\/www.lepoglava.hr\/festival-cipke\/#\/schema\/person\/afb90b44ec6c12f33e98a7f5c6c611e1","name":"ulimarus"}]}},"_links":{"self":[{"href":"https:\/\/www.lepoglava.hr\/festival-cipke\/wp-json\/wp\/v2\/posts\/2791"}],"collection":[{"href":"https:\/\/www.lepoglava.hr\/festival-cipke\/wp-json\/wp\/v2\/posts"}],"about":[{"href":"https:\/\/www.lepoglava.hr\/festival-cipke\/wp-json\/wp\/v2\/types\/post"}],"author":[{"embeddable":true,"href":"https:\/\/www.lepoglava.hr\/festival-cipke\/wp-json\/wp\/v2\/users\/5"}],"replies":[{"embeddable":true,"href":"https:\/\/www.lepoglava.hr\/festival-cipke\/wp-json\/wp\/v2\/comments?post=2791"}],"version-history":[{"count":4,"href":"https:\/\/www.lepoglava.hr\/festival-cipke\/wp-json\/wp\/v2\/posts\/2791\/revisions"}],"predecessor-version":[{"id":3113,"href":"https:\/\/www.lepoglava.hr\/festival-cipke\/wp-json\/wp\/v2\/posts\/2791\/revisions\/3113"}],"wp:featuredmedia":[{"embeddable":true,"href":"https:\/\/www.lepoglava.hr\/festival-cipke\/wp-json\/wp\/v2\/media\/2793"}],"wp:attachment":[{"href":"https:\/\/www.lepoglava.hr\/festival-cipke\/wp-json\/wp\/v2\/media?parent=2791"}],"wp:term":[{"taxonomy":"category","embeddable":true,"href":"https:\/\/www.lepoglava.hr\/festival-cipke\/wp-json\/wp\/v2\/categories?post=2791"},{"taxonomy":"post_tag","embeddable":true,"href":"https:\/\/www.lepoglava.hr\/festival-cipke\/wp-json\/wp\/v2\/tags?post=2791"}],"curies":[{"name":"wp","href":"https:\/\/api.w.org\/{rel}","templated":true}]}}