{"id":2909,"date":"2023-09-16T09:57:07","date_gmt":"2023-09-16T09:57:07","guid":{"rendered":"https:\/\/www.lepoglava.hr\/festival-cipke\/?p=2909"},"modified":"2023-09-16T10:37:14","modified_gmt":"2023-09-16T10:37:14","slug":"dani-europske-bastine-u-lepoglavi","status":"publish","type":"post","link":"https:\/\/www.lepoglava.hr\/festival-cipke\/dani-europske-bastine-u-lepoglavi\/","title":{"rendered":"Dani europske ba\u0161tine u Lepoglavi"},"content":{"rendered":"\n<p>U okviru 27. Me\u0111unarodnog festivala \u010dipke u Lepoglavi su odr\u017eani Dani europske ba\u0161tine. Rije\u010d je o ve\u0107 tradicionalnom doga\u0111anju kojim se posljednjih 10-ak godina skre\u0107e pozornost na va\u017enost kulturne ba\u0161tine te u okviru kojeg se provode aktivnosti koje doprinose njenom o\u010duvanju. Naglasila je to i voditeljica programa <strong>Mirjana Posavec<\/strong>, ravnateljica O\u0160 Ivana Rangera iz Kamenice, na  po\u010detku predavanja posve\u0107enom nematerijalnoj kulturnoj ba\u0161tini lepoglavskog kraja.<\/p>\n\n\n\n<figure class=\"wp-block-image size-large\"><img decoding=\"async\" loading=\"lazy\" width=\"1024\" height=\"683\" src=\"https:\/\/www.lepoglava.hr\/festival-cipke\/wp-content\/uploads\/2023\/09\/mfc_dani_europske_bastine_06-1024x683.jpg\" alt=\"\" class=\"wp-image-2926\" srcset=\"https:\/\/www.lepoglava.hr\/festival-cipke\/wp-content\/uploads\/2023\/09\/mfc_dani_europske_bastine_06-1024x683.jpg 1024w, https:\/\/www.lepoglava.hr\/festival-cipke\/wp-content\/uploads\/2023\/09\/mfc_dani_europske_bastine_06-300x200.jpg 300w, https:\/\/www.lepoglava.hr\/festival-cipke\/wp-content\/uploads\/2023\/09\/mfc_dani_europske_bastine_06-768x513.jpg 768w, https:\/\/www.lepoglava.hr\/festival-cipke\/wp-content\/uploads\/2023\/09\/mfc_dani_europske_bastine_06.jpg 1500w\" sizes=\"(max-width: 1024px) 100vw, 1024px\" \/><\/figure>\n\n\n\n<p>&#8211; U \u0161kolama i vrti\u0107ima na podru\u010dju Grada Lepoglave puno se radi na o\u010duvanje ba\u0161tine. Upravo to su najbolja mjesta za upoznavanje djece s ba\u0161tinom i jedan od na\u010dina da je sa\u010duvamo &#8211; istaknula je Posavec.<\/p>\n\n\n\n<p>Dobrodo\u0161licu je sudionicima  za\u017eelio gradona\u010delnik Grada Lepoglave <strong>Marijan \u0160kvari\u0107<\/strong> izraziv\u0161i zadovoljstvo \u0161to se u okviru Me\u0111unarodnog festivala \u010dipke odr\u017eavaju aktivnosti kojima je cilj o\u010duvanje ba\u0161tine.<\/p>\n\n\n\n<p>&#8211; Ba\u0161tinu smo naslijedili i \u017eelimo je prenijeti budu\u0107im nara\u0161tajima te je tako i sa\u010duvati &#8211; poru\u010dio je gradona\u010delnik \u0160kvari\u0107 na po\u010detku Dana europske ba\u0161tine u Lepoglavi u okviru kojih je odr\u017eano i predavanje <strong>Nata\u0161e Mihinja\u010d<\/strong> iz Gradskog muzeja Vara\u017edin. <\/p>\n\n\n\n<p>Osim predavanja o va\u017enosti o\u010duvanja ba\u0161tine i prigodnih radionica na Tavanu Doma kulture odr\u017eana je i atraktivna revija Srednje strukovne \u0161kole Vara\u017edin na kojoj su predstavljene modne kreacije u\u010denika dizajnera. Mladi dizajneri zanimljive kreacije napravili su kombinacijom starih dijelova odje\u0107e od trapera na koje su implementirali motive ba\u0161tine.<\/p>\n\n\n\n<figure class=\"wp-block-image size-large\"><img decoding=\"async\" loading=\"lazy\" width=\"1024\" height=\"683\" src=\"https:\/\/www.lepoglava.hr\/festival-cipke\/wp-content\/uploads\/2023\/09\/mfc_dani_europske_bastine_07-1-1024x683.jpg\" alt=\"\" class=\"wp-image-2928\" srcset=\"https:\/\/www.lepoglava.hr\/festival-cipke\/wp-content\/uploads\/2023\/09\/mfc_dani_europske_bastine_07-1-1024x683.jpg 1024w, https:\/\/www.lepoglava.hr\/festival-cipke\/wp-content\/uploads\/2023\/09\/mfc_dani_europske_bastine_07-1-300x200.jpg 300w, https:\/\/www.lepoglava.hr\/festival-cipke\/wp-content\/uploads\/2023\/09\/mfc_dani_europske_bastine_07-1-768x512.jpg 768w, https:\/\/www.lepoglava.hr\/festival-cipke\/wp-content\/uploads\/2023\/09\/mfc_dani_europske_bastine_07-1.jpg 1500w\" sizes=\"(max-width: 1024px) 100vw, 1024px\" \/><\/figure>\n\n\n\n<p>S ba\u0161tinom lepoglavskog kraja, sa\u010duvanom u govoru, sudionike Dana europske ba\u0161tine upoznali su u\u010denici osnovnih \u0161kola s podru\u010dja Grada Lepoglave recitiraju\u0107i pjesme na govoru i dijalektu kraja iz kojeg dolaze.<\/p>\n\n\n\n<p>Ovom su prigodom odr\u017eane i radionice izrade predmeta od rogoza, an\u0111ela od krep papira, lepoglavske \u010dipke i torbi od tekstilnih traka te radionica tradicionalnog pletenja na da\u0161\u010dici. Odr\u017eane su i prezentacije izrade predmeta od slame i korpi od vrbove \u0161ibe.<\/p>\n\n\n\n<figure class=\"wp-block-gallery has-nested-images columns-default is-cropped wp-block-gallery-1 is-layout-flex\">\n<figure class=\"wp-block-image size-large\"><a href=\"https:\/\/www.lepoglava.hr\/festival-cipke\/wp-content\/uploads\/2023\/09\/mfc_dani_europske_bastine_22-1024x683.jpg\"><img decoding=\"async\" loading=\"lazy\" width=\"1024\" height=\"683\" data-id=\"2925\"  src=\"https:\/\/www.lepoglava.hr\/festival-cipke\/wp-content\/uploads\/2023\/09\/mfc_dani_europske_bastine_22-1024x683.jpg\" alt=\"\" class=\"wp-image-2925\" srcset=\"https:\/\/www.lepoglava.hr\/festival-cipke\/wp-content\/uploads\/2023\/09\/mfc_dani_europske_bastine_22-1024x683.jpg 1024w, https:\/\/www.lepoglava.hr\/festival-cipke\/wp-content\/uploads\/2023\/09\/mfc_dani_europske_bastine_22-300x200.jpg 300w, https:\/\/www.lepoglava.hr\/festival-cipke\/wp-content\/uploads\/2023\/09\/mfc_dani_europske_bastine_22-768x512.jpg 768w, https:\/\/www.lepoglava.hr\/festival-cipke\/wp-content\/uploads\/2023\/09\/mfc_dani_europske_bastine_22.jpg 1500w\" sizes=\"(max-width: 1024px) 100vw, 1024px\" \/><\/a><\/figure>\n\n\n\n<figure class=\"wp-block-image size-large\"><a href=\"https:\/\/www.lepoglava.hr\/festival-cipke\/wp-content\/uploads\/2023\/09\/mfc_dani_europske_bastine_21-1024x683.jpg\"><img decoding=\"async\" loading=\"lazy\" width=\"1024\" height=\"683\" data-id=\"2924\"  src=\"https:\/\/www.lepoglava.hr\/festival-cipke\/wp-content\/uploads\/2023\/09\/mfc_dani_europske_bastine_21-1024x683.jpg\" alt=\"\" class=\"wp-image-2924\" srcset=\"https:\/\/www.lepoglava.hr\/festival-cipke\/wp-content\/uploads\/2023\/09\/mfc_dani_europske_bastine_21-1024x683.jpg 1024w, https:\/\/www.lepoglava.hr\/festival-cipke\/wp-content\/uploads\/2023\/09\/mfc_dani_europske_bastine_21-300x200.jpg 300w, https:\/\/www.lepoglava.hr\/festival-cipke\/wp-content\/uploads\/2023\/09\/mfc_dani_europske_bastine_21-768x513.jpg 768w, https:\/\/www.lepoglava.hr\/festival-cipke\/wp-content\/uploads\/2023\/09\/mfc_dani_europske_bastine_21.jpg 1500w\" sizes=\"(max-width: 1024px) 100vw, 1024px\" \/><\/a><\/figure>\n\n\n\n<figure class=\"wp-block-image size-large\"><a href=\"https:\/\/www.lepoglava.hr\/festival-cipke\/wp-content\/uploads\/2023\/09\/mfc_dani_europske_bastine_20.jpg\"><img decoding=\"async\" loading=\"lazy\" width=\"1024\" height=\"683\" data-id=\"2923\"  src=\"https:\/\/www.lepoglava.hr\/festival-cipke\/wp-content\/uploads\/2023\/09\/mfc_dani_europske_bastine_20-1024x683.jpg\" alt=\"\" class=\"wp-image-2923\" srcset=\"https:\/\/www.lepoglava.hr\/festival-cipke\/wp-content\/uploads\/2023\/09\/mfc_dani_europske_bastine_20-1024x683.jpg 1024w, https:\/\/www.lepoglava.hr\/festival-cipke\/wp-content\/uploads\/2023\/09\/mfc_dani_europske_bastine_20-300x200.jpg 300w, https:\/\/www.lepoglava.hr\/festival-cipke\/wp-content\/uploads\/2023\/09\/mfc_dani_europske_bastine_20-768x512.jpg 768w, https:\/\/www.lepoglava.hr\/festival-cipke\/wp-content\/uploads\/2023\/09\/mfc_dani_europske_bastine_20.jpg 1500w\" sizes=\"(max-width: 1024px) 100vw, 1024px\" \/><\/a><\/figure>\n\n\n\n<figure class=\"wp-block-image size-large\"><a href=\"https:\/\/www.lepoglava.hr\/festival-cipke\/wp-content\/uploads\/2023\/09\/mfc_dani_europske_bastine_19_1.jpg\"><img decoding=\"async\" loading=\"lazy\" width=\"1024\" height=\"683\" data-id=\"2922\"  src=\"https:\/\/www.lepoglava.hr\/festival-cipke\/wp-content\/uploads\/2023\/09\/mfc_dani_europske_bastine_19_1-1024x683.jpg\" alt=\"\" class=\"wp-image-2922\" srcset=\"https:\/\/www.lepoglava.hr\/festival-cipke\/wp-content\/uploads\/2023\/09\/mfc_dani_europske_bastine_19_1-1024x683.jpg 1024w, https:\/\/www.lepoglava.hr\/festival-cipke\/wp-content\/uploads\/2023\/09\/mfc_dani_europske_bastine_19_1-300x200.jpg 300w, https:\/\/www.lepoglava.hr\/festival-cipke\/wp-content\/uploads\/2023\/09\/mfc_dani_europske_bastine_19_1-768x512.jpg 768w, https:\/\/www.lepoglava.hr\/festival-cipke\/wp-content\/uploads\/2023\/09\/mfc_dani_europske_bastine_19_1.jpg 1500w\" sizes=\"(max-width: 1024px) 100vw, 1024px\" \/><\/a><\/figure>\n\n\n\n<figure class=\"wp-block-image size-large\"><a href=\"https:\/\/www.lepoglava.hr\/festival-cipke\/wp-content\/uploads\/2023\/09\/mfc_dani_europske_bastine_17.jpg\"><img decoding=\"async\" loading=\"lazy\" width=\"1024\" height=\"683\" data-id=\"2919\"  src=\"https:\/\/www.lepoglava.hr\/festival-cipke\/wp-content\/uploads\/2023\/09\/mfc_dani_europske_bastine_17-1024x683.jpg\" alt=\"\" class=\"wp-image-2919\" srcset=\"https:\/\/www.lepoglava.hr\/festival-cipke\/wp-content\/uploads\/2023\/09\/mfc_dani_europske_bastine_17-1024x683.jpg 1024w, https:\/\/www.lepoglava.hr\/festival-cipke\/wp-content\/uploads\/2023\/09\/mfc_dani_europske_bastine_17-300x200.jpg 300w, https:\/\/www.lepoglava.hr\/festival-cipke\/wp-content\/uploads\/2023\/09\/mfc_dani_europske_bastine_17-768x512.jpg 768w, https:\/\/www.lepoglava.hr\/festival-cipke\/wp-content\/uploads\/2023\/09\/mfc_dani_europske_bastine_17.jpg 1500w\" sizes=\"(max-width: 1024px) 100vw, 1024px\" \/><\/a><\/figure>\n\n\n\n<figure class=\"wp-block-image size-large\"><a href=\"https:\/\/www.lepoglava.hr\/festival-cipke\/wp-content\/uploads\/2023\/09\/mfc_dani_europske_bastine_18.jpg\"><img decoding=\"async\" loading=\"lazy\" width=\"1024\" height=\"683\" data-id=\"2920\"  src=\"https:\/\/www.lepoglava.hr\/festival-cipke\/wp-content\/uploads\/2023\/09\/mfc_dani_europske_bastine_18-1024x683.jpg\" alt=\"\" class=\"wp-image-2920\" srcset=\"https:\/\/www.lepoglava.hr\/festival-cipke\/wp-content\/uploads\/2023\/09\/mfc_dani_europske_bastine_18-1024x683.jpg 1024w, https:\/\/www.lepoglava.hr\/festival-cipke\/wp-content\/uploads\/2023\/09\/mfc_dani_europske_bastine_18-300x200.jpg 300w, https:\/\/www.lepoglava.hr\/festival-cipke\/wp-content\/uploads\/2023\/09\/mfc_dani_europske_bastine_18-768x512.jpg 768w, https:\/\/www.lepoglava.hr\/festival-cipke\/wp-content\/uploads\/2023\/09\/mfc_dani_europske_bastine_18.jpg 1500w\" sizes=\"(max-width: 1024px) 100vw, 1024px\" \/><\/a><\/figure>\n\n\n\n<figure class=\"wp-block-image size-large\"><a href=\"https:\/\/www.lepoglava.hr\/festival-cipke\/wp-content\/uploads\/2023\/09\/mfc_dani_europske_bastine_16.jpg\"><img decoding=\"async\" loading=\"lazy\" width=\"1024\" height=\"683\" data-id=\"2918\"  src=\"https:\/\/www.lepoglava.hr\/festival-cipke\/wp-content\/uploads\/2023\/09\/mfc_dani_europske_bastine_16-1024x683.jpg\" alt=\"\" class=\"wp-image-2918\" srcset=\"https:\/\/www.lepoglava.hr\/festival-cipke\/wp-content\/uploads\/2023\/09\/mfc_dani_europske_bastine_16-1024x683.jpg 1024w, https:\/\/www.lepoglava.hr\/festival-cipke\/wp-content\/uploads\/2023\/09\/mfc_dani_europske_bastine_16-300x200.jpg 300w, https:\/\/www.lepoglava.hr\/festival-cipke\/wp-content\/uploads\/2023\/09\/mfc_dani_europske_bastine_16-768x513.jpg 768w, https:\/\/www.lepoglava.hr\/festival-cipke\/wp-content\/uploads\/2023\/09\/mfc_dani_europske_bastine_16.jpg 1500w\" sizes=\"(max-width: 1024px) 100vw, 1024px\" \/><\/a><\/figure>\n\n\n\n<figure class=\"wp-block-image size-large\"><a href=\"https:\/\/www.lepoglava.hr\/festival-cipke\/wp-content\/uploads\/2023\/09\/mfc_dani_europske_bastine_14.jpg\"><img decoding=\"async\" loading=\"lazy\" width=\"1024\" height=\"683\" data-id=\"2916\"  src=\"https:\/\/www.lepoglava.hr\/festival-cipke\/wp-content\/uploads\/2023\/09\/mfc_dani_europske_bastine_14-1024x683.jpg\" alt=\"\" class=\"wp-image-2916\" srcset=\"https:\/\/www.lepoglava.hr\/festival-cipke\/wp-content\/uploads\/2023\/09\/mfc_dani_europske_bastine_14-1024x683.jpg 1024w, https:\/\/www.lepoglava.hr\/festival-cipke\/wp-content\/uploads\/2023\/09\/mfc_dani_europske_bastine_14-300x200.jpg 300w, https:\/\/www.lepoglava.hr\/festival-cipke\/wp-content\/uploads\/2023\/09\/mfc_dani_europske_bastine_14-768x512.jpg 768w, https:\/\/www.lepoglava.hr\/festival-cipke\/wp-content\/uploads\/2023\/09\/mfc_dani_europske_bastine_14.jpg 1500w\" sizes=\"(max-width: 1024px) 100vw, 1024px\" \/><\/a><\/figure>\n\n\n\n<figure class=\"wp-block-image size-large\"><a href=\"https:\/\/www.lepoglava.hr\/festival-cipke\/wp-content\/uploads\/2023\/09\/mfc_dani_europske_bastine_15.jpg\"><img decoding=\"async\" loading=\"lazy\" width=\"1024\" height=\"683\" data-id=\"2917\"  src=\"https:\/\/www.lepoglava.hr\/festival-cipke\/wp-content\/uploads\/2023\/09\/mfc_dani_europske_bastine_15-1024x683.jpg\" alt=\"\" class=\"wp-image-2917\" srcset=\"https:\/\/www.lepoglava.hr\/festival-cipke\/wp-content\/uploads\/2023\/09\/mfc_dani_europske_bastine_15-1024x683.jpg 1024w, https:\/\/www.lepoglava.hr\/festival-cipke\/wp-content\/uploads\/2023\/09\/mfc_dani_europske_bastine_15-300x200.jpg 300w, https:\/\/www.lepoglava.hr\/festival-cipke\/wp-content\/uploads\/2023\/09\/mfc_dani_europske_bastine_15-768x513.jpg 768w, https:\/\/www.lepoglava.hr\/festival-cipke\/wp-content\/uploads\/2023\/09\/mfc_dani_europske_bastine_15.jpg 1500w\" sizes=\"(max-width: 1024px) 100vw, 1024px\" \/><\/a><\/figure>\n\n\n\n<figure class=\"wp-block-image size-large\"><a href=\"https:\/\/www.lepoglava.hr\/festival-cipke\/wp-content\/uploads\/2023\/09\/mfc_dani_europske_bastine_12.jpg\"><img decoding=\"async\" loading=\"lazy\" width=\"1024\" height=\"683\" data-id=\"2915\"  src=\"https:\/\/www.lepoglava.hr\/festival-cipke\/wp-content\/uploads\/2023\/09\/mfc_dani_europske_bastine_12-1024x683.jpg\" alt=\"\" class=\"wp-image-2915\" srcset=\"https:\/\/www.lepoglava.hr\/festival-cipke\/wp-content\/uploads\/2023\/09\/mfc_dani_europske_bastine_12-1024x683.jpg 1024w, https:\/\/www.lepoglava.hr\/festival-cipke\/wp-content\/uploads\/2023\/09\/mfc_dani_europske_bastine_12-300x200.jpg 300w, https:\/\/www.lepoglava.hr\/festival-cipke\/wp-content\/uploads\/2023\/09\/mfc_dani_europske_bastine_12-768x512.jpg 768w, https:\/\/www.lepoglava.hr\/festival-cipke\/wp-content\/uploads\/2023\/09\/mfc_dani_europske_bastine_12.jpg 1500w\" sizes=\"(max-width: 1024px) 100vw, 1024px\" \/><\/a><\/figure>\n\n\n\n<figure class=\"wp-block-image size-large\"><a href=\"https:\/\/www.lepoglava.hr\/festival-cipke\/wp-content\/uploads\/2023\/09\/mfc_dani_europske_bastine_10.jpg\"><img decoding=\"async\" loading=\"lazy\" width=\"1024\" height=\"683\" data-id=\"2914\"  src=\"https:\/\/www.lepoglava.hr\/festival-cipke\/wp-content\/uploads\/2023\/09\/mfc_dani_europske_bastine_10-1024x683.jpg\" alt=\"\" class=\"wp-image-2914\" srcset=\"https:\/\/www.lepoglava.hr\/festival-cipke\/wp-content\/uploads\/2023\/09\/mfc_dani_europske_bastine_10-1024x683.jpg 1024w, https:\/\/www.lepoglava.hr\/festival-cipke\/wp-content\/uploads\/2023\/09\/mfc_dani_europske_bastine_10-300x200.jpg 300w, https:\/\/www.lepoglava.hr\/festival-cipke\/wp-content\/uploads\/2023\/09\/mfc_dani_europske_bastine_10-768x512.jpg 768w, https:\/\/www.lepoglava.hr\/festival-cipke\/wp-content\/uploads\/2023\/09\/mfc_dani_europske_bastine_10.jpg 1500w\" sizes=\"(max-width: 1024px) 100vw, 1024px\" \/><\/a><\/figure>\n\n\n\n<figure class=\"wp-block-image size-large\"><a href=\"https:\/\/www.lepoglava.hr\/festival-cipke\/wp-content\/uploads\/2023\/09\/mfc_dani_europske_bastine_08.jpg\"><img decoding=\"async\" loading=\"lazy\" width=\"1024\" height=\"683\" data-id=\"2913\"  src=\"https:\/\/www.lepoglava.hr\/festival-cipke\/wp-content\/uploads\/2023\/09\/mfc_dani_europske_bastine_08-1024x683.jpg\" alt=\"\" class=\"wp-image-2913\" srcset=\"https:\/\/www.lepoglava.hr\/festival-cipke\/wp-content\/uploads\/2023\/09\/mfc_dani_europske_bastine_08-1024x683.jpg 1024w, https:\/\/www.lepoglava.hr\/festival-cipke\/wp-content\/uploads\/2023\/09\/mfc_dani_europske_bastine_08-300x200.jpg 300w, https:\/\/www.lepoglava.hr\/festival-cipke\/wp-content\/uploads\/2023\/09\/mfc_dani_europske_bastine_08-768x512.jpg 768w, https:\/\/www.lepoglava.hr\/festival-cipke\/wp-content\/uploads\/2023\/09\/mfc_dani_europske_bastine_08.jpg 1500w\" sizes=\"(max-width: 1024px) 100vw, 1024px\" \/><\/a><\/figure>\n<\/figure>\n","protected":false},"excerpt":{"rendered":"<p>U okviru 27. Me\u0111unarodnog festivala \u010dipke u Lepoglavi su odr\u017eani Dani europske ba\u0161tine. Rije\u010d je o ve\u0107 tradicionalnom doga\u0111anju kojim &hellip;<\/p>\n<p class=\"read-more\"> <a class=\"\" href=\"https:\/\/www.lepoglava.hr\/festival-cipke\/dani-europske-bastine-u-lepoglavi\/\"> <span class=\"screen-reader-text\">Dani europske ba\u0161tine u Lepoglavi<\/span> Vi\u0161e \u00bb<\/a><\/p>\n","protected":false},"author":5,"featured_media":2915,"comment_status":"closed","ping_status":"open","sticky":false,"template":"","format":"standard","meta":{"site-sidebar-layout":"default","site-content-layout":"default","ast-global-header-display":"","ast-banner-title-visibility":"","ast-main-header-display":"","ast-hfb-above-header-display":"","ast-hfb-below-header-display":"","ast-hfb-mobile-header-display":"","site-post-title":"","ast-breadcrumbs-content":"","ast-featured-img":"","footer-sml-layout":"","theme-transparent-header-meta":"","adv-header-id-meta":"","stick-header-meta":"","header-above-stick-meta":"","header-main-stick-meta":"","header-below-stick-meta":"","pgc_sgb_lightbox_settings":""},"categories":[3],"tags":[37,12,30,14],"yoast_head":"<!-- This site is optimized with the Yoast SEO plugin v20.11 - https:\/\/yoast.com\/wordpress\/plugins\/seo\/ -->\n<title>Dani europske ba\u0161tine u Lepoglavi - 29. me\u0111unarodni festival \u010dipke<\/title>\n<meta name=\"description\" content=\"U okviru 27. Me\u0111unarodnog festivala \u010dipke u Lepoglavi su odr\u017eani Dani europske ba\u0161tine. Rije\u010d je o ve\u0107 tradicionalnom doga\u0111anju kojim se posljednjih 10-ak godina skre\u0107e pozornost na va\u017enost kulturne ba\u0161tine te u okviru kojeg se provode aktivnosti koje doprinose njenom o\u010duvanju.\" \/>\n<meta name=\"robots\" content=\"index, follow, max-snippet:-1, max-image-preview:large, max-video-preview:-1\" \/>\n<link rel=\"canonical\" href=\"https:\/\/www.lepoglava.hr\/festival-cipke\/dani-europske-bastine-u-lepoglavi\/\" \/>\n<meta property=\"og:locale\" content=\"hr_HR\" \/>\n<meta property=\"og:type\" content=\"article\" \/>\n<meta property=\"og:title\" content=\"Dani europske ba\u0161tine u Lepoglavi - 29. me\u0111unarodni festival \u010dipke\" \/>\n<meta property=\"og:description\" content=\"U okviru 27. Me\u0111unarodnog festivala \u010dipke u Lepoglavi su odr\u017eani Dani europske ba\u0161tine. Rije\u010d je o ve\u0107 tradicionalnom doga\u0111anju kojim se posljednjih 10-ak godina skre\u0107e pozornost na va\u017enost kulturne ba\u0161tine te u okviru kojeg se provode aktivnosti koje doprinose njenom o\u010duvanju.\" \/>\n<meta property=\"og:url\" content=\"https:\/\/www.lepoglava.hr\/festival-cipke\/dani-europske-bastine-u-lepoglavi\/\" \/>\n<meta property=\"og:site_name\" content=\"29. me\u0111unarodni festival \u010dipke\" \/>\n<meta property=\"article:published_time\" content=\"2023-09-16T09:57:07+00:00\" \/>\n<meta property=\"article:modified_time\" content=\"2023-09-16T10:37:14+00:00\" \/>\n<meta property=\"og:image\" content=\"https:\/\/www.lepoglava.hr\/festival-cipke\/wp-content\/uploads\/2023\/09\/mfc_dani_europske_bastine_12.jpg\" \/>\n\t<meta property=\"og:image:width\" content=\"1500\" \/>\n\t<meta property=\"og:image:height\" content=\"1000\" \/>\n\t<meta property=\"og:image:type\" content=\"image\/jpeg\" \/>\n<meta name=\"author\" content=\"ulimarus\" \/>\n<meta name=\"twitter:card\" content=\"summary_large_image\" \/>\n<meta name=\"twitter:label1\" content=\"Napisao\/la\" \/>\n\t<meta name=\"twitter:data1\" content=\"ulimarus\" \/>\n\t<meta name=\"twitter:label2\" content=\"Procijenjeno vrijeme \u010ditanja\" \/>\n\t<meta name=\"twitter:data2\" content=\"5 minuta\" \/>\n<script type=\"application\/ld+json\" class=\"yoast-schema-graph\">{\"@context\":\"https:\/\/schema.org\",\"@graph\":[{\"@type\":\"Article\",\"@id\":\"https:\/\/www.lepoglava.hr\/festival-cipke\/dani-europske-bastine-u-lepoglavi\/#article\",\"isPartOf\":{\"@id\":\"https:\/\/www.lepoglava.hr\/festival-cipke\/dani-europske-bastine-u-lepoglavi\/\"},\"author\":{\"name\":\"ulimarus\",\"@id\":\"https:\/\/www.lepoglava.hr\/festival-cipke\/#\/schema\/person\/afb90b44ec6c12f33e98a7f5c6c611e1\"},\"headline\":\"Dani europske ba\u0161tine u Lepoglavi\",\"datePublished\":\"2023-09-16T09:57:07+00:00\",\"dateModified\":\"2023-09-16T10:37:14+00:00\",\"mainEntityOfPage\":{\"@id\":\"https:\/\/www.lepoglava.hr\/festival-cipke\/dani-europske-bastine-u-lepoglavi\/\"},\"wordCount\":343,\"publisher\":{\"@id\":\"https:\/\/www.lepoglava.hr\/festival-cipke\/#organization\"},\"keywords\":[\"ba\u0161tina\",\"\u010dipka\",\"Festival 2023\",\"lepoglava\"],\"articleSection\":[\"Novosti\"],\"inLanguage\":\"hr\"},{\"@type\":\"WebPage\",\"@id\":\"https:\/\/www.lepoglava.hr\/festival-cipke\/dani-europske-bastine-u-lepoglavi\/\",\"url\":\"https:\/\/www.lepoglava.hr\/festival-cipke\/dani-europske-bastine-u-lepoglavi\/\",\"name\":\"Dani europske ba\u0161tine u Lepoglavi - 29. me\u0111unarodni festival \u010dipke\",\"isPartOf\":{\"@id\":\"https:\/\/www.lepoglava.hr\/festival-cipke\/#website\"},\"datePublished\":\"2023-09-16T09:57:07+00:00\",\"dateModified\":\"2023-09-16T10:37:14+00:00\",\"description\":\"U okviru 27. Me\u0111unarodnog festivala \u010dipke u Lepoglavi su odr\u017eani Dani europske ba\u0161tine. Rije\u010d je o ve\u0107 tradicionalnom doga\u0111anju kojim se posljednjih 10-ak godina skre\u0107e pozornost na va\u017enost kulturne ba\u0161tine te u okviru kojeg se provode aktivnosti koje doprinose njenom o\u010duvanju.\",\"breadcrumb\":{\"@id\":\"https:\/\/www.lepoglava.hr\/festival-cipke\/dani-europske-bastine-u-lepoglavi\/#breadcrumb\"},\"inLanguage\":\"hr\",\"potentialAction\":[{\"@type\":\"ReadAction\",\"target\":[\"https:\/\/www.lepoglava.hr\/festival-cipke\/dani-europske-bastine-u-lepoglavi\/\"]}]},{\"@type\":\"BreadcrumbList\",\"@id\":\"https:\/\/www.lepoglava.hr\/festival-cipke\/dani-europske-bastine-u-lepoglavi\/#breadcrumb\",\"itemListElement\":[{\"@type\":\"ListItem\",\"position\":1,\"name\":\"Po\u010detna stranica\",\"item\":\"https:\/\/www.lepoglava.hr\/festival-cipke\/\"},{\"@type\":\"ListItem\",\"position\":2,\"name\":\"Dani europske ba\u0161tine u Lepoglavi\"}]},{\"@type\":\"WebSite\",\"@id\":\"https:\/\/www.lepoglava.hr\/festival-cipke\/#website\",\"url\":\"https:\/\/www.lepoglava.hr\/festival-cipke\/\",\"name\":\"29. me\u0111unarodni festival \u010dipke\",\"description\":\"29. me\u0111unarodni festival \u010dipke - Lepoglava\",\"publisher\":{\"@id\":\"https:\/\/www.lepoglava.hr\/festival-cipke\/#organization\"},\"potentialAction\":[{\"@type\":\"SearchAction\",\"target\":{\"@type\":\"EntryPoint\",\"urlTemplate\":\"https:\/\/www.lepoglava.hr\/festival-cipke\/?s={search_term_string}\"},\"query-input\":\"required name=search_term_string\"}],\"inLanguage\":\"hr\"},{\"@type\":\"Organization\",\"@id\":\"https:\/\/www.lepoglava.hr\/festival-cipke\/#organization\",\"name\":\"Grad Lepoglava\",\"url\":\"https:\/\/www.lepoglava.hr\/festival-cipke\/\",\"logo\":{\"@type\":\"ImageObject\",\"inLanguage\":\"hr\",\"@id\":\"https:\/\/www.lepoglava.hr\/festival-cipke\/#\/schema\/logo\/image\/\",\"url\":\"https:\/\/www.lepoglava.hr\/festival-cipke\/wp-content\/uploads\/2020\/08\/lepoglava-logo.png\",\"contentUrl\":\"https:\/\/www.lepoglava.hr\/festival-cipke\/wp-content\/uploads\/2020\/08\/lepoglava-logo.png\",\"width\":202,\"height\":58,\"caption\":\"Grad Lepoglava\"},\"image\":{\"@id\":\"https:\/\/www.lepoglava.hr\/festival-cipke\/#\/schema\/logo\/image\/\"}},{\"@type\":\"Person\",\"@id\":\"https:\/\/www.lepoglava.hr\/festival-cipke\/#\/schema\/person\/afb90b44ec6c12f33e98a7f5c6c611e1\",\"name\":\"ulimarus\"}]}<\/script>\n<!-- \/ Yoast SEO plugin. -->","yoast_head_json":{"title":"Dani europske ba\u0161tine u Lepoglavi - 29. me\u0111unarodni festival \u010dipke","description":"U okviru 27. Me\u0111unarodnog festivala \u010dipke u Lepoglavi su odr\u017eani Dani europske ba\u0161tine. Rije\u010d je o ve\u0107 tradicionalnom doga\u0111anju kojim se posljednjih 10-ak godina skre\u0107e pozornost na va\u017enost kulturne ba\u0161tine te u okviru kojeg se provode aktivnosti koje doprinose njenom o\u010duvanju.","robots":{"index":"index","follow":"follow","max-snippet":"max-snippet:-1","max-image-preview":"max-image-preview:large","max-video-preview":"max-video-preview:-1"},"canonical":"https:\/\/www.lepoglava.hr\/festival-cipke\/dani-europske-bastine-u-lepoglavi\/","og_locale":"hr_HR","og_type":"article","og_title":"Dani europske ba\u0161tine u Lepoglavi - 29. me\u0111unarodni festival \u010dipke","og_description":"U okviru 27. Me\u0111unarodnog festivala \u010dipke u Lepoglavi su odr\u017eani Dani europske ba\u0161tine. Rije\u010d je o ve\u0107 tradicionalnom doga\u0111anju kojim se posljednjih 10-ak godina skre\u0107e pozornost na va\u017enost kulturne ba\u0161tine te u okviru kojeg se provode aktivnosti koje doprinose njenom o\u010duvanju.","og_url":"https:\/\/www.lepoglava.hr\/festival-cipke\/dani-europske-bastine-u-lepoglavi\/","og_site_name":"29. me\u0111unarodni festival \u010dipke","article_published_time":"2023-09-16T09:57:07+00:00","article_modified_time":"2023-09-16T10:37:14+00:00","og_image":[{"width":1500,"height":1000,"url":"https:\/\/www.lepoglava.hr\/festival-cipke\/wp-content\/uploads\/2023\/09\/mfc_dani_europske_bastine_12.jpg","type":"image\/jpeg"}],"author":"ulimarus","twitter_card":"summary_large_image","twitter_misc":{"Napisao\/la":"ulimarus","Procijenjeno vrijeme \u010ditanja":"5 minuta"},"schema":{"@context":"https:\/\/schema.org","@graph":[{"@type":"Article","@id":"https:\/\/www.lepoglava.hr\/festival-cipke\/dani-europske-bastine-u-lepoglavi\/#article","isPartOf":{"@id":"https:\/\/www.lepoglava.hr\/festival-cipke\/dani-europske-bastine-u-lepoglavi\/"},"author":{"name":"ulimarus","@id":"https:\/\/www.lepoglava.hr\/festival-cipke\/#\/schema\/person\/afb90b44ec6c12f33e98a7f5c6c611e1"},"headline":"Dani europske ba\u0161tine u Lepoglavi","datePublished":"2023-09-16T09:57:07+00:00","dateModified":"2023-09-16T10:37:14+00:00","mainEntityOfPage":{"@id":"https:\/\/www.lepoglava.hr\/festival-cipke\/dani-europske-bastine-u-lepoglavi\/"},"wordCount":343,"publisher":{"@id":"https:\/\/www.lepoglava.hr\/festival-cipke\/#organization"},"keywords":["ba\u0161tina","\u010dipka","Festival 2023","lepoglava"],"articleSection":["Novosti"],"inLanguage":"hr"},{"@type":"WebPage","@id":"https:\/\/www.lepoglava.hr\/festival-cipke\/dani-europske-bastine-u-lepoglavi\/","url":"https:\/\/www.lepoglava.hr\/festival-cipke\/dani-europske-bastine-u-lepoglavi\/","name":"Dani europske ba\u0161tine u Lepoglavi - 29. me\u0111unarodni festival \u010dipke","isPartOf":{"@id":"https:\/\/www.lepoglava.hr\/festival-cipke\/#website"},"datePublished":"2023-09-16T09:57:07+00:00","dateModified":"2023-09-16T10:37:14+00:00","description":"U okviru 27. Me\u0111unarodnog festivala \u010dipke u Lepoglavi su odr\u017eani Dani europske ba\u0161tine. Rije\u010d je o ve\u0107 tradicionalnom doga\u0111anju kojim se posljednjih 10-ak godina skre\u0107e pozornost na va\u017enost kulturne ba\u0161tine te u okviru kojeg se provode aktivnosti koje doprinose njenom o\u010duvanju.","breadcrumb":{"@id":"https:\/\/www.lepoglava.hr\/festival-cipke\/dani-europske-bastine-u-lepoglavi\/#breadcrumb"},"inLanguage":"hr","potentialAction":[{"@type":"ReadAction","target":["https:\/\/www.lepoglava.hr\/festival-cipke\/dani-europske-bastine-u-lepoglavi\/"]}]},{"@type":"BreadcrumbList","@id":"https:\/\/www.lepoglava.hr\/festival-cipke\/dani-europske-bastine-u-lepoglavi\/#breadcrumb","itemListElement":[{"@type":"ListItem","position":1,"name":"Po\u010detna stranica","item":"https:\/\/www.lepoglava.hr\/festival-cipke\/"},{"@type":"ListItem","position":2,"name":"Dani europske ba\u0161tine u Lepoglavi"}]},{"@type":"WebSite","@id":"https:\/\/www.lepoglava.hr\/festival-cipke\/#website","url":"https:\/\/www.lepoglava.hr\/festival-cipke\/","name":"29. me\u0111unarodni festival \u010dipke","description":"29. me\u0111unarodni festival \u010dipke - Lepoglava","publisher":{"@id":"https:\/\/www.lepoglava.hr\/festival-cipke\/#organization"},"potentialAction":[{"@type":"SearchAction","target":{"@type":"EntryPoint","urlTemplate":"https:\/\/www.lepoglava.hr\/festival-cipke\/?s={search_term_string}"},"query-input":"required name=search_term_string"}],"inLanguage":"hr"},{"@type":"Organization","@id":"https:\/\/www.lepoglava.hr\/festival-cipke\/#organization","name":"Grad Lepoglava","url":"https:\/\/www.lepoglava.hr\/festival-cipke\/","logo":{"@type":"ImageObject","inLanguage":"hr","@id":"https:\/\/www.lepoglava.hr\/festival-cipke\/#\/schema\/logo\/image\/","url":"https:\/\/www.lepoglava.hr\/festival-cipke\/wp-content\/uploads\/2020\/08\/lepoglava-logo.png","contentUrl":"https:\/\/www.lepoglava.hr\/festival-cipke\/wp-content\/uploads\/2020\/08\/lepoglava-logo.png","width":202,"height":58,"caption":"Grad Lepoglava"},"image":{"@id":"https:\/\/www.lepoglava.hr\/festival-cipke\/#\/schema\/logo\/image\/"}},{"@type":"Person","@id":"https:\/\/www.lepoglava.hr\/festival-cipke\/#\/schema\/person\/afb90b44ec6c12f33e98a7f5c6c611e1","name":"ulimarus"}]}},"_links":{"self":[{"href":"https:\/\/www.lepoglava.hr\/festival-cipke\/wp-json\/wp\/v2\/posts\/2909"}],"collection":[{"href":"https:\/\/www.lepoglava.hr\/festival-cipke\/wp-json\/wp\/v2\/posts"}],"about":[{"href":"https:\/\/www.lepoglava.hr\/festival-cipke\/wp-json\/wp\/v2\/types\/post"}],"author":[{"embeddable":true,"href":"https:\/\/www.lepoglava.hr\/festival-cipke\/wp-json\/wp\/v2\/users\/5"}],"replies":[{"embeddable":true,"href":"https:\/\/www.lepoglava.hr\/festival-cipke\/wp-json\/wp\/v2\/comments?post=2909"}],"version-history":[{"count":9,"href":"https:\/\/www.lepoglava.hr\/festival-cipke\/wp-json\/wp\/v2\/posts\/2909\/revisions"}],"predecessor-version":[{"id":2954,"href":"https:\/\/www.lepoglava.hr\/festival-cipke\/wp-json\/wp\/v2\/posts\/2909\/revisions\/2954"}],"wp:featuredmedia":[{"embeddable":true,"href":"https:\/\/www.lepoglava.hr\/festival-cipke\/wp-json\/wp\/v2\/media\/2915"}],"wp:attachment":[{"href":"https:\/\/www.lepoglava.hr\/festival-cipke\/wp-json\/wp\/v2\/media?parent=2909"}],"wp:term":[{"taxonomy":"category","embeddable":true,"href":"https:\/\/www.lepoglava.hr\/festival-cipke\/wp-json\/wp\/v2\/categories?post=2909"},{"taxonomy":"post_tag","embeddable":true,"href":"https:\/\/www.lepoglava.hr\/festival-cipke\/wp-json\/wp\/v2\/tags?post=2909"}],"curies":[{"name":"wp","href":"https:\/\/api.w.org\/{rel}","templated":true}]}}