{"id":3025,"date":"2023-09-18T08:38:27","date_gmt":"2023-09-18T08:38:27","guid":{"rendered":"https:\/\/www.lepoglava.hr\/festival-cipke\/?p=3025"},"modified":"2023-09-18T08:38:40","modified_gmt":"2023-09-18T08:38:40","slug":"koncert-limenih-glazbi-za-kraj-festivala","status":"publish","type":"post","link":"https:\/\/www.lepoglava.hr\/festival-cipke\/koncert-limenih-glazbi-za-kraj-festivala\/","title":{"rendered":"Koncert limenih glazbi za kraj festivala"},"content":{"rendered":"\n<p><strong>Ve\u0107 tradicionalnim &#8211; Gradona\u010delnikovim gula\u0161om, u nedjelju je zavr\u0161io program ovogodi\u0161njeg 27. Me\u0111unarodnog festivala \u010dipke u Lepoglavi.<\/strong><\/p>\n\n\n\n<p>I posljednjeg festivalskog dana ovogodi\u0161njeg festivala u Lepoglavi je bilo vrlo \u017eivo. Posjetitelji su razgledali izlo\u017ebe \u010dipki u pavlinskom samostanu te izlo\u0161ke na sajmu tradicijskog rukotvorstva na dvori\u0161tu uz lepoglavsku crkvu, u kojoj je slu\u017eena misa za sudionike ovogodi\u0161njeg festivala na kojem su izlagale \u010dipkarice iz osam europskih zemalja.<\/p>\n\n\n\n<figure class=\"wp-block-image size-large\"><img decoding=\"async\" loading=\"lazy\" width=\"1024\" height=\"683\" src=\"https:\/\/www.lepoglava.hr\/festival-cipke\/wp-content\/uploads\/2023\/09\/mfc_zatvaranje_12-1024x683.jpg\" alt=\"\" class=\"wp-image-3027\" srcset=\"https:\/\/www.lepoglava.hr\/festival-cipke\/wp-content\/uploads\/2023\/09\/mfc_zatvaranje_12-1024x683.jpg 1024w, https:\/\/www.lepoglava.hr\/festival-cipke\/wp-content\/uploads\/2023\/09\/mfc_zatvaranje_12-300x200.jpg 300w, https:\/\/www.lepoglava.hr\/festival-cipke\/wp-content\/uploads\/2023\/09\/mfc_zatvaranje_12-768x513.jpg 768w, https:\/\/www.lepoglava.hr\/festival-cipke\/wp-content\/uploads\/2023\/09\/mfc_zatvaranje_12.jpg 1500w\" sizes=\"(max-width: 1024px) 100vw, 1024px\" \/><\/figure>\n\n\n\n<p>Poslijepodnevni program je zapo\u010deo godi\u0161njim koncertom Limene glazbe Lepoglava s kojom je nastupio i Puha\u010di orkestar Alples iz slovenske op\u0107ine \u017delezniki te Narodna glazba TKD Ivanjkovci iz Ormo\u017ea.<\/p>\n\n\n\n<figure class=\"wp-block-image size-large\"><img decoding=\"async\" loading=\"lazy\" width=\"1024\" height=\"683\" src=\"https:\/\/www.lepoglava.hr\/festival-cipke\/wp-content\/uploads\/2023\/09\/mfc_zatvaranje_10-1024x683.jpg\" alt=\"\" class=\"wp-image-3028\" srcset=\"https:\/\/www.lepoglava.hr\/festival-cipke\/wp-content\/uploads\/2023\/09\/mfc_zatvaranje_10-1024x683.jpg 1024w, https:\/\/www.lepoglava.hr\/festival-cipke\/wp-content\/uploads\/2023\/09\/mfc_zatvaranje_10-300x200.jpg 300w, https:\/\/www.lepoglava.hr\/festival-cipke\/wp-content\/uploads\/2023\/09\/mfc_zatvaranje_10-768x513.jpg 768w, https:\/\/www.lepoglava.hr\/festival-cipke\/wp-content\/uploads\/2023\/09\/mfc_zatvaranje_10.jpg 1500w\" sizes=\"(max-width: 1024px) 100vw, 1024px\" \/><\/figure>\n\n\n\n<p><\/p>\n\n\n\n<p>-\u010cipka je umjetnost, usko povezana s kulturom i ba\u0161tinom, no, \u010dipka su prije svega ljudi, na\u0161e vrijedne \u010dipkarice koje izra\u0111uju \u010dipke, \u010duvaju to vrijedno umije\u0107e izrade \u010dipke i promoviraju njezinu univerzalnu ljepotu. \u010cipka je na\u0161em gradu omogu\u0107ila da svoju bogatu kulturnu ba\u0161tinu promovira ne samo na lokalnoj, regionalnoj ili nacionalnoj razini, ve\u0107 i na svjetskoj razini. Lepoglava je u protekla tri festivalska dana doista bila \u010dipkarsko sredi\u0161te Europe. Univerzalnu ljepotu lepoglavske \u010dipke prepoznao je i UNESCO, koji je lepoglavsku \u010dipku 2009. godine uvrstio na svjetsku listu nematerijalne kulturne ba\u0161tine \u010dovje\u010danstva. No, s na\u0161im prijateljima nije nas povezala samo \u010dipka, nego i glazba, o \u010demu najbolje svjedo\u010di upravo dugogodi\u0161nja suradnja s Op\u0107inom \u017delezniki. Spojili su nas glazba i glazbenici, jer su se najprije povezale dvije izvrsne limene glazbe, a onda je ta suradnja prerasla u suradnju na\u0161ih gradova Lepoglave i \u017delezniki. Kao dugogodi\u0161nji predsjednik Limene glazbe Lepoglava izra\u017eavam veliko zadovoljstvo s tom suradnjom, jer su na\u0161i brojni susreti uvijek srda\u010dni i sadr\u017eajni. Vjerujem da \u0107e tako biti jo\u0161 puno godina. Hvala vam \u0161to se svojim nastupom uveli\u010dali na\u0161 festival &#8211; istaknuo je gradona\u010delnik Lepoglave <strong>Marijan \u0160kvari\u0107<\/strong> u pozdravnom govoru na nedjeljnom koncertu limenih glazbi.<\/p>\n","protected":false},"excerpt":{"rendered":"<p>Ve\u0107 tradicionalnim &#8211; Gradona\u010delnikovim gula\u0161om, u nedjelju je zavr\u0161io program ovogodi\u0161njeg 27. Me\u0111unarodnog festivala \u010dipke u Lepoglavi. I posljednjeg festivalskog &hellip;<\/p>\n<p class=\"read-more\"> <a class=\"\" href=\"https:\/\/www.lepoglava.hr\/festival-cipke\/koncert-limenih-glazbi-za-kraj-festivala\/\"> <span class=\"screen-reader-text\">Koncert limenih glazbi za kraj festivala<\/span> Vi\u0161e \u00bb<\/a><\/p>\n","protected":false},"author":5,"featured_media":3026,"comment_status":"closed","ping_status":"open","sticky":false,"template":"","format":"standard","meta":{"site-sidebar-layout":"default","site-content-layout":"default","ast-global-header-display":"","ast-banner-title-visibility":"","ast-main-header-display":"","ast-hfb-above-header-display":"","ast-hfb-below-header-display":"","ast-hfb-mobile-header-display":"","site-post-title":"","ast-breadcrumbs-content":"","ast-featured-img":"","footer-sml-layout":"","theme-transparent-header-meta":"","adv-header-id-meta":"","stick-header-meta":"","header-above-stick-meta":"","header-main-stick-meta":"","header-below-stick-meta":"","pgc_sgb_lightbox_settings":""},"categories":[3],"tags":[12,30,14,40],"yoast_head":"<!-- This site is optimized with the Yoast SEO plugin v20.11 - https:\/\/yoast.com\/wordpress\/plugins\/seo\/ -->\n<title>Koncert limenih glazbi za kraj festivala - 29. me\u0111unarodni festival \u010dipke<\/title>\n<meta name=\"description\" content=\"Ve\u0107 tradicionalnim - Gradona\u010delnikovim gula\u0161om, u nedjelju je zavr\u0161io program ovogodi\u0161njeg 27. Me\u0111unarodnog festivala \u010dipke u Lepoglavi.\" \/>\n<meta name=\"robots\" content=\"index, follow, max-snippet:-1, max-image-preview:large, max-video-preview:-1\" \/>\n<link rel=\"canonical\" href=\"https:\/\/www.lepoglava.hr\/festival-cipke\/koncert-limenih-glazbi-za-kraj-festivala\/\" \/>\n<meta property=\"og:locale\" content=\"hr_HR\" \/>\n<meta property=\"og:type\" content=\"article\" \/>\n<meta property=\"og:title\" content=\"Koncert limenih glazbi za kraj festivala - 29. me\u0111unarodni festival \u010dipke\" \/>\n<meta property=\"og:description\" content=\"Ve\u0107 tradicionalnim - Gradona\u010delnikovim gula\u0161om, u nedjelju je zavr\u0161io program ovogodi\u0161njeg 27. Me\u0111unarodnog festivala \u010dipke u Lepoglavi.\" \/>\n<meta property=\"og:url\" content=\"https:\/\/www.lepoglava.hr\/festival-cipke\/koncert-limenih-glazbi-za-kraj-festivala\/\" \/>\n<meta property=\"og:site_name\" content=\"29. me\u0111unarodni festival \u010dipke\" \/>\n<meta property=\"article:published_time\" content=\"2023-09-18T08:38:27+00:00\" \/>\n<meta property=\"article:modified_time\" content=\"2023-09-18T08:38:40+00:00\" \/>\n<meta property=\"og:image\" content=\"https:\/\/www.lepoglava.hr\/festival-cipke\/wp-content\/uploads\/2023\/09\/mfc_zatvaranje_07.jpg\" \/>\n\t<meta property=\"og:image:width\" content=\"1500\" \/>\n\t<meta property=\"og:image:height\" content=\"1000\" \/>\n\t<meta property=\"og:image:type\" content=\"image\/jpeg\" \/>\n<meta name=\"author\" content=\"ulimarus\" \/>\n<meta name=\"twitter:card\" content=\"summary_large_image\" \/>\n<meta name=\"twitter:label1\" content=\"Napisao\/la\" \/>\n\t<meta name=\"twitter:data1\" content=\"ulimarus\" \/>\n\t<meta name=\"twitter:label2\" content=\"Procijenjeno vrijeme \u010ditanja\" \/>\n\t<meta name=\"twitter:data2\" content=\"2 minute\" \/>\n<script type=\"application\/ld+json\" class=\"yoast-schema-graph\">{\"@context\":\"https:\/\/schema.org\",\"@graph\":[{\"@type\":\"Article\",\"@id\":\"https:\/\/www.lepoglava.hr\/festival-cipke\/koncert-limenih-glazbi-za-kraj-festivala\/#article\",\"isPartOf\":{\"@id\":\"https:\/\/www.lepoglava.hr\/festival-cipke\/koncert-limenih-glazbi-za-kraj-festivala\/\"},\"author\":{\"name\":\"ulimarus\",\"@id\":\"https:\/\/www.lepoglava.hr\/festival-cipke\/#\/schema\/person\/afb90b44ec6c12f33e98a7f5c6c611e1\"},\"headline\":\"Koncert limenih glazbi za kraj festivala\",\"datePublished\":\"2023-09-18T08:38:27+00:00\",\"dateModified\":\"2023-09-18T08:38:40+00:00\",\"mainEntityOfPage\":{\"@id\":\"https:\/\/www.lepoglava.hr\/festival-cipke\/koncert-limenih-glazbi-za-kraj-festivala\/\"},\"wordCount\":330,\"publisher\":{\"@id\":\"https:\/\/www.lepoglava.hr\/festival-cipke\/#organization\"},\"keywords\":[\"\u010dipka\",\"Festival 2023\",\"lepoglava\",\"limena glazba\"],\"articleSection\":[\"Novosti\"],\"inLanguage\":\"hr\"},{\"@type\":\"WebPage\",\"@id\":\"https:\/\/www.lepoglava.hr\/festival-cipke\/koncert-limenih-glazbi-za-kraj-festivala\/\",\"url\":\"https:\/\/www.lepoglava.hr\/festival-cipke\/koncert-limenih-glazbi-za-kraj-festivala\/\",\"name\":\"Koncert limenih glazbi za kraj festivala - 29. me\u0111unarodni festival \u010dipke\",\"isPartOf\":{\"@id\":\"https:\/\/www.lepoglava.hr\/festival-cipke\/#website\"},\"datePublished\":\"2023-09-18T08:38:27+00:00\",\"dateModified\":\"2023-09-18T08:38:40+00:00\",\"description\":\"Ve\u0107 tradicionalnim - Gradona\u010delnikovim gula\u0161om, u nedjelju je zavr\u0161io program ovogodi\u0161njeg 27. Me\u0111unarodnog festivala \u010dipke u Lepoglavi.\",\"breadcrumb\":{\"@id\":\"https:\/\/www.lepoglava.hr\/festival-cipke\/koncert-limenih-glazbi-za-kraj-festivala\/#breadcrumb\"},\"inLanguage\":\"hr\",\"potentialAction\":[{\"@type\":\"ReadAction\",\"target\":[\"https:\/\/www.lepoglava.hr\/festival-cipke\/koncert-limenih-glazbi-za-kraj-festivala\/\"]}]},{\"@type\":\"BreadcrumbList\",\"@id\":\"https:\/\/www.lepoglava.hr\/festival-cipke\/koncert-limenih-glazbi-za-kraj-festivala\/#breadcrumb\",\"itemListElement\":[{\"@type\":\"ListItem\",\"position\":1,\"name\":\"Po\u010detna stranica\",\"item\":\"https:\/\/www.lepoglava.hr\/festival-cipke\/\"},{\"@type\":\"ListItem\",\"position\":2,\"name\":\"Koncert limenih glazbi za kraj festivala\"}]},{\"@type\":\"WebSite\",\"@id\":\"https:\/\/www.lepoglava.hr\/festival-cipke\/#website\",\"url\":\"https:\/\/www.lepoglava.hr\/festival-cipke\/\",\"name\":\"29. me\u0111unarodni festival \u010dipke\",\"description\":\"29. me\u0111unarodni festival \u010dipke - Lepoglava\",\"publisher\":{\"@id\":\"https:\/\/www.lepoglava.hr\/festival-cipke\/#organization\"},\"potentialAction\":[{\"@type\":\"SearchAction\",\"target\":{\"@type\":\"EntryPoint\",\"urlTemplate\":\"https:\/\/www.lepoglava.hr\/festival-cipke\/?s={search_term_string}\"},\"query-input\":\"required name=search_term_string\"}],\"inLanguage\":\"hr\"},{\"@type\":\"Organization\",\"@id\":\"https:\/\/www.lepoglava.hr\/festival-cipke\/#organization\",\"name\":\"Grad Lepoglava\",\"url\":\"https:\/\/www.lepoglava.hr\/festival-cipke\/\",\"logo\":{\"@type\":\"ImageObject\",\"inLanguage\":\"hr\",\"@id\":\"https:\/\/www.lepoglava.hr\/festival-cipke\/#\/schema\/logo\/image\/\",\"url\":\"https:\/\/www.lepoglava.hr\/festival-cipke\/wp-content\/uploads\/2020\/08\/lepoglava-logo.png\",\"contentUrl\":\"https:\/\/www.lepoglava.hr\/festival-cipke\/wp-content\/uploads\/2020\/08\/lepoglava-logo.png\",\"width\":202,\"height\":58,\"caption\":\"Grad Lepoglava\"},\"image\":{\"@id\":\"https:\/\/www.lepoglava.hr\/festival-cipke\/#\/schema\/logo\/image\/\"}},{\"@type\":\"Person\",\"@id\":\"https:\/\/www.lepoglava.hr\/festival-cipke\/#\/schema\/person\/afb90b44ec6c12f33e98a7f5c6c611e1\",\"name\":\"ulimarus\"}]}<\/script>\n<!-- \/ Yoast SEO plugin. -->","yoast_head_json":{"title":"Koncert limenih glazbi za kraj festivala - 29. me\u0111unarodni festival \u010dipke","description":"Ve\u0107 tradicionalnim - Gradona\u010delnikovim gula\u0161om, u nedjelju je zavr\u0161io program ovogodi\u0161njeg 27. Me\u0111unarodnog festivala \u010dipke u Lepoglavi.","robots":{"index":"index","follow":"follow","max-snippet":"max-snippet:-1","max-image-preview":"max-image-preview:large","max-video-preview":"max-video-preview:-1"},"canonical":"https:\/\/www.lepoglava.hr\/festival-cipke\/koncert-limenih-glazbi-za-kraj-festivala\/","og_locale":"hr_HR","og_type":"article","og_title":"Koncert limenih glazbi za kraj festivala - 29. me\u0111unarodni festival \u010dipke","og_description":"Ve\u0107 tradicionalnim - Gradona\u010delnikovim gula\u0161om, u nedjelju je zavr\u0161io program ovogodi\u0161njeg 27. Me\u0111unarodnog festivala \u010dipke u Lepoglavi.","og_url":"https:\/\/www.lepoglava.hr\/festival-cipke\/koncert-limenih-glazbi-za-kraj-festivala\/","og_site_name":"29. me\u0111unarodni festival \u010dipke","article_published_time":"2023-09-18T08:38:27+00:00","article_modified_time":"2023-09-18T08:38:40+00:00","og_image":[{"width":1500,"height":1000,"url":"https:\/\/www.lepoglava.hr\/festival-cipke\/wp-content\/uploads\/2023\/09\/mfc_zatvaranje_07.jpg","type":"image\/jpeg"}],"author":"ulimarus","twitter_card":"summary_large_image","twitter_misc":{"Napisao\/la":"ulimarus","Procijenjeno vrijeme \u010ditanja":"2 minute"},"schema":{"@context":"https:\/\/schema.org","@graph":[{"@type":"Article","@id":"https:\/\/www.lepoglava.hr\/festival-cipke\/koncert-limenih-glazbi-za-kraj-festivala\/#article","isPartOf":{"@id":"https:\/\/www.lepoglava.hr\/festival-cipke\/koncert-limenih-glazbi-za-kraj-festivala\/"},"author":{"name":"ulimarus","@id":"https:\/\/www.lepoglava.hr\/festival-cipke\/#\/schema\/person\/afb90b44ec6c12f33e98a7f5c6c611e1"},"headline":"Koncert limenih glazbi za kraj festivala","datePublished":"2023-09-18T08:38:27+00:00","dateModified":"2023-09-18T08:38:40+00:00","mainEntityOfPage":{"@id":"https:\/\/www.lepoglava.hr\/festival-cipke\/koncert-limenih-glazbi-za-kraj-festivala\/"},"wordCount":330,"publisher":{"@id":"https:\/\/www.lepoglava.hr\/festival-cipke\/#organization"},"keywords":["\u010dipka","Festival 2023","lepoglava","limena glazba"],"articleSection":["Novosti"],"inLanguage":"hr"},{"@type":"WebPage","@id":"https:\/\/www.lepoglava.hr\/festival-cipke\/koncert-limenih-glazbi-za-kraj-festivala\/","url":"https:\/\/www.lepoglava.hr\/festival-cipke\/koncert-limenih-glazbi-za-kraj-festivala\/","name":"Koncert limenih glazbi za kraj festivala - 29. me\u0111unarodni festival \u010dipke","isPartOf":{"@id":"https:\/\/www.lepoglava.hr\/festival-cipke\/#website"},"datePublished":"2023-09-18T08:38:27+00:00","dateModified":"2023-09-18T08:38:40+00:00","description":"Ve\u0107 tradicionalnim - Gradona\u010delnikovim gula\u0161om, u nedjelju je zavr\u0161io program ovogodi\u0161njeg 27. Me\u0111unarodnog festivala \u010dipke u Lepoglavi.","breadcrumb":{"@id":"https:\/\/www.lepoglava.hr\/festival-cipke\/koncert-limenih-glazbi-za-kraj-festivala\/#breadcrumb"},"inLanguage":"hr","potentialAction":[{"@type":"ReadAction","target":["https:\/\/www.lepoglava.hr\/festival-cipke\/koncert-limenih-glazbi-za-kraj-festivala\/"]}]},{"@type":"BreadcrumbList","@id":"https:\/\/www.lepoglava.hr\/festival-cipke\/koncert-limenih-glazbi-za-kraj-festivala\/#breadcrumb","itemListElement":[{"@type":"ListItem","position":1,"name":"Po\u010detna stranica","item":"https:\/\/www.lepoglava.hr\/festival-cipke\/"},{"@type":"ListItem","position":2,"name":"Koncert limenih glazbi za kraj festivala"}]},{"@type":"WebSite","@id":"https:\/\/www.lepoglava.hr\/festival-cipke\/#website","url":"https:\/\/www.lepoglava.hr\/festival-cipke\/","name":"29. me\u0111unarodni festival \u010dipke","description":"29. me\u0111unarodni festival \u010dipke - Lepoglava","publisher":{"@id":"https:\/\/www.lepoglava.hr\/festival-cipke\/#organization"},"potentialAction":[{"@type":"SearchAction","target":{"@type":"EntryPoint","urlTemplate":"https:\/\/www.lepoglava.hr\/festival-cipke\/?s={search_term_string}"},"query-input":"required name=search_term_string"}],"inLanguage":"hr"},{"@type":"Organization","@id":"https:\/\/www.lepoglava.hr\/festival-cipke\/#organization","name":"Grad Lepoglava","url":"https:\/\/www.lepoglava.hr\/festival-cipke\/","logo":{"@type":"ImageObject","inLanguage":"hr","@id":"https:\/\/www.lepoglava.hr\/festival-cipke\/#\/schema\/logo\/image\/","url":"https:\/\/www.lepoglava.hr\/festival-cipke\/wp-content\/uploads\/2020\/08\/lepoglava-logo.png","contentUrl":"https:\/\/www.lepoglava.hr\/festival-cipke\/wp-content\/uploads\/2020\/08\/lepoglava-logo.png","width":202,"height":58,"caption":"Grad Lepoglava"},"image":{"@id":"https:\/\/www.lepoglava.hr\/festival-cipke\/#\/schema\/logo\/image\/"}},{"@type":"Person","@id":"https:\/\/www.lepoglava.hr\/festival-cipke\/#\/schema\/person\/afb90b44ec6c12f33e98a7f5c6c611e1","name":"ulimarus"}]}},"_links":{"self":[{"href":"https:\/\/www.lepoglava.hr\/festival-cipke\/wp-json\/wp\/v2\/posts\/3025"}],"collection":[{"href":"https:\/\/www.lepoglava.hr\/festival-cipke\/wp-json\/wp\/v2\/posts"}],"about":[{"href":"https:\/\/www.lepoglava.hr\/festival-cipke\/wp-json\/wp\/v2\/types\/post"}],"author":[{"embeddable":true,"href":"https:\/\/www.lepoglava.hr\/festival-cipke\/wp-json\/wp\/v2\/users\/5"}],"replies":[{"embeddable":true,"href":"https:\/\/www.lepoglava.hr\/festival-cipke\/wp-json\/wp\/v2\/comments?post=3025"}],"version-history":[{"count":1,"href":"https:\/\/www.lepoglava.hr\/festival-cipke\/wp-json\/wp\/v2\/posts\/3025\/revisions"}],"predecessor-version":[{"id":3029,"href":"https:\/\/www.lepoglava.hr\/festival-cipke\/wp-json\/wp\/v2\/posts\/3025\/revisions\/3029"}],"wp:featuredmedia":[{"embeddable":true,"href":"https:\/\/www.lepoglava.hr\/festival-cipke\/wp-json\/wp\/v2\/media\/3026"}],"wp:attachment":[{"href":"https:\/\/www.lepoglava.hr\/festival-cipke\/wp-json\/wp\/v2\/media?parent=3025"}],"wp:term":[{"taxonomy":"category","embeddable":true,"href":"https:\/\/www.lepoglava.hr\/festival-cipke\/wp-json\/wp\/v2\/categories?post=3025"},{"taxonomy":"post_tag","embeddable":true,"href":"https:\/\/www.lepoglava.hr\/festival-cipke\/wp-json\/wp\/v2\/tags?post=3025"}],"curies":[{"name":"wp","href":"https:\/\/api.w.org\/{rel}","templated":true}]}}