{"id":3207,"date":"2024-09-13T10:34:12","date_gmt":"2024-09-13T10:34:12","guid":{"rendered":"https:\/\/www.lepoglava.hr\/festival-cipke\/?p=3207"},"modified":"2024-09-13T10:34:14","modified_gmt":"2024-09-13T10:34:14","slug":"poceo-festivalski-program-uz-dan-europske-bastine","status":"publish","type":"post","link":"https:\/\/www.lepoglava.hr\/festival-cipke\/poceo-festivalski-program-uz-dan-europske-bastine\/","title":{"rendered":"Po\u010deo festivalski program uz Dan europske ba\u0161tine!"},"content":{"rendered":"\n<p>Program 28. Me\u0111unarodnog festivala \u010dipke po\u010deo je u petak, 13. rujna, uklju\u010divanjem u manifestaciju Dani europske ba\u0161tine, koji se ove godine odr\u017eavaju uz temu \u201eBa\u0161tina koja povezuje &#8211; kulturne rute i mre\u017ee!\u201c. U skladu s temom zanimljivo predavanje &#8211; Kulturna ba\u0161tina\u00a0koja oblikuje na\u0161 dana\u0161nji na\u010din \u017eivota odr\u017eala je dr.sc. <strong>Mirjana Posavec<\/strong>, a u\u010denici vara\u017edinske Srednje strukovne \u0161kole i Osnovne \u0161kole Ivana Rangera iz Kamenice sudjelovali su u radionici \u201eOd niti do haljine\u201d u sklopu koje su aplicirali lepoglavsku \u010dipku na razli\u010dite ukrasne i uporabne predmete, ali i na haljinu, a oku\u0161ali su se i u pletenju tekstilnim trakama. <\/p>\n\n\n\n<p>Program Dana europske ba\u0161tine u Lepoglavi \u0107e zavr\u0161iti uz modnu reviju na kojoj \u0107e biti predstavljene kreacije dizajnerice <strong>Zdenke Buni\u0107<\/strong>, u\u010denika Srednje strukovne \u0161kole Vara\u017edin i djece iz Dje\u010djeg vrti\u0107a Lepoglava koja \u0107e po\u010deti u 16 sati na Tawanu u Domu kulture. <\/p>\n\n\n\n<figure class=\"wp-block-gallery has-nested-images columns-default is-cropped wp-block-gallery-1 is-layout-flex\">\n<figure class=\"wp-block-image size-large\"><a href=\"https:\/\/www.lepoglava.hr\/festival-cipke\/wp-content\/uploads\/2024\/09\/viber_slika_2024-09-13_11-43-16-526.jpg\"><img decoding=\"async\" loading=\"lazy\" width=\"1024\" height=\"768\" data-id=\"3210\"  src=\"https:\/\/www.lepoglava.hr\/festival-cipke\/wp-content\/uploads\/2024\/09\/viber_slika_2024-09-13_11-43-16-526-1024x768.jpg\" alt=\"\" class=\"wp-image-3210\" srcset=\"https:\/\/www.lepoglava.hr\/festival-cipke\/wp-content\/uploads\/2024\/09\/viber_slika_2024-09-13_11-43-16-526-1024x768.jpg 1024w, https:\/\/www.lepoglava.hr\/festival-cipke\/wp-content\/uploads\/2024\/09\/viber_slika_2024-09-13_11-43-16-526-300x225.jpg 300w, https:\/\/www.lepoglava.hr\/festival-cipke\/wp-content\/uploads\/2024\/09\/viber_slika_2024-09-13_11-43-16-526-768x576.jpg 768w, https:\/\/www.lepoglava.hr\/festival-cipke\/wp-content\/uploads\/2024\/09\/viber_slika_2024-09-13_11-43-16-526-1536x1152.jpg 1536w, https:\/\/www.lepoglava.hr\/festival-cipke\/wp-content\/uploads\/2024\/09\/viber_slika_2024-09-13_11-43-16-526.jpg 1600w\" sizes=\"(max-width: 1024px) 100vw, 1024px\" \/><\/a><\/figure>\n\n\n\n<figure class=\"wp-block-image size-large\"><a href=\"https:\/\/www.lepoglava.hr\/festival-cipke\/wp-content\/uploads\/2024\/09\/viber_slika_2024-09-13_11-43-16-550.jpg\"><img decoding=\"async\" loading=\"lazy\" width=\"769\" height=\"1024\" data-id=\"3211\"  src=\"https:\/\/www.lepoglava.hr\/festival-cipke\/wp-content\/uploads\/2024\/09\/viber_slika_2024-09-13_11-43-16-550-769x1024.jpg\" alt=\"\" class=\"wp-image-3211\" srcset=\"https:\/\/www.lepoglava.hr\/festival-cipke\/wp-content\/uploads\/2024\/09\/viber_slika_2024-09-13_11-43-16-550-769x1024.jpg 769w, https:\/\/www.lepoglava.hr\/festival-cipke\/wp-content\/uploads\/2024\/09\/viber_slika_2024-09-13_11-43-16-550-225x300.jpg 225w, https:\/\/www.lepoglava.hr\/festival-cipke\/wp-content\/uploads\/2024\/09\/viber_slika_2024-09-13_11-43-16-550-768x1022.jpg 768w, https:\/\/www.lepoglava.hr\/festival-cipke\/wp-content\/uploads\/2024\/09\/viber_slika_2024-09-13_11-43-16-550-1154x1536.jpg 1154w, https:\/\/www.lepoglava.hr\/festival-cipke\/wp-content\/uploads\/2024\/09\/viber_slika_2024-09-13_11-43-16-550.jpg 1202w\" sizes=\"(max-width: 769px) 100vw, 769px\" \/><\/a><\/figure>\n\n\n\n<figure class=\"wp-block-image size-large\"><a href=\"https:\/\/www.lepoglava.hr\/festival-cipke\/wp-content\/uploads\/2024\/09\/viber_slika_2024-09-13_11-43-16-603.jpg\"><img decoding=\"async\" loading=\"lazy\" width=\"1024\" height=\"768\" data-id=\"3212\"  src=\"https:\/\/www.lepoglava.hr\/festival-cipke\/wp-content\/uploads\/2024\/09\/viber_slika_2024-09-13_11-43-16-603-1024x768.jpg\" alt=\"\" class=\"wp-image-3212\" srcset=\"https:\/\/www.lepoglava.hr\/festival-cipke\/wp-content\/uploads\/2024\/09\/viber_slika_2024-09-13_11-43-16-603-1024x768.jpg 1024w, https:\/\/www.lepoglava.hr\/festival-cipke\/wp-content\/uploads\/2024\/09\/viber_slika_2024-09-13_11-43-16-603-300x225.jpg 300w, https:\/\/www.lepoglava.hr\/festival-cipke\/wp-content\/uploads\/2024\/09\/viber_slika_2024-09-13_11-43-16-603-768x576.jpg 768w, https:\/\/www.lepoglava.hr\/festival-cipke\/wp-content\/uploads\/2024\/09\/viber_slika_2024-09-13_11-43-16-603-1536x1152.jpg 1536w, https:\/\/www.lepoglava.hr\/festival-cipke\/wp-content\/uploads\/2024\/09\/viber_slika_2024-09-13_11-43-16-603.jpg 1600w\" sizes=\"(max-width: 1024px) 100vw, 1024px\" \/><\/a><\/figure>\n<\/figure>\n\n\n\n<p>Prvi dan festivala \u0107e biti nastavljen u pavlinskom samostanu izlo\u017ebom &#8211; Lepoglavski festivali kroz filateliju 2, na kojoj \u0107e biti izlo\u017eene prigodne<br>dopisnice u izboru <strong>Milana Pavlekovi\u0107a<\/strong>, te izlo\u017ebom dje\u010djih radova &#8211; \u0160areni festivali \u010dipke. Slu\u017ebeno otvorenje Festivala po\u010det \u0107e u sve\u010danom \u0161atoru u 19 sati, a nakon toga \u0107e u 20 sati i 30 minuta biti sve\u010dano podizanje festivalske zastave, pa tradicionalni vatromet.<\/p>\n\n\n\n<p><\/p>\n","protected":false},"excerpt":{"rendered":"<p>Program 28. Me\u0111unarodnog festivala \u010dipke po\u010deo je u petak, 13. rujna, uklju\u010divanjem u manifestaciju Dani europske ba\u0161tine, koji se ove &hellip;<\/p>\n<p class=\"read-more\"> <a class=\"\" href=\"https:\/\/www.lepoglava.hr\/festival-cipke\/poceo-festivalski-program-uz-dan-europske-bastine\/\"> <span class=\"screen-reader-text\">Po\u010deo festivalski program uz Dan europske ba\u0161tine!<\/span> Vi\u0161e \u00bb<\/a><\/p>\n","protected":false},"author":5,"featured_media":3209,"comment_status":"closed","ping_status":"open","sticky":false,"template":"","format":"standard","meta":{"site-sidebar-layout":"default","site-content-layout":"default","ast-global-header-display":"","ast-banner-title-visibility":"","ast-main-header-display":"","ast-hfb-above-header-display":"","ast-hfb-below-header-display":"","ast-hfb-mobile-header-display":"","site-post-title":"","ast-breadcrumbs-content":"","ast-featured-img":"","footer-sml-layout":"","theme-transparent-header-meta":"","adv-header-id-meta":"","stick-header-meta":"","header-above-stick-meta":"","header-main-stick-meta":"","header-below-stick-meta":"","pgc_sgb_lightbox_settings":""},"categories":[3],"tags":[],"yoast_head":"<!-- This site is optimized with the Yoast SEO plugin v20.11 - https:\/\/yoast.com\/wordpress\/plugins\/seo\/ -->\n<title>Po\u010deo festivalski program uz Dan europske ba\u0161tine! - 29. me\u0111unarodni festival \u010dipke<\/title>\n<meta name=\"description\" content=\"Program 28. Me\u0111unarodnog festivala \u010dipke po\u010deo je u petak, 13. rujna, uklju\u010divanjem u manifestaciju Dani europske ba\u0161tine, koji se ove godine odr\u017eavaju uz temu \u201eBa\u0161tina koja povezuje - kulturne rute i mre\u017ee!\u201c.\" \/>\n<meta name=\"robots\" content=\"index, follow, max-snippet:-1, max-image-preview:large, max-video-preview:-1\" \/>\n<link rel=\"canonical\" href=\"https:\/\/www.lepoglava.hr\/festival-cipke\/poceo-festivalski-program-uz-dan-europske-bastine\/\" \/>\n<meta property=\"og:locale\" content=\"hr_HR\" \/>\n<meta property=\"og:type\" content=\"article\" \/>\n<meta property=\"og:title\" content=\"Po\u010deo festivalski program uz Dan europske ba\u0161tine! - 29. me\u0111unarodni festival \u010dipke\" \/>\n<meta property=\"og:description\" content=\"Program 28. Me\u0111unarodnog festivala \u010dipke po\u010deo je u petak, 13. rujna, uklju\u010divanjem u manifestaciju Dani europske ba\u0161tine, koji se ove godine odr\u017eavaju uz temu \u201eBa\u0161tina koja povezuje - kulturne rute i mre\u017ee!\u201c.\" \/>\n<meta property=\"og:url\" content=\"https:\/\/www.lepoglava.hr\/festival-cipke\/poceo-festivalski-program-uz-dan-europske-bastine\/\" \/>\n<meta property=\"og:site_name\" content=\"29. me\u0111unarodni festival \u010dipke\" \/>\n<meta property=\"article:published_time\" content=\"2024-09-13T10:34:12+00:00\" \/>\n<meta property=\"article:modified_time\" content=\"2024-09-13T10:34:14+00:00\" \/>\n<meta property=\"og:image\" content=\"https:\/\/www.lepoglava.hr\/festival-cipke\/wp-content\/uploads\/2024\/09\/viber_slika_2024-09-13_11-43-16-219.jpg\" \/>\n\t<meta property=\"og:image:width\" content=\"1600\" \/>\n\t<meta property=\"og:image:height\" content=\"1200\" \/>\n\t<meta property=\"og:image:type\" content=\"image\/jpeg\" \/>\n<meta name=\"author\" content=\"ulimarus\" \/>\n<meta name=\"twitter:card\" content=\"summary_large_image\" \/>\n<meta name=\"twitter:label1\" content=\"Napisao\/la\" \/>\n\t<meta name=\"twitter:data1\" content=\"ulimarus\" \/>\n\t<meta name=\"twitter:label2\" content=\"Procijenjeno vrijeme \u010ditanja\" \/>\n\t<meta name=\"twitter:data2\" content=\"2 minute\" \/>\n<script type=\"application\/ld+json\" class=\"yoast-schema-graph\">{\"@context\":\"https:\/\/schema.org\",\"@graph\":[{\"@type\":\"Article\",\"@id\":\"https:\/\/www.lepoglava.hr\/festival-cipke\/poceo-festivalski-program-uz-dan-europske-bastine\/#article\",\"isPartOf\":{\"@id\":\"https:\/\/www.lepoglava.hr\/festival-cipke\/poceo-festivalski-program-uz-dan-europske-bastine\/\"},\"author\":{\"name\":\"ulimarus\",\"@id\":\"https:\/\/www.lepoglava.hr\/festival-cipke\/#\/schema\/person\/afb90b44ec6c12f33e98a7f5c6c611e1\"},\"headline\":\"Po\u010deo festivalski program uz Dan europske ba\u0161tine!\",\"datePublished\":\"2024-09-13T10:34:12+00:00\",\"dateModified\":\"2024-09-13T10:34:14+00:00\",\"mainEntityOfPage\":{\"@id\":\"https:\/\/www.lepoglava.hr\/festival-cipke\/poceo-festivalski-program-uz-dan-europske-bastine\/\"},\"wordCount\":238,\"publisher\":{\"@id\":\"https:\/\/www.lepoglava.hr\/festival-cipke\/#organization\"},\"articleSection\":[\"Novosti\"],\"inLanguage\":\"hr\"},{\"@type\":\"WebPage\",\"@id\":\"https:\/\/www.lepoglava.hr\/festival-cipke\/poceo-festivalski-program-uz-dan-europske-bastine\/\",\"url\":\"https:\/\/www.lepoglava.hr\/festival-cipke\/poceo-festivalski-program-uz-dan-europske-bastine\/\",\"name\":\"Po\u010deo festivalski program uz Dan europske ba\u0161tine! - 29. me\u0111unarodni festival \u010dipke\",\"isPartOf\":{\"@id\":\"https:\/\/www.lepoglava.hr\/festival-cipke\/#website\"},\"datePublished\":\"2024-09-13T10:34:12+00:00\",\"dateModified\":\"2024-09-13T10:34:14+00:00\",\"description\":\"Program 28. Me\u0111unarodnog festivala \u010dipke po\u010deo je u petak, 13. rujna, uklju\u010divanjem u manifestaciju Dani europske ba\u0161tine, koji se ove godine odr\u017eavaju uz temu \u201eBa\u0161tina koja povezuje - kulturne rute i mre\u017ee!\u201c.\",\"breadcrumb\":{\"@id\":\"https:\/\/www.lepoglava.hr\/festival-cipke\/poceo-festivalski-program-uz-dan-europske-bastine\/#breadcrumb\"},\"inLanguage\":\"hr\",\"potentialAction\":[{\"@type\":\"ReadAction\",\"target\":[\"https:\/\/www.lepoglava.hr\/festival-cipke\/poceo-festivalski-program-uz-dan-europske-bastine\/\"]}]},{\"@type\":\"BreadcrumbList\",\"@id\":\"https:\/\/www.lepoglava.hr\/festival-cipke\/poceo-festivalski-program-uz-dan-europske-bastine\/#breadcrumb\",\"itemListElement\":[{\"@type\":\"ListItem\",\"position\":1,\"name\":\"Po\u010detna stranica\",\"item\":\"https:\/\/www.lepoglava.hr\/festival-cipke\/\"},{\"@type\":\"ListItem\",\"position\":2,\"name\":\"Po\u010deo festivalski program uz Dan europske ba\u0161tine!\"}]},{\"@type\":\"WebSite\",\"@id\":\"https:\/\/www.lepoglava.hr\/festival-cipke\/#website\",\"url\":\"https:\/\/www.lepoglava.hr\/festival-cipke\/\",\"name\":\"29. me\u0111unarodni festival \u010dipke\",\"description\":\"29. me\u0111unarodni festival \u010dipke - Lepoglava\",\"publisher\":{\"@id\":\"https:\/\/www.lepoglava.hr\/festival-cipke\/#organization\"},\"potentialAction\":[{\"@type\":\"SearchAction\",\"target\":{\"@type\":\"EntryPoint\",\"urlTemplate\":\"https:\/\/www.lepoglava.hr\/festival-cipke\/?s={search_term_string}\"},\"query-input\":\"required name=search_term_string\"}],\"inLanguage\":\"hr\"},{\"@type\":\"Organization\",\"@id\":\"https:\/\/www.lepoglava.hr\/festival-cipke\/#organization\",\"name\":\"Grad Lepoglava\",\"url\":\"https:\/\/www.lepoglava.hr\/festival-cipke\/\",\"logo\":{\"@type\":\"ImageObject\",\"inLanguage\":\"hr\",\"@id\":\"https:\/\/www.lepoglava.hr\/festival-cipke\/#\/schema\/logo\/image\/\",\"url\":\"https:\/\/www.lepoglava.hr\/festival-cipke\/wp-content\/uploads\/2020\/08\/lepoglava-logo.png\",\"contentUrl\":\"https:\/\/www.lepoglava.hr\/festival-cipke\/wp-content\/uploads\/2020\/08\/lepoglava-logo.png\",\"width\":202,\"height\":58,\"caption\":\"Grad Lepoglava\"},\"image\":{\"@id\":\"https:\/\/www.lepoglava.hr\/festival-cipke\/#\/schema\/logo\/image\/\"}},{\"@type\":\"Person\",\"@id\":\"https:\/\/www.lepoglava.hr\/festival-cipke\/#\/schema\/person\/afb90b44ec6c12f33e98a7f5c6c611e1\",\"name\":\"ulimarus\"}]}<\/script>\n<!-- \/ Yoast SEO plugin. -->","yoast_head_json":{"title":"Po\u010deo festivalski program uz Dan europske ba\u0161tine! - 29. me\u0111unarodni festival \u010dipke","description":"Program 28. Me\u0111unarodnog festivala \u010dipke po\u010deo je u petak, 13. rujna, uklju\u010divanjem u manifestaciju Dani europske ba\u0161tine, koji se ove godine odr\u017eavaju uz temu \u201eBa\u0161tina koja povezuje - kulturne rute i mre\u017ee!\u201c.","robots":{"index":"index","follow":"follow","max-snippet":"max-snippet:-1","max-image-preview":"max-image-preview:large","max-video-preview":"max-video-preview:-1"},"canonical":"https:\/\/www.lepoglava.hr\/festival-cipke\/poceo-festivalski-program-uz-dan-europske-bastine\/","og_locale":"hr_HR","og_type":"article","og_title":"Po\u010deo festivalski program uz Dan europske ba\u0161tine! - 29. me\u0111unarodni festival \u010dipke","og_description":"Program 28. Me\u0111unarodnog festivala \u010dipke po\u010deo je u petak, 13. rujna, uklju\u010divanjem u manifestaciju Dani europske ba\u0161tine, koji se ove godine odr\u017eavaju uz temu \u201eBa\u0161tina koja povezuje - kulturne rute i mre\u017ee!\u201c.","og_url":"https:\/\/www.lepoglava.hr\/festival-cipke\/poceo-festivalski-program-uz-dan-europske-bastine\/","og_site_name":"29. me\u0111unarodni festival \u010dipke","article_published_time":"2024-09-13T10:34:12+00:00","article_modified_time":"2024-09-13T10:34:14+00:00","og_image":[{"width":1600,"height":1200,"url":"https:\/\/www.lepoglava.hr\/festival-cipke\/wp-content\/uploads\/2024\/09\/viber_slika_2024-09-13_11-43-16-219.jpg","type":"image\/jpeg"}],"author":"ulimarus","twitter_card":"summary_large_image","twitter_misc":{"Napisao\/la":"ulimarus","Procijenjeno vrijeme \u010ditanja":"2 minute"},"schema":{"@context":"https:\/\/schema.org","@graph":[{"@type":"Article","@id":"https:\/\/www.lepoglava.hr\/festival-cipke\/poceo-festivalski-program-uz-dan-europske-bastine\/#article","isPartOf":{"@id":"https:\/\/www.lepoglava.hr\/festival-cipke\/poceo-festivalski-program-uz-dan-europske-bastine\/"},"author":{"name":"ulimarus","@id":"https:\/\/www.lepoglava.hr\/festival-cipke\/#\/schema\/person\/afb90b44ec6c12f33e98a7f5c6c611e1"},"headline":"Po\u010deo festivalski program uz Dan europske ba\u0161tine!","datePublished":"2024-09-13T10:34:12+00:00","dateModified":"2024-09-13T10:34:14+00:00","mainEntityOfPage":{"@id":"https:\/\/www.lepoglava.hr\/festival-cipke\/poceo-festivalski-program-uz-dan-europske-bastine\/"},"wordCount":238,"publisher":{"@id":"https:\/\/www.lepoglava.hr\/festival-cipke\/#organization"},"articleSection":["Novosti"],"inLanguage":"hr"},{"@type":"WebPage","@id":"https:\/\/www.lepoglava.hr\/festival-cipke\/poceo-festivalski-program-uz-dan-europske-bastine\/","url":"https:\/\/www.lepoglava.hr\/festival-cipke\/poceo-festivalski-program-uz-dan-europske-bastine\/","name":"Po\u010deo festivalski program uz Dan europske ba\u0161tine! - 29. me\u0111unarodni festival \u010dipke","isPartOf":{"@id":"https:\/\/www.lepoglava.hr\/festival-cipke\/#website"},"datePublished":"2024-09-13T10:34:12+00:00","dateModified":"2024-09-13T10:34:14+00:00","description":"Program 28. Me\u0111unarodnog festivala \u010dipke po\u010deo je u petak, 13. rujna, uklju\u010divanjem u manifestaciju Dani europske ba\u0161tine, koji se ove godine odr\u017eavaju uz temu \u201eBa\u0161tina koja povezuje - kulturne rute i mre\u017ee!\u201c.","breadcrumb":{"@id":"https:\/\/www.lepoglava.hr\/festival-cipke\/poceo-festivalski-program-uz-dan-europske-bastine\/#breadcrumb"},"inLanguage":"hr","potentialAction":[{"@type":"ReadAction","target":["https:\/\/www.lepoglava.hr\/festival-cipke\/poceo-festivalski-program-uz-dan-europske-bastine\/"]}]},{"@type":"BreadcrumbList","@id":"https:\/\/www.lepoglava.hr\/festival-cipke\/poceo-festivalski-program-uz-dan-europske-bastine\/#breadcrumb","itemListElement":[{"@type":"ListItem","position":1,"name":"Po\u010detna stranica","item":"https:\/\/www.lepoglava.hr\/festival-cipke\/"},{"@type":"ListItem","position":2,"name":"Po\u010deo festivalski program uz Dan europske ba\u0161tine!"}]},{"@type":"WebSite","@id":"https:\/\/www.lepoglava.hr\/festival-cipke\/#website","url":"https:\/\/www.lepoglava.hr\/festival-cipke\/","name":"29. me\u0111unarodni festival \u010dipke","description":"29. me\u0111unarodni festival \u010dipke - Lepoglava","publisher":{"@id":"https:\/\/www.lepoglava.hr\/festival-cipke\/#organization"},"potentialAction":[{"@type":"SearchAction","target":{"@type":"EntryPoint","urlTemplate":"https:\/\/www.lepoglava.hr\/festival-cipke\/?s={search_term_string}"},"query-input":"required name=search_term_string"}],"inLanguage":"hr"},{"@type":"Organization","@id":"https:\/\/www.lepoglava.hr\/festival-cipke\/#organization","name":"Grad Lepoglava","url":"https:\/\/www.lepoglava.hr\/festival-cipke\/","logo":{"@type":"ImageObject","inLanguage":"hr","@id":"https:\/\/www.lepoglava.hr\/festival-cipke\/#\/schema\/logo\/image\/","url":"https:\/\/www.lepoglava.hr\/festival-cipke\/wp-content\/uploads\/2020\/08\/lepoglava-logo.png","contentUrl":"https:\/\/www.lepoglava.hr\/festival-cipke\/wp-content\/uploads\/2020\/08\/lepoglava-logo.png","width":202,"height":58,"caption":"Grad Lepoglava"},"image":{"@id":"https:\/\/www.lepoglava.hr\/festival-cipke\/#\/schema\/logo\/image\/"}},{"@type":"Person","@id":"https:\/\/www.lepoglava.hr\/festival-cipke\/#\/schema\/person\/afb90b44ec6c12f33e98a7f5c6c611e1","name":"ulimarus"}]}},"_links":{"self":[{"href":"https:\/\/www.lepoglava.hr\/festival-cipke\/wp-json\/wp\/v2\/posts\/3207"}],"collection":[{"href":"https:\/\/www.lepoglava.hr\/festival-cipke\/wp-json\/wp\/v2\/posts"}],"about":[{"href":"https:\/\/www.lepoglava.hr\/festival-cipke\/wp-json\/wp\/v2\/types\/post"}],"author":[{"embeddable":true,"href":"https:\/\/www.lepoglava.hr\/festival-cipke\/wp-json\/wp\/v2\/users\/5"}],"replies":[{"embeddable":true,"href":"https:\/\/www.lepoglava.hr\/festival-cipke\/wp-json\/wp\/v2\/comments?post=3207"}],"version-history":[{"count":4,"href":"https:\/\/www.lepoglava.hr\/festival-cipke\/wp-json\/wp\/v2\/posts\/3207\/revisions"}],"predecessor-version":[{"id":3215,"href":"https:\/\/www.lepoglava.hr\/festival-cipke\/wp-json\/wp\/v2\/posts\/3207\/revisions\/3215"}],"wp:featuredmedia":[{"embeddable":true,"href":"https:\/\/www.lepoglava.hr\/festival-cipke\/wp-json\/wp\/v2\/media\/3209"}],"wp:attachment":[{"href":"https:\/\/www.lepoglava.hr\/festival-cipke\/wp-json\/wp\/v2\/media?parent=3207"}],"wp:term":[{"taxonomy":"category","embeddable":true,"href":"https:\/\/www.lepoglava.hr\/festival-cipke\/wp-json\/wp\/v2\/categories?post=3207"},{"taxonomy":"post_tag","embeddable":true,"href":"https:\/\/www.lepoglava.hr\/festival-cipke\/wp-json\/wp\/v2\/tags?post=3207"}],"curies":[{"name":"wp","href":"https:\/\/api.w.org\/{rel}","templated":true}]}}