{"id":3217,"date":"2024-09-14T08:52:18","date_gmt":"2024-09-14T08:52:18","guid":{"rendered":"https:\/\/www.lepoglava.hr\/festival-cipke\/?p=3217"},"modified":"2024-09-16T08:01:52","modified_gmt":"2024-09-16T08:01:52","slug":"cak-35-atraktivnih-izlozbi-najljepsih-europskih-cipki","status":"publish","type":"post","link":"https:\/\/www.lepoglava.hr\/festival-cipke\/cak-35-atraktivnih-izlozbi-najljepsih-europskih-cipki\/","title":{"rendered":"Sve\u010dano otvoren 28. Me\u0111unarodni festival \u010dipke"},"content":{"rendered":"\n<p><strong>Podizanjem festivalske zastave, uz<\/strong><strong>a<\/strong><strong> zvuke fanfara, u Lepoglavi je u petak, 13. rujna, sve\u010dano otvoren 28. Me\u0111unarodni festival \u010dipke, na kojem \u0107e posjetitelji u tri festivalska dana mo\u0107i razgledati neke od najljep\u0161ih primjeraka \u010dipke iz \u010dak petnaest europskih zemalja, me\u0111u kojima su i \u010dipke iz Turske, ovogodi\u0161nje zemlje &#8211; partnera ove najzna\u010dajnije i najstarije kulturne priredbe u Lepoglavi.<\/strong><\/p>\n\n\n\n<figure class=\"wp-block-image size-large\"><img decoding=\"async\" loading=\"lazy\" width=\"1024\" height=\"683\" src=\"https:\/\/www.lepoglava.hr\/festival-cipke\/wp-content\/uploads\/2024\/09\/festival_cipka_lepoglava_02_photo-by-godar-1024x683.jpg\" alt=\"\" class=\"wp-image-3237\" srcset=\"https:\/\/www.lepoglava.hr\/festival-cipke\/wp-content\/uploads\/2024\/09\/festival_cipka_lepoglava_02_photo-by-godar-1024x683.jpg 1024w, https:\/\/www.lepoglava.hr\/festival-cipke\/wp-content\/uploads\/2024\/09\/festival_cipka_lepoglava_02_photo-by-godar-300x200.jpg 300w, https:\/\/www.lepoglava.hr\/festival-cipke\/wp-content\/uploads\/2024\/09\/festival_cipka_lepoglava_02_photo-by-godar-768x512.jpg 768w, https:\/\/www.lepoglava.hr\/festival-cipke\/wp-content\/uploads\/2024\/09\/festival_cipka_lepoglava_02_photo-by-godar-1536x1024.jpg 1536w, https:\/\/www.lepoglava.hr\/festival-cipke\/wp-content\/uploads\/2024\/09\/festival_cipka_lepoglava_02_photo-by-godar.jpg 1980w\" sizes=\"(max-width: 1024px) 100vw, 1024px\" \/><\/figure>\n\n\n\n<p>Gradona\u010delnik Lepoglave <strong>Marijan \u0160kvari\u0107<\/strong> istaknuo je na sve\u010danom otvorenju festivala kako je Lepoglava grad velike i osebujne povijesti, vrijednog kulturnog naslije\u0111a i prirodnih znamenitosti &#8211; grad \u010dipke i \u010dipkarstva.<\/p>\n\n\n\n<p>-Ovaj festival je postao dragocjena tradicija koja povezuje umjetnost izrade \u010dipke \u0161irom svijeta. Lepoglava nije poznata samo po svojoj \u010dipki, ona je srce kulturne ba\u0161tine koja se prenosi kroz bogatu povijest i tradiciju vezanu uz &#8211; pavline, lepoglavsku crkvu i pavlinski samostan. Njenu ljepotu i vrijednost prepoznao je i UNESCO, koji je lepoglavsku \u010dipku 2009. godine uvrstio na svjetsku listu nematerijalne kulturne ba\u0161tine \u010dovje\u010danstva. Izrada lepoglavske \u010dipke nije samo zanat, ona je odraz na\u0161eg identiteta, na\u0161e predanosti i na\u0161eg zajedni\u0161tva kroz stolje\u0107a. Svaki konac i nit, svaki uzorak \u010dipke pri\u010da pri\u010du o \u017eivotima na\u0161ih predaka, o njihovim obi\u010dajima i svakodnevnim iskustvima. Lepoglava je ve\u0107 dugo poznata kao sredi\u0161te majstorski izra\u0111ene \u010dipke, tradicija njene izrade se\u017ee u daleku pro\u0161lost i prenosi se iz generacije na generaciju na\u0161ih majstorica. Stoga umjetnost njezine izrade i dalje cvijeta &#8211; naglasio je na sve\u010danosti gradona\u010delnik Marijan \u0160kvari\u0107.<\/p>\n\n\n\n<p class=\"has-text-align-center\"><strong>Tkanje vremena<\/strong><\/p>\n\n\n\n<p>Govore\u0107i na sve\u010danom otvaranju gradona\u010delnik Marijan \u0160kvari\u0107 je posebno istaknuo veliki me\u0111unarodni ugled ovog me\u0111unarodnog festivala \u010dipke.<\/p>\n\n\n\n<p>-Ovogodi\u0161nji moto festivala je &#8211; Tkanje vremena , kako bismo istaknuli koliko je truda i muke potrebno za izradu na\u0161e prekrasne \u010dipke. Ponosni smo \u0161to danas, kao doma\u0107in me\u0111unarodnog festivala \u010dipke, mo\u017eemo predstaviti ne samo na\u0161u tradicionalnu \u010dipku, ve\u0107 i njene suvremene intrerpretacije. Na festivalu ove godine predstavljamo povijesni put lepoglavske \u010dipke, od njenih najljep\u0161ih primjeraka do aplikacije \u010dipke na keramici, nakitu, crkvenom ruhu, odjevnim predmetima ili po\u0161tanskim markama. Ove godine imamo posebnu \u010dast \u0161to mo\u017eemo sura\u0111ivati s Republikom Turskom, ovogodi\u0161njom zemljom &#8211; partnerom festivala \u010dipke u Lepoglavi, koju simbolizira zajedni\u0161tvo i kulturna razmjena. Ta nam suradnja omogu\u0107ava stvaranje novih veza i prijateljstava me\u0111u svima nama koji dijelimo strast prema \u010dipki i njezinoj izradi. Ta suradnja otvara vrata novim mogu\u0107nostima. Lepoglava je ovih dana \u010dipkarsko sredi\u0161te Europe- poru\u010dio je gradona\u010delnik Marijan \u0160kvari\u0107.<\/p>\n\n\n\n<p>Na ovogodi\u0161njem festivalu \u010dipke u Lepoglavi bit \u0107e predstavljene \u010dipke iz \u010dak 15 zemalja Europe &#8211; Slovenije, Slova\u010dke, Poljske, Belgije, Italije, Malte, Ma\u0111arske, Bosne i Hercegovine, Crne Gore, \u0160panjolske, Bugarske, Engleske, Francuske, Austrije i Turske, a posjetitelji ovoga festivala mo\u0107i \u0107e vidjeti i najljep\u0161e \u010dipke iz Hrvatske &#8211; \u010dipke iz Paga, Primo\u0161tena, Splita, Sikirevaca, Kri\u017eevaca, Trga kraj Ozlja, Svete Marije i Kra\u0161i\u0107a.<\/p>\n\n\n\n<p class=\"has-text-align-center\"><strong>Atraktivna ponuda zemlje &#8211; partnera<\/strong><\/p>\n\n\n\n<p>Zna\u010daj ovoga festivala na sve\u010danom otvorenju istaknuo je i <strong>An\u0111elko Stri\u010dak<\/strong>, \u017eupan Vara\u017edinske \u017eupanije.<\/p>\n\n\n\n<figure class=\"wp-block-image size-large\"><img decoding=\"async\" loading=\"lazy\" width=\"1024\" height=\"683\" src=\"https:\/\/www.lepoglava.hr\/festival-cipke\/wp-content\/uploads\/2024\/09\/festival_cipka_lepoglava_04_photo-by-godar-1024x683.jpg\" alt=\"\" class=\"wp-image-3239\" srcset=\"https:\/\/www.lepoglava.hr\/festival-cipke\/wp-content\/uploads\/2024\/09\/festival_cipka_lepoglava_04_photo-by-godar-1024x683.jpg 1024w, https:\/\/www.lepoglava.hr\/festival-cipke\/wp-content\/uploads\/2024\/09\/festival_cipka_lepoglava_04_photo-by-godar-300x200.jpg 300w, https:\/\/www.lepoglava.hr\/festival-cipke\/wp-content\/uploads\/2024\/09\/festival_cipka_lepoglava_04_photo-by-godar-768x512.jpg 768w, https:\/\/www.lepoglava.hr\/festival-cipke\/wp-content\/uploads\/2024\/09\/festival_cipka_lepoglava_04_photo-by-godar-1536x1024.jpg 1536w, https:\/\/www.lepoglava.hr\/festival-cipke\/wp-content\/uploads\/2024\/09\/festival_cipka_lepoglava_04_photo-by-godar.jpg 1980w\" sizes=\"(max-width: 1024px) 100vw, 1024px\" \/><\/figure>\n\n\n\n<p>-Vara\u017edinska \u017eupanija se ponosi lepoglavskom \u010dipkom, \u010dipkaricama i njihovom vje\u0161tinom, koja je o\u010duvana ve\u0107 generacijama. One su u \u010dipku utkale puno vremena, zato je ovogodi\u0161nji moto festivala &#8211; Tkanje vremena, priznanje \u010dipkaricama i njihovoj vje\u0161tini, ali i svima koji su svojim radom i zalaganjem pomogli da se lepoglavska \u010dipka o\u010duva kroz stolje\u0107a. Lepoglava danas, osim svoje \u010dipke, posjetiteljima mo\u017ee ponuditi i druge atraktivne sadr\u017eaje, od Gaveznice do Parka prirode Zagorske gore. \u010cipka je ogledalo du\u0161e ovoga kraja &#8211; poru\u010dio je na sve\u010danom otvaranju \u017eupan An\u0111elko Stri\u010dak.<\/p>\n\n\n\n<p>U ime Veleposlanstva Republike Turske u Republici Hrvatskoj i veleposlanice Njezine Ekscelencije <strong>Hayriye Nurdan Erpulat Altuntas, <\/strong>doma\u0107inima je zahvalio <strong>Fuat Korkmaz<\/strong>, ravnatelj Turskog kulturnog centra Yunus Emre u Zagrebu, koji je posebno istaknuo sna\u017ene kulturne, ali i gospodarske veze Republike Turske i Lepoglave.<\/p>\n\n\n\n<figure class=\"wp-block-image size-large\"><img decoding=\"async\" loading=\"lazy\" width=\"1024\" height=\"683\" src=\"https:\/\/www.lepoglava.hr\/festival-cipke\/wp-content\/uploads\/2024\/09\/festival_cipka_lepoglava_05_photo-by-godar-1024x683.jpg\" alt=\"\" class=\"wp-image-3241\" srcset=\"https:\/\/www.lepoglava.hr\/festival-cipke\/wp-content\/uploads\/2024\/09\/festival_cipka_lepoglava_05_photo-by-godar-1024x683.jpg 1024w, https:\/\/www.lepoglava.hr\/festival-cipke\/wp-content\/uploads\/2024\/09\/festival_cipka_lepoglava_05_photo-by-godar-300x200.jpg 300w, https:\/\/www.lepoglava.hr\/festival-cipke\/wp-content\/uploads\/2024\/09\/festival_cipka_lepoglava_05_photo-by-godar-768x512.jpg 768w, https:\/\/www.lepoglava.hr\/festival-cipke\/wp-content\/uploads\/2024\/09\/festival_cipka_lepoglava_05_photo-by-godar-1536x1024.jpg 1536w, https:\/\/www.lepoglava.hr\/festival-cipke\/wp-content\/uploads\/2024\/09\/festival_cipka_lepoglava_05_photo-by-godar.jpg 1980w\" sizes=\"(max-width: 1024px) 100vw, 1024px\" \/><\/figure>\n\n\n\n<p>-Ponosni smo da je upravo Turska ovogodi\u0161nja zemlja &#8211; partner ovoga uglednog festivala. Vjerujem da \u0107e predstavljanje bogate turske kulturne ba\u0161tine na festivalu u Lepoglavi pridonijeti jo\u0161 boljem razumijevanju i prijateljstvu izme\u0111u na\u0161a dva naroda te da \u0107e na\u0161a suradnja biti jo\u0161 bolja i sadr\u017eajnija &#8211; istaknuo je ravnatelj Turskog kulturnog centra u Zagrebu.<\/p>\n\n\n\n<p class=\"has-text-align-center\"><strong>Rebrendiranje Lepoglave<\/strong><\/p>\n\n\n\n<p>Uzvanicima na sve\u010danom otvaranju 28. Me\u0111unarodnog festivala \u010dipke u Lepoglavi obratio se je i ministar pravosu\u0111a, uprave i digitalne transformacije <strong>Damir Habijan<\/strong>, izaslanik predsjednika Vlade <strong>Andreja Plenkovi\u0107a<\/strong>.<\/p>\n\n\n\n<figure class=\"wp-block-image size-large\"><img decoding=\"async\" loading=\"lazy\" width=\"1024\" height=\"683\" src=\"https:\/\/www.lepoglava.hr\/festival-cipke\/wp-content\/uploads\/2024\/09\/festival_cipka_lepoglava_07_photo-by-godar-1024x683.jpg\" alt=\"\" class=\"wp-image-3234\" srcset=\"https:\/\/www.lepoglava.hr\/festival-cipke\/wp-content\/uploads\/2024\/09\/festival_cipka_lepoglava_07_photo-by-godar-1024x683.jpg 1024w, https:\/\/www.lepoglava.hr\/festival-cipke\/wp-content\/uploads\/2024\/09\/festival_cipka_lepoglava_07_photo-by-godar-300x200.jpg 300w, https:\/\/www.lepoglava.hr\/festival-cipke\/wp-content\/uploads\/2024\/09\/festival_cipka_lepoglava_07_photo-by-godar-768x512.jpg 768w, https:\/\/www.lepoglava.hr\/festival-cipke\/wp-content\/uploads\/2024\/09\/festival_cipka_lepoglava_07_photo-by-godar-1536x1024.jpg 1536w, https:\/\/www.lepoglava.hr\/festival-cipke\/wp-content\/uploads\/2024\/09\/festival_cipka_lepoglava_07_photo-by-godar.jpg 1980w\" sizes=\"(max-width: 1024px) 100vw, 1024px\" \/><\/figure>\n\n\n\n<p>-Svjedo\u010dimo svojevrsnom rebrendiranju Lepoglave, grada bogate povijesti i vrijedne ba\u0161tine u kojem su pavlini ostavili duboki trag. Na svojoj bogatoj povijesnoj ba\u0161tini, ali i prirodnim ljepotama i posebnostima, kakav je Gaveznica, na kojoj \u0107e biti izgra\u0111en i moderni Centar za posjetitelje te budu\u0107i Park prirode Zagorske gore, Lepoglava gradi svoju budu\u0107nost &#8211; istaknuo je ministar Damir Habijan.<\/p>\n\n\n\n<p>Organizaciju ovoga festivala pohvalio je i saborski zastupnik <strong>Goran Kani\u0161ki<\/strong>, izaslanik predsjednika Hrvatskog sabora <strong>Gorana Jandrokovi\u0107a<\/strong>.<\/p>\n\n\n\n<figure class=\"wp-block-image size-large\"><img decoding=\"async\" loading=\"lazy\" width=\"1024\" height=\"683\" src=\"https:\/\/www.lepoglava.hr\/festival-cipke\/wp-content\/uploads\/2024\/09\/festival_cipka_lepoglava_13_photo-by-godar-1024x683.jpg\" alt=\"\" class=\"wp-image-3230\" srcset=\"https:\/\/www.lepoglava.hr\/festival-cipke\/wp-content\/uploads\/2024\/09\/festival_cipka_lepoglava_13_photo-by-godar-1024x683.jpg 1024w, https:\/\/www.lepoglava.hr\/festival-cipke\/wp-content\/uploads\/2024\/09\/festival_cipka_lepoglava_13_photo-by-godar-300x200.jpg 300w, https:\/\/www.lepoglava.hr\/festival-cipke\/wp-content\/uploads\/2024\/09\/festival_cipka_lepoglava_13_photo-by-godar-768x512.jpg 768w, https:\/\/www.lepoglava.hr\/festival-cipke\/wp-content\/uploads\/2024\/09\/festival_cipka_lepoglava_13_photo-by-godar-1536x1024.jpg 1536w, https:\/\/www.lepoglava.hr\/festival-cipke\/wp-content\/uploads\/2024\/09\/festival_cipka_lepoglava_13_photo-by-godar.jpg 1980w\" sizes=\"(max-width: 1024px) 100vw, 1024px\" \/><\/figure>\n\n\n\n<p>-Ove godine \u0107e na festivalu biti predstavljene \u010dipke iz \u010daj 15 europskih zemalja, a posebno atraktivne izlo\u0161ke imat \u0107emo priliku vidjeti zahvaljuju\u0107i Turskoj, ovogodi\u0161njoj zemlji &#8211; partneru. Turska je ove godine donijela i da\u0161ak Orijenta u na\u0161 kraj. Ovogodi\u0161nji moto &#8211; Tkanje vremena, zorno pokazuje kako je u izradu \u010dipke potrebno ulo\u017eiti puno vremena ali i ljubavi prema njenoj izradi. Lepoglava je ve\u0107 niz godina zna\u010dajno europsko sredi\u0161te \u010dipke, koje \u010duva, \u0161titi i promovira tu vrijednu ba\u0161tinu koja je uvr\u0161tena i na listu UNESCO-a. Posebno zahvaljujem majstoricama \u010dipkarstva u Lepoglavi na trudu i maru koje su utkale u lepoglavsku \u010dipku, \u010dija je ljepota prepoznata \u0161irom svijeta &#8211; rekao je Goran Kani\u0161ki, koji je i otvorio 28. Me\u0111unarodni festival \u010dipke u Lepoglavi.<\/p>\n\n\n\n<p>Na sve\u010danosti otvorenja uru\u010dena su i priznanja po\u010dasne majstorice <strong>Verici Dubove\u010dak<\/strong>, <strong>\u0160tefici Dubove\u010dak<\/strong>, <strong>Zoji Dubove\u010dak<\/strong>, <strong>Katarini Strupar<\/strong>, <strong>Sla\u0111ani Kon\u010devski<\/strong> i <strong>Vesni Te\u017eak<\/strong>.<\/p>\n\n\n\n<figure class=\"wp-block-image size-large\"><img decoding=\"async\" loading=\"lazy\" width=\"1024\" height=\"683\" src=\"https:\/\/www.lepoglava.hr\/festival-cipke\/wp-content\/uploads\/2024\/09\/festival_cipka_lepoglava_21_photo-by-godar-1024x683.jpg\" alt=\"\" class=\"wp-image-3222\" srcset=\"https:\/\/www.lepoglava.hr\/festival-cipke\/wp-content\/uploads\/2024\/09\/festival_cipka_lepoglava_21_photo-by-godar-1024x683.jpg 1024w, https:\/\/www.lepoglava.hr\/festival-cipke\/wp-content\/uploads\/2024\/09\/festival_cipka_lepoglava_21_photo-by-godar-300x200.jpg 300w, https:\/\/www.lepoglava.hr\/festival-cipke\/wp-content\/uploads\/2024\/09\/festival_cipka_lepoglava_21_photo-by-godar-768x512.jpg 768w, https:\/\/www.lepoglava.hr\/festival-cipke\/wp-content\/uploads\/2024\/09\/festival_cipka_lepoglava_21_photo-by-godar-1536x1024.jpg 1536w, https:\/\/www.lepoglava.hr\/festival-cipke\/wp-content\/uploads\/2024\/09\/festival_cipka_lepoglava_21_photo-by-godar.jpg 1980w\" sizes=\"(max-width: 1024px) 100vw, 1024px\" \/><\/figure>\n\n\n\n<p>U programu sve\u010danog otvaranja ovogodi\u0161njeg festivala nastupili su i mezzosopranistica <strong>Blanka Tkal\u010di\u0107<\/strong> i pijanist <strong>Marko Bi\u0161kup<\/strong>.<\/p>\n\n\n\n<p class=\"has-text-align-center\"><strong>Turski dan na festivalu<\/strong><\/p>\n\n\n\n<p>Atraktivni program ovogodi\u0161njeg festivala \u010dipke u Lepoglavi bit \u0107e nastavljen u subotu, kada \u0107e atraktivni program ponuditi Republika Turska, pa \u0107e od 14 sati u sve\u010danom \u0161atoru u gradskom parku biti odr\u017eana prezentacija i degustacija turskih specijaliteta na manifestaciji &#8211; Okusi Hrvatske i Turske. Od 16 sati u pavlinskom samostanu posjetitelji festivala mo\u0107i \u0107e vidjeti prezentaciju izrade \u010dipke svih sudionika ovogodi\u0161njeg festivala, a u \u017eupnoj crkvi u Lepoglavi u 19 sati nastupit \u0107e poznata turska pijanistica <strong>Tutu Aydino\u011flu<\/strong>, koja \u0107e izvest \u0107e zanimljiv program pod nazivom &#8211; Me\u0111ustoljetno putovanje Turskom.<\/p>\n\n\n\n<p>Program drugog festivalskog dana zavr\u0161it \u0107e koncertom na\u0161ih popularnih estradnih umjetnika &#8211; <strong>Vanne<\/strong> i <strong>Martina Kosovca<\/strong>, koji \u0107e u sve\u010danom \u0161atoru po\u010deti u 20 sati i 30 minuta.<\/p>\n\n\n\n<p>Me\u0111unarodni festival \u010dipke u Lepoglavi odr\u017eava se pod visokim pokroviteljstvom predsjednika Republike Hrvatske <strong>Zorana Milanovi\u0107a<\/strong>, koji \u0107e festival posjetiti u nedjelju, te pod pokroviteljstvom Ministarstva kulture i medija, Ministarstva turizma i sporta, Ministarstva poljoprivrede, \u0161umarstva i ribarstva, Hrvatskog povjerenstva za UNESCO, Hrvatske turisti\u010dke zajednice i Turisti\u010dke zajednice Vara\u017edinske \u017eupanije, Vara\u017edinske \u017eupanije i Grada Lepoglave te Veleposlanstva Republike Turske u Zagrebu, Turskog kulturnog centra Yunus Emre, Ministarstva obrazovanja Republike Turske i predstavnika turske nacionalne manjine Grada Zagreba.<\/p>\n\n\n\n<figure class=\"wp-block-gallery has-nested-images columns-default is-cropped wp-block-gallery-1 is-layout-flex\">\n<figure class=\"wp-block-image size-large\"><a href=\"https:\/\/www.lepoglava.hr\/festival-cipke\/wp-content\/uploads\/2024\/09\/festival_cipka_lepoglava_03_photo-by-godar.jpg\"><img decoding=\"async\" loading=\"lazy\" width=\"1024\" height=\"683\" data-id=\"3238\"  src=\"https:\/\/www.lepoglava.hr\/festival-cipke\/wp-content\/uploads\/2024\/09\/festival_cipka_lepoglava_03_photo-by-godar-1024x683.jpg\" alt=\"\" class=\"wp-image-3238\" srcset=\"https:\/\/www.lepoglava.hr\/festival-cipke\/wp-content\/uploads\/2024\/09\/festival_cipka_lepoglava_03_photo-by-godar-1024x683.jpg 1024w, https:\/\/www.lepoglava.hr\/festival-cipke\/wp-content\/uploads\/2024\/09\/festival_cipka_lepoglava_03_photo-by-godar-300x200.jpg 300w, https:\/\/www.lepoglava.hr\/festival-cipke\/wp-content\/uploads\/2024\/09\/festival_cipka_lepoglava_03_photo-by-godar-768x512.jpg 768w, https:\/\/www.lepoglava.hr\/festival-cipke\/wp-content\/uploads\/2024\/09\/festival_cipka_lepoglava_03_photo-by-godar-1536x1024.jpg 1536w, https:\/\/www.lepoglava.hr\/festival-cipke\/wp-content\/uploads\/2024\/09\/festival_cipka_lepoglava_03_photo-by-godar.jpg 1980w\" sizes=\"(max-width: 1024px) 100vw, 1024px\" \/><\/a><\/figure>\n\n\n\n<figure class=\"wp-block-image size-large\"><a href=\"https:\/\/www.lepoglava.hr\/festival-cipke\/wp-content\/uploads\/2024\/09\/festival_cipka_lepoglava_06_photo-by-godar.jpg\"><img decoding=\"async\" loading=\"lazy\" width=\"1024\" height=\"683\" data-id=\"3235\"  src=\"https:\/\/www.lepoglava.hr\/festival-cipke\/wp-content\/uploads\/2024\/09\/festival_cipka_lepoglava_06_photo-by-godar-1024x683.jpg\" alt=\"\" class=\"wp-image-3235\" srcset=\"https:\/\/www.lepoglava.hr\/festival-cipke\/wp-content\/uploads\/2024\/09\/festival_cipka_lepoglava_06_photo-by-godar-1024x683.jpg 1024w, https:\/\/www.lepoglava.hr\/festival-cipke\/wp-content\/uploads\/2024\/09\/festival_cipka_lepoglava_06_photo-by-godar-300x200.jpg 300w, https:\/\/www.lepoglava.hr\/festival-cipke\/wp-content\/uploads\/2024\/09\/festival_cipka_lepoglava_06_photo-by-godar-768x512.jpg 768w, https:\/\/www.lepoglava.hr\/festival-cipke\/wp-content\/uploads\/2024\/09\/festival_cipka_lepoglava_06_photo-by-godar-1536x1024.jpg 1536w, https:\/\/www.lepoglava.hr\/festival-cipke\/wp-content\/uploads\/2024\/09\/festival_cipka_lepoglava_06_photo-by-godar.jpg 1980w\" sizes=\"(max-width: 1024px) 100vw, 1024px\" \/><\/a><\/figure>\n\n\n\n<figure class=\"wp-block-image size-large\"><a href=\"https:\/\/www.lepoglava.hr\/festival-cipke\/wp-content\/uploads\/2024\/09\/festival_cipka_lepoglava_09_photo-by-godar.jpg\"><img decoding=\"async\" loading=\"lazy\" width=\"1024\" height=\"683\" data-id=\"3233\"  src=\"https:\/\/www.lepoglava.hr\/festival-cipke\/wp-content\/uploads\/2024\/09\/festival_cipka_lepoglava_09_photo-by-godar-1024x683.jpg\" alt=\"\" class=\"wp-image-3233\" srcset=\"https:\/\/www.lepoglava.hr\/festival-cipke\/wp-content\/uploads\/2024\/09\/festival_cipka_lepoglava_09_photo-by-godar-1024x683.jpg 1024w, https:\/\/www.lepoglava.hr\/festival-cipke\/wp-content\/uploads\/2024\/09\/festival_cipka_lepoglava_09_photo-by-godar-300x200.jpg 300w, https:\/\/www.lepoglava.hr\/festival-cipke\/wp-content\/uploads\/2024\/09\/festival_cipka_lepoglava_09_photo-by-godar-768x512.jpg 768w, https:\/\/www.lepoglava.hr\/festival-cipke\/wp-content\/uploads\/2024\/09\/festival_cipka_lepoglava_09_photo-by-godar-1536x1024.jpg 1536w, https:\/\/www.lepoglava.hr\/festival-cipke\/wp-content\/uploads\/2024\/09\/festival_cipka_lepoglava_09_photo-by-godar.jpg 1980w\" sizes=\"(max-width: 1024px) 100vw, 1024px\" \/><\/a><\/figure>\n\n\n\n<figure class=\"wp-block-image size-large\"><a href=\"https:\/\/www.lepoglava.hr\/festival-cipke\/wp-content\/uploads\/2024\/09\/festival_cipka_lepoglava_16_photo-by-godar.jpg\"><img decoding=\"async\" loading=\"lazy\" width=\"1024\" height=\"683\" data-id=\"3227\"  src=\"https:\/\/www.lepoglava.hr\/festival-cipke\/wp-content\/uploads\/2024\/09\/festival_cipka_lepoglava_16_photo-by-godar-1024x683.jpg\" alt=\"\" class=\"wp-image-3227\" srcset=\"https:\/\/www.lepoglava.hr\/festival-cipke\/wp-content\/uploads\/2024\/09\/festival_cipka_lepoglava_16_photo-by-godar-1024x683.jpg 1024w, https:\/\/www.lepoglava.hr\/festival-cipke\/wp-content\/uploads\/2024\/09\/festival_cipka_lepoglava_16_photo-by-godar-300x200.jpg 300w, https:\/\/www.lepoglava.hr\/festival-cipke\/wp-content\/uploads\/2024\/09\/festival_cipka_lepoglava_16_photo-by-godar-768x512.jpg 768w, https:\/\/www.lepoglava.hr\/festival-cipke\/wp-content\/uploads\/2024\/09\/festival_cipka_lepoglava_16_photo-by-godar-1536x1025.jpg 1536w, https:\/\/www.lepoglava.hr\/festival-cipke\/wp-content\/uploads\/2024\/09\/festival_cipka_lepoglava_16_photo-by-godar.jpg 1980w\" sizes=\"(max-width: 1024px) 100vw, 1024px\" \/><\/a><\/figure>\n\n\n\n<figure class=\"wp-block-image size-large\"><a href=\"https:\/\/www.lepoglava.hr\/festival-cipke\/wp-content\/uploads\/2024\/09\/festival_cipka_lepoglava_17_photo-by-godar.jpg\"><img decoding=\"async\" loading=\"lazy\" width=\"1024\" height=\"683\" data-id=\"3226\"  src=\"https:\/\/www.lepoglava.hr\/festival-cipke\/wp-content\/uploads\/2024\/09\/festival_cipka_lepoglava_17_photo-by-godar-1024x683.jpg\" alt=\"\" class=\"wp-image-3226\" srcset=\"https:\/\/www.lepoglava.hr\/festival-cipke\/wp-content\/uploads\/2024\/09\/festival_cipka_lepoglava_17_photo-by-godar-1024x683.jpg 1024w, https:\/\/www.lepoglava.hr\/festival-cipke\/wp-content\/uploads\/2024\/09\/festival_cipka_lepoglava_17_photo-by-godar-300x200.jpg 300w, https:\/\/www.lepoglava.hr\/festival-cipke\/wp-content\/uploads\/2024\/09\/festival_cipka_lepoglava_17_photo-by-godar-768x512.jpg 768w, https:\/\/www.lepoglava.hr\/festival-cipke\/wp-content\/uploads\/2024\/09\/festival_cipka_lepoglava_17_photo-by-godar-1536x1025.jpg 1536w, https:\/\/www.lepoglava.hr\/festival-cipke\/wp-content\/uploads\/2024\/09\/festival_cipka_lepoglava_17_photo-by-godar.jpg 1980w\" sizes=\"(max-width: 1024px) 100vw, 1024px\" \/><\/a><\/figure>\n\n\n\n<figure class=\"wp-block-image size-large\"><a href=\"https:\/\/www.lepoglava.hr\/festival-cipke\/wp-content\/uploads\/2024\/09\/festival_cipka_lepoglava_15_photo-by-godar.jpg\"><img decoding=\"async\" loading=\"lazy\" width=\"1024\" height=\"683\" data-id=\"3225\"  src=\"https:\/\/www.lepoglava.hr\/festival-cipke\/wp-content\/uploads\/2024\/09\/festival_cipka_lepoglava_15_photo-by-godar-1024x683.jpg\" alt=\"\" class=\"wp-image-3225\" srcset=\"https:\/\/www.lepoglava.hr\/festival-cipke\/wp-content\/uploads\/2024\/09\/festival_cipka_lepoglava_15_photo-by-godar-1024x683.jpg 1024w, https:\/\/www.lepoglava.hr\/festival-cipke\/wp-content\/uploads\/2024\/09\/festival_cipka_lepoglava_15_photo-by-godar-300x200.jpg 300w, https:\/\/www.lepoglava.hr\/festival-cipke\/wp-content\/uploads\/2024\/09\/festival_cipka_lepoglava_15_photo-by-godar-768x512.jpg 768w, https:\/\/www.lepoglava.hr\/festival-cipke\/wp-content\/uploads\/2024\/09\/festival_cipka_lepoglava_15_photo-by-godar-1536x1024.jpg 1536w, https:\/\/www.lepoglava.hr\/festival-cipke\/wp-content\/uploads\/2024\/09\/festival_cipka_lepoglava_15_photo-by-godar.jpg 1980w\" sizes=\"(max-width: 1024px) 100vw, 1024px\" \/><\/a><\/figure>\n\n\n\n<figure class=\"wp-block-image size-large\"><a href=\"https:\/\/www.lepoglava.hr\/festival-cipke\/wp-content\/uploads\/2024\/09\/festival_cipka_lepoglava_19_photo-by-godar.jpg\"><img decoding=\"async\" loading=\"lazy\" width=\"1024\" height=\"683\" data-id=\"3223\"  src=\"https:\/\/www.lepoglava.hr\/festival-cipke\/wp-content\/uploads\/2024\/09\/festival_cipka_lepoglava_19_photo-by-godar-1024x683.jpg\" alt=\"\" class=\"wp-image-3223\" srcset=\"https:\/\/www.lepoglava.hr\/festival-cipke\/wp-content\/uploads\/2024\/09\/festival_cipka_lepoglava_19_photo-by-godar-1024x683.jpg 1024w, https:\/\/www.lepoglava.hr\/festival-cipke\/wp-content\/uploads\/2024\/09\/festival_cipka_lepoglava_19_photo-by-godar-300x200.jpg 300w, https:\/\/www.lepoglava.hr\/festival-cipke\/wp-content\/uploads\/2024\/09\/festival_cipka_lepoglava_19_photo-by-godar-768x512.jpg 768w, https:\/\/www.lepoglava.hr\/festival-cipke\/wp-content\/uploads\/2024\/09\/festival_cipka_lepoglava_19_photo-by-godar-1536x1024.jpg 1536w, https:\/\/www.lepoglava.hr\/festival-cipke\/wp-content\/uploads\/2024\/09\/festival_cipka_lepoglava_19_photo-by-godar.jpg 1980w\" sizes=\"(max-width: 1024px) 100vw, 1024px\" \/><\/a><\/figure>\n\n\n\n<figure class=\"wp-block-image size-large\"><a href=\"https:\/\/www.lepoglava.hr\/festival-cipke\/wp-content\/uploads\/2024\/09\/festival_cipka_lepoglava_18_photo-by-godar.jpg\"><img decoding=\"async\" loading=\"lazy\" width=\"1024\" height=\"683\" data-id=\"3224\"  src=\"https:\/\/www.lepoglava.hr\/festival-cipke\/wp-content\/uploads\/2024\/09\/festival_cipka_lepoglava_18_photo-by-godar-1024x683.jpg\" alt=\"\" class=\"wp-image-3224\" srcset=\"https:\/\/www.lepoglava.hr\/festival-cipke\/wp-content\/uploads\/2024\/09\/festival_cipka_lepoglava_18_photo-by-godar-1024x683.jpg 1024w, https:\/\/www.lepoglava.hr\/festival-cipke\/wp-content\/uploads\/2024\/09\/festival_cipka_lepoglava_18_photo-by-godar-300x200.jpg 300w, https:\/\/www.lepoglava.hr\/festival-cipke\/wp-content\/uploads\/2024\/09\/festival_cipka_lepoglava_18_photo-by-godar-768x512.jpg 768w, https:\/\/www.lepoglava.hr\/festival-cipke\/wp-content\/uploads\/2024\/09\/festival_cipka_lepoglava_18_photo-by-godar-1536x1025.jpg 1536w, https:\/\/www.lepoglava.hr\/festival-cipke\/wp-content\/uploads\/2024\/09\/festival_cipka_lepoglava_18_photo-by-godar.jpg 1980w\" sizes=\"(max-width: 1024px) 100vw, 1024px\" \/><\/a><\/figure>\n<\/figure>\n","protected":false},"excerpt":{"rendered":"<p>Podizanjem festivalske zastave, uza zvuke fanfara, u Lepoglavi je u petak, 13. rujna, sve\u010dano otvoren 28. Me\u0111unarodni festival \u010dipke, na &hellip;<\/p>\n<p class=\"read-more\"> <a class=\"\" href=\"https:\/\/www.lepoglava.hr\/festival-cipke\/cak-35-atraktivnih-izlozbi-najljepsih-europskih-cipki\/\"> <span class=\"screen-reader-text\">Sve\u010dano otvoren 28. Me\u0111unarodni festival \u010dipke<\/span> Vi\u0161e \u00bb<\/a><\/p>\n","protected":false},"author":5,"featured_media":3236,"comment_status":"closed","ping_status":"open","sticky":false,"template":"","format":"standard","meta":{"site-sidebar-layout":"default","site-content-layout":"default","ast-global-header-display":"","ast-banner-title-visibility":"","ast-main-header-display":"","ast-hfb-above-header-display":"","ast-hfb-below-header-display":"","ast-hfb-mobile-header-display":"","site-post-title":"","ast-breadcrumbs-content":"","ast-featured-img":"","footer-sml-layout":"","theme-transparent-header-meta":"","adv-header-id-meta":"","stick-header-meta":"","header-above-stick-meta":"","header-main-stick-meta":"","header-below-stick-meta":"","pgc_sgb_lightbox_settings":""},"categories":[3],"tags":[],"yoast_head":"<!-- This site is optimized with the Yoast SEO plugin v20.11 - https:\/\/yoast.com\/wordpress\/plugins\/seo\/ -->\n<title>Sve\u010dano otvoren 28. Me\u0111unarodni festival \u010dipke - 29. me\u0111unarodni festival \u010dipke<\/title>\n<meta name=\"robots\" content=\"index, follow, max-snippet:-1, max-image-preview:large, max-video-preview:-1\" \/>\n<link rel=\"canonical\" href=\"https:\/\/www.lepoglava.hr\/festival-cipke\/cak-35-atraktivnih-izlozbi-najljepsih-europskih-cipki\/\" \/>\n<meta property=\"og:locale\" content=\"hr_HR\" \/>\n<meta property=\"og:type\" content=\"article\" \/>\n<meta property=\"og:title\" content=\"Sve\u010dano otvoren 28. Me\u0111unarodni festival \u010dipke - 29. me\u0111unarodni festival \u010dipke\" \/>\n<meta property=\"og:description\" content=\"Podizanjem festivalske zastave, uza zvuke fanfara, u Lepoglavi je u petak, 13. rujna, sve\u010dano otvoren 28. Me\u0111unarodni festival \u010dipke, na &hellip; Sve\u010dano otvoren 28. Me\u0111unarodni festival \u010dipke Vi\u0161e \u00bb\" \/>\n<meta property=\"og:url\" content=\"https:\/\/www.lepoglava.hr\/festival-cipke\/cak-35-atraktivnih-izlozbi-najljepsih-europskih-cipki\/\" \/>\n<meta property=\"og:site_name\" content=\"29. me\u0111unarodni festival \u010dipke\" \/>\n<meta property=\"article:published_time\" content=\"2024-09-14T08:52:18+00:00\" \/>\n<meta property=\"article:modified_time\" content=\"2024-09-16T08:01:52+00:00\" \/>\n<meta property=\"og:image\" content=\"https:\/\/www.lepoglava.hr\/festival-cipke\/wp-content\/uploads\/2024\/09\/festival_cipka_lepoglava_08_photo-by-godar.jpg\" \/>\n\t<meta property=\"og:image:width\" content=\"1980\" \/>\n\t<meta property=\"og:image:height\" content=\"1320\" \/>\n\t<meta property=\"og:image:type\" content=\"image\/jpeg\" \/>\n<meta name=\"author\" content=\"ulimarus\" \/>\n<meta name=\"twitter:card\" content=\"summary_large_image\" \/>\n<meta name=\"twitter:label1\" content=\"Napisao\/la\" \/>\n\t<meta name=\"twitter:data1\" content=\"ulimarus\" \/>\n\t<meta name=\"twitter:label2\" content=\"Procijenjeno vrijeme \u010ditanja\" \/>\n\t<meta name=\"twitter:data2\" content=\"9 minuta\" \/>\n<script type=\"application\/ld+json\" class=\"yoast-schema-graph\">{\"@context\":\"https:\/\/schema.org\",\"@graph\":[{\"@type\":\"Article\",\"@id\":\"https:\/\/www.lepoglava.hr\/festival-cipke\/cak-35-atraktivnih-izlozbi-najljepsih-europskih-cipki\/#article\",\"isPartOf\":{\"@id\":\"https:\/\/www.lepoglava.hr\/festival-cipke\/cak-35-atraktivnih-izlozbi-najljepsih-europskih-cipki\/\"},\"author\":{\"name\":\"ulimarus\",\"@id\":\"https:\/\/www.lepoglava.hr\/festival-cipke\/#\/schema\/person\/afb90b44ec6c12f33e98a7f5c6c611e1\"},\"headline\":\"Sve\u010dano otvoren 28. Me\u0111unarodni festival \u010dipke\",\"datePublished\":\"2024-09-14T08:52:18+00:00\",\"dateModified\":\"2024-09-16T08:01:52+00:00\",\"mainEntityOfPage\":{\"@id\":\"https:\/\/www.lepoglava.hr\/festival-cipke\/cak-35-atraktivnih-izlozbi-najljepsih-europskih-cipki\/\"},\"wordCount\":1241,\"publisher\":{\"@id\":\"https:\/\/www.lepoglava.hr\/festival-cipke\/#organization\"},\"articleSection\":[\"Novosti\"],\"inLanguage\":\"hr\"},{\"@type\":\"WebPage\",\"@id\":\"https:\/\/www.lepoglava.hr\/festival-cipke\/cak-35-atraktivnih-izlozbi-najljepsih-europskih-cipki\/\",\"url\":\"https:\/\/www.lepoglava.hr\/festival-cipke\/cak-35-atraktivnih-izlozbi-najljepsih-europskih-cipki\/\",\"name\":\"Sve\u010dano otvoren 28. Me\u0111unarodni festival \u010dipke - 29. me\u0111unarodni festival \u010dipke\",\"isPartOf\":{\"@id\":\"https:\/\/www.lepoglava.hr\/festival-cipke\/#website\"},\"datePublished\":\"2024-09-14T08:52:18+00:00\",\"dateModified\":\"2024-09-16T08:01:52+00:00\",\"breadcrumb\":{\"@id\":\"https:\/\/www.lepoglava.hr\/festival-cipke\/cak-35-atraktivnih-izlozbi-najljepsih-europskih-cipki\/#breadcrumb\"},\"inLanguage\":\"hr\",\"potentialAction\":[{\"@type\":\"ReadAction\",\"target\":[\"https:\/\/www.lepoglava.hr\/festival-cipke\/cak-35-atraktivnih-izlozbi-najljepsih-europskih-cipki\/\"]}]},{\"@type\":\"BreadcrumbList\",\"@id\":\"https:\/\/www.lepoglava.hr\/festival-cipke\/cak-35-atraktivnih-izlozbi-najljepsih-europskih-cipki\/#breadcrumb\",\"itemListElement\":[{\"@type\":\"ListItem\",\"position\":1,\"name\":\"Po\u010detna stranica\",\"item\":\"https:\/\/www.lepoglava.hr\/festival-cipke\/\"},{\"@type\":\"ListItem\",\"position\":2,\"name\":\"Sve\u010dano otvoren 28. Me\u0111unarodni festival \u010dipke\"}]},{\"@type\":\"WebSite\",\"@id\":\"https:\/\/www.lepoglava.hr\/festival-cipke\/#website\",\"url\":\"https:\/\/www.lepoglava.hr\/festival-cipke\/\",\"name\":\"29. me\u0111unarodni festival \u010dipke\",\"description\":\"29. me\u0111unarodni festival \u010dipke - Lepoglava\",\"publisher\":{\"@id\":\"https:\/\/www.lepoglava.hr\/festival-cipke\/#organization\"},\"potentialAction\":[{\"@type\":\"SearchAction\",\"target\":{\"@type\":\"EntryPoint\",\"urlTemplate\":\"https:\/\/www.lepoglava.hr\/festival-cipke\/?s={search_term_string}\"},\"query-input\":\"required name=search_term_string\"}],\"inLanguage\":\"hr\"},{\"@type\":\"Organization\",\"@id\":\"https:\/\/www.lepoglava.hr\/festival-cipke\/#organization\",\"name\":\"Grad Lepoglava\",\"url\":\"https:\/\/www.lepoglava.hr\/festival-cipke\/\",\"logo\":{\"@type\":\"ImageObject\",\"inLanguage\":\"hr\",\"@id\":\"https:\/\/www.lepoglava.hr\/festival-cipke\/#\/schema\/logo\/image\/\",\"url\":\"https:\/\/www.lepoglava.hr\/festival-cipke\/wp-content\/uploads\/2020\/08\/lepoglava-logo.png\",\"contentUrl\":\"https:\/\/www.lepoglava.hr\/festival-cipke\/wp-content\/uploads\/2020\/08\/lepoglava-logo.png\",\"width\":202,\"height\":58,\"caption\":\"Grad Lepoglava\"},\"image\":{\"@id\":\"https:\/\/www.lepoglava.hr\/festival-cipke\/#\/schema\/logo\/image\/\"}},{\"@type\":\"Person\",\"@id\":\"https:\/\/www.lepoglava.hr\/festival-cipke\/#\/schema\/person\/afb90b44ec6c12f33e98a7f5c6c611e1\",\"name\":\"ulimarus\"}]}<\/script>\n<!-- \/ Yoast SEO plugin. -->","yoast_head_json":{"title":"Sve\u010dano otvoren 28. Me\u0111unarodni festival \u010dipke - 29. me\u0111unarodni festival \u010dipke","robots":{"index":"index","follow":"follow","max-snippet":"max-snippet:-1","max-image-preview":"max-image-preview:large","max-video-preview":"max-video-preview:-1"},"canonical":"https:\/\/www.lepoglava.hr\/festival-cipke\/cak-35-atraktivnih-izlozbi-najljepsih-europskih-cipki\/","og_locale":"hr_HR","og_type":"article","og_title":"Sve\u010dano otvoren 28. Me\u0111unarodni festival \u010dipke - 29. me\u0111unarodni festival \u010dipke","og_description":"Podizanjem festivalske zastave, uza zvuke fanfara, u Lepoglavi je u petak, 13. rujna, sve\u010dano otvoren 28. Me\u0111unarodni festival \u010dipke, na &hellip; Sve\u010dano otvoren 28. Me\u0111unarodni festival \u010dipke Vi\u0161e \u00bb","og_url":"https:\/\/www.lepoglava.hr\/festival-cipke\/cak-35-atraktivnih-izlozbi-najljepsih-europskih-cipki\/","og_site_name":"29. me\u0111unarodni festival \u010dipke","article_published_time":"2024-09-14T08:52:18+00:00","article_modified_time":"2024-09-16T08:01:52+00:00","og_image":[{"width":1980,"height":1320,"url":"https:\/\/www.lepoglava.hr\/festival-cipke\/wp-content\/uploads\/2024\/09\/festival_cipka_lepoglava_08_photo-by-godar.jpg","type":"image\/jpeg"}],"author":"ulimarus","twitter_card":"summary_large_image","twitter_misc":{"Napisao\/la":"ulimarus","Procijenjeno vrijeme \u010ditanja":"9 minuta"},"schema":{"@context":"https:\/\/schema.org","@graph":[{"@type":"Article","@id":"https:\/\/www.lepoglava.hr\/festival-cipke\/cak-35-atraktivnih-izlozbi-najljepsih-europskih-cipki\/#article","isPartOf":{"@id":"https:\/\/www.lepoglava.hr\/festival-cipke\/cak-35-atraktivnih-izlozbi-najljepsih-europskih-cipki\/"},"author":{"name":"ulimarus","@id":"https:\/\/www.lepoglava.hr\/festival-cipke\/#\/schema\/person\/afb90b44ec6c12f33e98a7f5c6c611e1"},"headline":"Sve\u010dano otvoren 28. Me\u0111unarodni festival \u010dipke","datePublished":"2024-09-14T08:52:18+00:00","dateModified":"2024-09-16T08:01:52+00:00","mainEntityOfPage":{"@id":"https:\/\/www.lepoglava.hr\/festival-cipke\/cak-35-atraktivnih-izlozbi-najljepsih-europskih-cipki\/"},"wordCount":1241,"publisher":{"@id":"https:\/\/www.lepoglava.hr\/festival-cipke\/#organization"},"articleSection":["Novosti"],"inLanguage":"hr"},{"@type":"WebPage","@id":"https:\/\/www.lepoglava.hr\/festival-cipke\/cak-35-atraktivnih-izlozbi-najljepsih-europskih-cipki\/","url":"https:\/\/www.lepoglava.hr\/festival-cipke\/cak-35-atraktivnih-izlozbi-najljepsih-europskih-cipki\/","name":"Sve\u010dano otvoren 28. Me\u0111unarodni festival \u010dipke - 29. me\u0111unarodni festival \u010dipke","isPartOf":{"@id":"https:\/\/www.lepoglava.hr\/festival-cipke\/#website"},"datePublished":"2024-09-14T08:52:18+00:00","dateModified":"2024-09-16T08:01:52+00:00","breadcrumb":{"@id":"https:\/\/www.lepoglava.hr\/festival-cipke\/cak-35-atraktivnih-izlozbi-najljepsih-europskih-cipki\/#breadcrumb"},"inLanguage":"hr","potentialAction":[{"@type":"ReadAction","target":["https:\/\/www.lepoglava.hr\/festival-cipke\/cak-35-atraktivnih-izlozbi-najljepsih-europskih-cipki\/"]}]},{"@type":"BreadcrumbList","@id":"https:\/\/www.lepoglava.hr\/festival-cipke\/cak-35-atraktivnih-izlozbi-najljepsih-europskih-cipki\/#breadcrumb","itemListElement":[{"@type":"ListItem","position":1,"name":"Po\u010detna stranica","item":"https:\/\/www.lepoglava.hr\/festival-cipke\/"},{"@type":"ListItem","position":2,"name":"Sve\u010dano otvoren 28. Me\u0111unarodni festival \u010dipke"}]},{"@type":"WebSite","@id":"https:\/\/www.lepoglava.hr\/festival-cipke\/#website","url":"https:\/\/www.lepoglava.hr\/festival-cipke\/","name":"29. me\u0111unarodni festival \u010dipke","description":"29. me\u0111unarodni festival \u010dipke - Lepoglava","publisher":{"@id":"https:\/\/www.lepoglava.hr\/festival-cipke\/#organization"},"potentialAction":[{"@type":"SearchAction","target":{"@type":"EntryPoint","urlTemplate":"https:\/\/www.lepoglava.hr\/festival-cipke\/?s={search_term_string}"},"query-input":"required name=search_term_string"}],"inLanguage":"hr"},{"@type":"Organization","@id":"https:\/\/www.lepoglava.hr\/festival-cipke\/#organization","name":"Grad Lepoglava","url":"https:\/\/www.lepoglava.hr\/festival-cipke\/","logo":{"@type":"ImageObject","inLanguage":"hr","@id":"https:\/\/www.lepoglava.hr\/festival-cipke\/#\/schema\/logo\/image\/","url":"https:\/\/www.lepoglava.hr\/festival-cipke\/wp-content\/uploads\/2020\/08\/lepoglava-logo.png","contentUrl":"https:\/\/www.lepoglava.hr\/festival-cipke\/wp-content\/uploads\/2020\/08\/lepoglava-logo.png","width":202,"height":58,"caption":"Grad Lepoglava"},"image":{"@id":"https:\/\/www.lepoglava.hr\/festival-cipke\/#\/schema\/logo\/image\/"}},{"@type":"Person","@id":"https:\/\/www.lepoglava.hr\/festival-cipke\/#\/schema\/person\/afb90b44ec6c12f33e98a7f5c6c611e1","name":"ulimarus"}]}},"_links":{"self":[{"href":"https:\/\/www.lepoglava.hr\/festival-cipke\/wp-json\/wp\/v2\/posts\/3217"}],"collection":[{"href":"https:\/\/www.lepoglava.hr\/festival-cipke\/wp-json\/wp\/v2\/posts"}],"about":[{"href":"https:\/\/www.lepoglava.hr\/festival-cipke\/wp-json\/wp\/v2\/types\/post"}],"author":[{"embeddable":true,"href":"https:\/\/www.lepoglava.hr\/festival-cipke\/wp-json\/wp\/v2\/users\/5"}],"replies":[{"embeddable":true,"href":"https:\/\/www.lepoglava.hr\/festival-cipke\/wp-json\/wp\/v2\/comments?post=3217"}],"version-history":[{"count":4,"href":"https:\/\/www.lepoglava.hr\/festival-cipke\/wp-json\/wp\/v2\/posts\/3217\/revisions"}],"predecessor-version":[{"id":3244,"href":"https:\/\/www.lepoglava.hr\/festival-cipke\/wp-json\/wp\/v2\/posts\/3217\/revisions\/3244"}],"wp:featuredmedia":[{"embeddable":true,"href":"https:\/\/www.lepoglava.hr\/festival-cipke\/wp-json\/wp\/v2\/media\/3236"}],"wp:attachment":[{"href":"https:\/\/www.lepoglava.hr\/festival-cipke\/wp-json\/wp\/v2\/media?parent=3217"}],"wp:term":[{"taxonomy":"category","embeddable":true,"href":"https:\/\/www.lepoglava.hr\/festival-cipke\/wp-json\/wp\/v2\/categories?post=3217"},{"taxonomy":"post_tag","embeddable":true,"href":"https:\/\/www.lepoglava.hr\/festival-cipke\/wp-json\/wp\/v2\/tags?post=3217"}],"curies":[{"name":"wp","href":"https:\/\/api.w.org\/{rel}","templated":true}]}}