{"id":3247,"date":"2024-09-14T10:55:33","date_gmt":"2024-09-14T10:55:33","guid":{"rendered":"https:\/\/www.lepoglava.hr\/festival-cipke\/?p=3247"},"modified":"2024-09-14T10:55:35","modified_gmt":"2024-09-14T10:55:35","slug":"modna-revija-inspirirana-lepoglavskom-cipkom","status":"publish","type":"post","link":"https:\/\/www.lepoglava.hr\/festival-cipke\/modna-revija-inspirirana-lepoglavskom-cipkom\/","title":{"rendered":"Modna revija inspirirana lepoglavskom \u010dipkom!"},"content":{"rendered":"\n<p>Dan europske ba\u0161tine, koji je tradicionalno odr\u017ean u sklopu <strong>Me\u0111unarodnog festivala \u010dipke u Lepoglavi, zapo\u010deo je zanimljivim radionicama na kojima su u\u010denici i njihovi mentori aplicirali lepoglavsku \u010dipku na razli\u010dite ukrasne i uporabne predmete, a oku\u0161ali su se i u pletenju tekstilnim trakama. Posjetitelji su na Tawanu Doma kulture mogli sudjelovati u radionici &#8211; Od niti do haljine, pa je ona i izlo\u017eena, a svi zainteresirani mogli su u\u017eivo vidjeti i probati izraditi lepoglavsku \u010dipku.<\/strong><\/p>\n\n\n\n<p><strong>Veselu radioni\u010dku atmosferu na Tawanu je zamijenila atraktivna modna revija na kojoj su se predstavile sve generacije, od polaznica vrti\u0107a preko srednjo\u0161kolki do poznate dizajnerice <\/strong><strong>Zdenke Buni\u0107.<\/strong><\/p>\n\n\n\n<p><strong>Prvo su svoje kreacije posjetiteljima pokazale djevoj\u010dice iz pred\u0161kolske skupine Dje\u010djeg vrti\u0107a Lepoglava.<\/strong><strong> Amelie Kola\u010dko, Korina Husnjak, Azra \u0160pac i Mateja \u017dupani\u0107 <\/strong><strong>pokazale su radove koje u izradili polaznici grupe Male \u010dipkarice iz DV Lepoglava.<\/strong><\/p>\n\n\n\n<p><strong>U<\/strong><strong>\u010denice Srednje strukovne \u0161kole iz Vara\u017edina ove su godine u svojim kreacijama spojile \u010dipku, modu i mladost te su kroz njih ispri\u010dale pri\u010du o stilu, kreativnost i izra\u017eavanju. Modne kreacije koje su napravile su simbioza urbanog, modernog i tradicionalnog, pa su posjetitelji u\u017eivali u zanimljivim kombinacijama. Ove kreacije su napravile u\u010denice 4L razreda<\/strong><strong> \u2013 Dora Brlekovi\u0107, Leticija Cika\u010d, Hana Fri\u0161\u010di\u0107, Iva Jal\u0161i\u0107, Tara Kran\u017eeli\u0107, Larisa Kri\u017eani\u0107, Lea Kukec, Lara Saka\u010d, Zara \u0160ipu\u0161, Stella Michel Tobias <\/strong><strong>i<\/strong><strong> Nela \u017dini\u0107 <\/strong><strong>pod vodstvom mentorica<\/strong><strong> Verice Busije i Ane Detoni.<\/strong><\/p>\n\n\n\n<p><strong>Za kraj ove modne pri\u010de djevojke su posjetiteljima pokazale prekrasne ljetne haljine nastale u modnom ateljeu Zdenke Buni\u0107. Pistom su pro\u0161etale i pokazale kolekciju lijepih bijelih haljina na koje su aplicirani motivi lepoglavske \u010dipke \u2013 Sunce, Ljeto u \u0161umi, Dubravka, Dobrila i Tikvice.<\/strong><\/p>\n\n\n\n<p><strong>Uvodno je na Danu europske ba\u0161tine predavanje na temu \u201eK<\/strong><strong>ulturna ba\u0161tina&nbsp;koja oblikuje na\u0161 dana\u0161nji na\u010din \u017eivota odr\u017eala dr.sc. <\/strong><strong>Mirjana Posavec.<\/strong><\/p>\n","protected":false},"excerpt":{"rendered":"<p>Dan europske ba\u0161tine, koji je tradicionalno odr\u017ean u sklopu Me\u0111unarodnog festivala \u010dipke u Lepoglavi, zapo\u010deo je zanimljivim radionicama na kojima &hellip;<\/p>\n<p class=\"read-more\"> <a class=\"\" href=\"https:\/\/www.lepoglava.hr\/festival-cipke\/modna-revija-inspirirana-lepoglavskom-cipkom\/\"> <span class=\"screen-reader-text\">Modna revija inspirirana lepoglavskom \u010dipkom!<\/span> Vi\u0161e \u00bb<\/a><\/p>\n","protected":false},"author":5,"featured_media":3249,"comment_status":"closed","ping_status":"open","sticky":false,"template":"","format":"standard","meta":{"site-sidebar-layout":"default","site-content-layout":"default","ast-global-header-display":"","ast-banner-title-visibility":"","ast-main-header-display":"","ast-hfb-above-header-display":"","ast-hfb-below-header-display":"","ast-hfb-mobile-header-display":"","site-post-title":"","ast-breadcrumbs-content":"","ast-featured-img":"","footer-sml-layout":"","theme-transparent-header-meta":"","adv-header-id-meta":"","stick-header-meta":"","header-above-stick-meta":"","header-main-stick-meta":"","header-below-stick-meta":"","pgc_sgb_lightbox_settings":""},"categories":[3],"tags":[],"yoast_head":"<!-- This site is optimized with the Yoast SEO plugin v20.11 - https:\/\/yoast.com\/wordpress\/plugins\/seo\/ -->\n<title>Modna revija inspirirana lepoglavskom \u010dipkom! - 29. me\u0111unarodni festival \u010dipke<\/title>\n<meta name=\"robots\" content=\"index, follow, max-snippet:-1, max-image-preview:large, max-video-preview:-1\" \/>\n<link rel=\"canonical\" href=\"https:\/\/www.lepoglava.hr\/festival-cipke\/modna-revija-inspirirana-lepoglavskom-cipkom\/\" \/>\n<meta property=\"og:locale\" content=\"hr_HR\" \/>\n<meta property=\"og:type\" content=\"article\" \/>\n<meta property=\"og:title\" content=\"Modna revija inspirirana lepoglavskom \u010dipkom! - 29. me\u0111unarodni festival \u010dipke\" \/>\n<meta property=\"og:description\" content=\"Dan europske ba\u0161tine, koji je tradicionalno odr\u017ean u sklopu Me\u0111unarodnog festivala \u010dipke u Lepoglavi, zapo\u010deo je zanimljivim radionicama na kojima &hellip; Modna revija inspirirana lepoglavskom \u010dipkom! Vi\u0161e \u00bb\" \/>\n<meta property=\"og:url\" content=\"https:\/\/www.lepoglava.hr\/festival-cipke\/modna-revija-inspirirana-lepoglavskom-cipkom\/\" \/>\n<meta property=\"og:site_name\" content=\"29. me\u0111unarodni festival \u010dipke\" \/>\n<meta property=\"article:published_time\" content=\"2024-09-14T10:55:33+00:00\" \/>\n<meta property=\"article:modified_time\" content=\"2024-09-14T10:55:35+00:00\" \/>\n<meta property=\"og:image\" content=\"https:\/\/www.lepoglava.hr\/festival-cipke\/wp-content\/uploads\/2024\/09\/1c7aa6d3-67c6-40a3-adab-2170fb1acc8b.jpg\" \/>\n\t<meta property=\"og:image:width\" content=\"2000\" \/>\n\t<meta property=\"og:image:height\" content=\"1331\" \/>\n\t<meta property=\"og:image:type\" content=\"image\/jpeg\" \/>\n<meta name=\"author\" content=\"ulimarus\" \/>\n<meta name=\"twitter:card\" content=\"summary_large_image\" \/>\n<meta name=\"twitter:label1\" content=\"Napisao\/la\" \/>\n\t<meta name=\"twitter:data1\" content=\"ulimarus\" \/>\n\t<meta name=\"twitter:label2\" content=\"Procijenjeno vrijeme \u010ditanja\" \/>\n\t<meta name=\"twitter:data2\" content=\"2 minute\" \/>\n<script type=\"application\/ld+json\" class=\"yoast-schema-graph\">{\"@context\":\"https:\/\/schema.org\",\"@graph\":[{\"@type\":\"Article\",\"@id\":\"https:\/\/www.lepoglava.hr\/festival-cipke\/modna-revija-inspirirana-lepoglavskom-cipkom\/#article\",\"isPartOf\":{\"@id\":\"https:\/\/www.lepoglava.hr\/festival-cipke\/modna-revija-inspirirana-lepoglavskom-cipkom\/\"},\"author\":{\"name\":\"ulimarus\",\"@id\":\"https:\/\/www.lepoglava.hr\/festival-cipke\/#\/schema\/person\/afb90b44ec6c12f33e98a7f5c6c611e1\"},\"headline\":\"Modna revija inspirirana lepoglavskom \u010dipkom!\",\"datePublished\":\"2024-09-14T10:55:33+00:00\",\"dateModified\":\"2024-09-14T10:55:35+00:00\",\"mainEntityOfPage\":{\"@id\":\"https:\/\/www.lepoglava.hr\/festival-cipke\/modna-revija-inspirirana-lepoglavskom-cipkom\/\"},\"wordCount\":328,\"publisher\":{\"@id\":\"https:\/\/www.lepoglava.hr\/festival-cipke\/#organization\"},\"articleSection\":[\"Novosti\"],\"inLanguage\":\"hr\"},{\"@type\":\"WebPage\",\"@id\":\"https:\/\/www.lepoglava.hr\/festival-cipke\/modna-revija-inspirirana-lepoglavskom-cipkom\/\",\"url\":\"https:\/\/www.lepoglava.hr\/festival-cipke\/modna-revija-inspirirana-lepoglavskom-cipkom\/\",\"name\":\"Modna revija inspirirana lepoglavskom \u010dipkom! - 29. me\u0111unarodni festival \u010dipke\",\"isPartOf\":{\"@id\":\"https:\/\/www.lepoglava.hr\/festival-cipke\/#website\"},\"datePublished\":\"2024-09-14T10:55:33+00:00\",\"dateModified\":\"2024-09-14T10:55:35+00:00\",\"breadcrumb\":{\"@id\":\"https:\/\/www.lepoglava.hr\/festival-cipke\/modna-revija-inspirirana-lepoglavskom-cipkom\/#breadcrumb\"},\"inLanguage\":\"hr\",\"potentialAction\":[{\"@type\":\"ReadAction\",\"target\":[\"https:\/\/www.lepoglava.hr\/festival-cipke\/modna-revija-inspirirana-lepoglavskom-cipkom\/\"]}]},{\"@type\":\"BreadcrumbList\",\"@id\":\"https:\/\/www.lepoglava.hr\/festival-cipke\/modna-revija-inspirirana-lepoglavskom-cipkom\/#breadcrumb\",\"itemListElement\":[{\"@type\":\"ListItem\",\"position\":1,\"name\":\"Po\u010detna stranica\",\"item\":\"https:\/\/www.lepoglava.hr\/festival-cipke\/\"},{\"@type\":\"ListItem\",\"position\":2,\"name\":\"Modna revija inspirirana lepoglavskom \u010dipkom!\"}]},{\"@type\":\"WebSite\",\"@id\":\"https:\/\/www.lepoglava.hr\/festival-cipke\/#website\",\"url\":\"https:\/\/www.lepoglava.hr\/festival-cipke\/\",\"name\":\"29. me\u0111unarodni festival \u010dipke\",\"description\":\"29. me\u0111unarodni festival \u010dipke - Lepoglava\",\"publisher\":{\"@id\":\"https:\/\/www.lepoglava.hr\/festival-cipke\/#organization\"},\"potentialAction\":[{\"@type\":\"SearchAction\",\"target\":{\"@type\":\"EntryPoint\",\"urlTemplate\":\"https:\/\/www.lepoglava.hr\/festival-cipke\/?s={search_term_string}\"},\"query-input\":\"required name=search_term_string\"}],\"inLanguage\":\"hr\"},{\"@type\":\"Organization\",\"@id\":\"https:\/\/www.lepoglava.hr\/festival-cipke\/#organization\",\"name\":\"Grad Lepoglava\",\"url\":\"https:\/\/www.lepoglava.hr\/festival-cipke\/\",\"logo\":{\"@type\":\"ImageObject\",\"inLanguage\":\"hr\",\"@id\":\"https:\/\/www.lepoglava.hr\/festival-cipke\/#\/schema\/logo\/image\/\",\"url\":\"https:\/\/www.lepoglava.hr\/festival-cipke\/wp-content\/uploads\/2020\/08\/lepoglava-logo.png\",\"contentUrl\":\"https:\/\/www.lepoglava.hr\/festival-cipke\/wp-content\/uploads\/2020\/08\/lepoglava-logo.png\",\"width\":202,\"height\":58,\"caption\":\"Grad Lepoglava\"},\"image\":{\"@id\":\"https:\/\/www.lepoglava.hr\/festival-cipke\/#\/schema\/logo\/image\/\"}},{\"@type\":\"Person\",\"@id\":\"https:\/\/www.lepoglava.hr\/festival-cipke\/#\/schema\/person\/afb90b44ec6c12f33e98a7f5c6c611e1\",\"name\":\"ulimarus\"}]}<\/script>\n<!-- \/ Yoast SEO plugin. -->","yoast_head_json":{"title":"Modna revija inspirirana lepoglavskom \u010dipkom! - 29. me\u0111unarodni festival \u010dipke","robots":{"index":"index","follow":"follow","max-snippet":"max-snippet:-1","max-image-preview":"max-image-preview:large","max-video-preview":"max-video-preview:-1"},"canonical":"https:\/\/www.lepoglava.hr\/festival-cipke\/modna-revija-inspirirana-lepoglavskom-cipkom\/","og_locale":"hr_HR","og_type":"article","og_title":"Modna revija inspirirana lepoglavskom \u010dipkom! - 29. me\u0111unarodni festival \u010dipke","og_description":"Dan europske ba\u0161tine, koji je tradicionalno odr\u017ean u sklopu Me\u0111unarodnog festivala \u010dipke u Lepoglavi, zapo\u010deo je zanimljivim radionicama na kojima &hellip; Modna revija inspirirana lepoglavskom \u010dipkom! Vi\u0161e \u00bb","og_url":"https:\/\/www.lepoglava.hr\/festival-cipke\/modna-revija-inspirirana-lepoglavskom-cipkom\/","og_site_name":"29. me\u0111unarodni festival \u010dipke","article_published_time":"2024-09-14T10:55:33+00:00","article_modified_time":"2024-09-14T10:55:35+00:00","og_image":[{"width":2000,"height":1331,"url":"https:\/\/www.lepoglava.hr\/festival-cipke\/wp-content\/uploads\/2024\/09\/1c7aa6d3-67c6-40a3-adab-2170fb1acc8b.jpg","type":"image\/jpeg"}],"author":"ulimarus","twitter_card":"summary_large_image","twitter_misc":{"Napisao\/la":"ulimarus","Procijenjeno vrijeme \u010ditanja":"2 minute"},"schema":{"@context":"https:\/\/schema.org","@graph":[{"@type":"Article","@id":"https:\/\/www.lepoglava.hr\/festival-cipke\/modna-revija-inspirirana-lepoglavskom-cipkom\/#article","isPartOf":{"@id":"https:\/\/www.lepoglava.hr\/festival-cipke\/modna-revija-inspirirana-lepoglavskom-cipkom\/"},"author":{"name":"ulimarus","@id":"https:\/\/www.lepoglava.hr\/festival-cipke\/#\/schema\/person\/afb90b44ec6c12f33e98a7f5c6c611e1"},"headline":"Modna revija inspirirana lepoglavskom \u010dipkom!","datePublished":"2024-09-14T10:55:33+00:00","dateModified":"2024-09-14T10:55:35+00:00","mainEntityOfPage":{"@id":"https:\/\/www.lepoglava.hr\/festival-cipke\/modna-revija-inspirirana-lepoglavskom-cipkom\/"},"wordCount":328,"publisher":{"@id":"https:\/\/www.lepoglava.hr\/festival-cipke\/#organization"},"articleSection":["Novosti"],"inLanguage":"hr"},{"@type":"WebPage","@id":"https:\/\/www.lepoglava.hr\/festival-cipke\/modna-revija-inspirirana-lepoglavskom-cipkom\/","url":"https:\/\/www.lepoglava.hr\/festival-cipke\/modna-revija-inspirirana-lepoglavskom-cipkom\/","name":"Modna revija inspirirana lepoglavskom \u010dipkom! - 29. me\u0111unarodni festival \u010dipke","isPartOf":{"@id":"https:\/\/www.lepoglava.hr\/festival-cipke\/#website"},"datePublished":"2024-09-14T10:55:33+00:00","dateModified":"2024-09-14T10:55:35+00:00","breadcrumb":{"@id":"https:\/\/www.lepoglava.hr\/festival-cipke\/modna-revija-inspirirana-lepoglavskom-cipkom\/#breadcrumb"},"inLanguage":"hr","potentialAction":[{"@type":"ReadAction","target":["https:\/\/www.lepoglava.hr\/festival-cipke\/modna-revija-inspirirana-lepoglavskom-cipkom\/"]}]},{"@type":"BreadcrumbList","@id":"https:\/\/www.lepoglava.hr\/festival-cipke\/modna-revija-inspirirana-lepoglavskom-cipkom\/#breadcrumb","itemListElement":[{"@type":"ListItem","position":1,"name":"Po\u010detna stranica","item":"https:\/\/www.lepoglava.hr\/festival-cipke\/"},{"@type":"ListItem","position":2,"name":"Modna revija inspirirana lepoglavskom \u010dipkom!"}]},{"@type":"WebSite","@id":"https:\/\/www.lepoglava.hr\/festival-cipke\/#website","url":"https:\/\/www.lepoglava.hr\/festival-cipke\/","name":"29. me\u0111unarodni festival \u010dipke","description":"29. me\u0111unarodni festival \u010dipke - Lepoglava","publisher":{"@id":"https:\/\/www.lepoglava.hr\/festival-cipke\/#organization"},"potentialAction":[{"@type":"SearchAction","target":{"@type":"EntryPoint","urlTemplate":"https:\/\/www.lepoglava.hr\/festival-cipke\/?s={search_term_string}"},"query-input":"required name=search_term_string"}],"inLanguage":"hr"},{"@type":"Organization","@id":"https:\/\/www.lepoglava.hr\/festival-cipke\/#organization","name":"Grad Lepoglava","url":"https:\/\/www.lepoglava.hr\/festival-cipke\/","logo":{"@type":"ImageObject","inLanguage":"hr","@id":"https:\/\/www.lepoglava.hr\/festival-cipke\/#\/schema\/logo\/image\/","url":"https:\/\/www.lepoglava.hr\/festival-cipke\/wp-content\/uploads\/2020\/08\/lepoglava-logo.png","contentUrl":"https:\/\/www.lepoglava.hr\/festival-cipke\/wp-content\/uploads\/2020\/08\/lepoglava-logo.png","width":202,"height":58,"caption":"Grad Lepoglava"},"image":{"@id":"https:\/\/www.lepoglava.hr\/festival-cipke\/#\/schema\/logo\/image\/"}},{"@type":"Person","@id":"https:\/\/www.lepoglava.hr\/festival-cipke\/#\/schema\/person\/afb90b44ec6c12f33e98a7f5c6c611e1","name":"ulimarus"}]}},"_links":{"self":[{"href":"https:\/\/www.lepoglava.hr\/festival-cipke\/wp-json\/wp\/v2\/posts\/3247"}],"collection":[{"href":"https:\/\/www.lepoglava.hr\/festival-cipke\/wp-json\/wp\/v2\/posts"}],"about":[{"href":"https:\/\/www.lepoglava.hr\/festival-cipke\/wp-json\/wp\/v2\/types\/post"}],"author":[{"embeddable":true,"href":"https:\/\/www.lepoglava.hr\/festival-cipke\/wp-json\/wp\/v2\/users\/5"}],"replies":[{"embeddable":true,"href":"https:\/\/www.lepoglava.hr\/festival-cipke\/wp-json\/wp\/v2\/comments?post=3247"}],"version-history":[{"count":1,"href":"https:\/\/www.lepoglava.hr\/festival-cipke\/wp-json\/wp\/v2\/posts\/3247\/revisions"}],"predecessor-version":[{"id":3248,"href":"https:\/\/www.lepoglava.hr\/festival-cipke\/wp-json\/wp\/v2\/posts\/3247\/revisions\/3248"}],"wp:featuredmedia":[{"embeddable":true,"href":"https:\/\/www.lepoglava.hr\/festival-cipke\/wp-json\/wp\/v2\/media\/3249"}],"wp:attachment":[{"href":"https:\/\/www.lepoglava.hr\/festival-cipke\/wp-json\/wp\/v2\/media?parent=3247"}],"wp:term":[{"taxonomy":"category","embeddable":true,"href":"https:\/\/www.lepoglava.hr\/festival-cipke\/wp-json\/wp\/v2\/categories?post=3247"},{"taxonomy":"post_tag","embeddable":true,"href":"https:\/\/www.lepoglava.hr\/festival-cipke\/wp-json\/wp\/v2\/tags?post=3247"}],"curies":[{"name":"wp","href":"https:\/\/api.w.org\/{rel}","templated":true}]}}