{"id":331,"date":"2016-09-04T00:00:00","date_gmt":"2016-09-04T00:00:00","guid":{"rendered":"https:\/\/www.lepoglava.hr\/festival-cipke\/2016\/09\/04\/lepoglavska-cipka-predstavljena-u-ludbregu\/"},"modified":"2016-09-04T00:00:00","modified_gmt":"2016-09-04T00:00:00","slug":"lepoglavska-cipka-predstavljena-u-ludbregu","status":"publish","type":"post","link":"https:\/\/www.lepoglava.hr\/festival-cipke\/lepoglavska-cipka-predstavljena-u-ludbregu\/","title":{"rendered":"Lepoglavska \u010dipka predstavljena u Ludbregu"},"content":{"rendered":"<p>Rasko\u0161 i univerzalna ljepota lepoglavske \u010dipke predstavljena je u subotu, 3. rujna, u Ludbregu, na iznimno posje\u0107enoj manifestaciji Dani ludbre\u0161ke Svete Nedjelje. Tako su brojni posjetitelji, na glavnom ludbre\u0161kom trgu, mogli vidjeti primjerke lepoglavske \u010dipke, ali i unikatni nakit inspiriran \u010dipkom autorice Snje\u017eane Varovi\u0107.\u00a0<\/p>\n<p>&#8211; Promocija u Ludbregu bila je prigoda da posjetitelje ove manifestacije upoznamo i s programom ovogodi\u0161njeg, jubilarnog me\u0111unarodnog festivala \u010dipke u Lepoglavi, na kojem \u0107emo predstaviti neke od najljep\u0161ih \u010dipaka iz Hrvatske, Belgije, Poljske, Ma\u0111arske, Estonije, Slova\u010dke, Slovenije, Njema\u010dke i Austrije, te da ih pozovemo u Lepoglavu, koja \u0107e od 22. do 25. rujna, ponovo biti \u010dipkarsko sredi\u0161te Europe \u2013 istaknula je Ljubica Dubove\u010dak, direktorica Turisti\u010dke zajednice grada Lepoglave.\u00a0<br \/>\nIzlo\u017eene \u010dipkarske kreacije pobudile su veliko zanimanje posjetitelja ove vjersko \u2013 turisti\u010dke manifestacije u Ludbregu, a program promocije Me\u0111unarodnog \u010dipkarskog festivala bit \u0107e nastavljen u nedjelju, kada \u0107e svoje radove predstaviti \u010dlanice \u010cipkarskog dru\u0161tva Danica Bresler.<\/p>\n","protected":false},"excerpt":{"rendered":"<p>Rasko\u0161 i univerzalna ljepota lepoglavske \u010dipke predstavljena je u subotu, 3. rujna, u Ludbregu, na iznimno posje\u0107enoj manifestaciji Dani ludbre\u0161ke &hellip;<\/p>\n<p class=\"read-more\"> <a class=\"\" href=\"https:\/\/www.lepoglava.hr\/festival-cipke\/lepoglavska-cipka-predstavljena-u-ludbregu\/\"> <span class=\"screen-reader-text\">Lepoglavska \u010dipka predstavljena u Ludbregu<\/span> Vi\u0161e \u00bb<\/a><\/p>\n","protected":false},"author":4,"featured_media":332,"comment_status":"closed","ping_status":"open","sticky":false,"template":"","format":"standard","meta":{"site-sidebar-layout":"default","site-content-layout":"default","ast-global-header-display":"","ast-banner-title-visibility":"","ast-main-header-display":"","ast-hfb-above-header-display":"","ast-hfb-below-header-display":"","ast-hfb-mobile-header-display":"","site-post-title":"","ast-breadcrumbs-content":"","ast-featured-img":"","footer-sml-layout":"","theme-transparent-header-meta":"","adv-header-id-meta":"","stick-header-meta":"","header-above-stick-meta":"","header-main-stick-meta":"","header-below-stick-meta":"","pgc_sgb_lightbox_settings":""},"categories":[3],"tags":[8],"yoast_head":"<!-- This site is optimized with the Yoast SEO plugin v20.11 - https:\/\/yoast.com\/wordpress\/plugins\/seo\/ -->\n<title>Lepoglavska \u010dipka predstavljena u Ludbregu - 29. me\u0111unarodni festival \u010dipke<\/title>\n<meta name=\"robots\" content=\"index, follow, max-snippet:-1, max-image-preview:large, max-video-preview:-1\" \/>\n<link rel=\"canonical\" href=\"https:\/\/www.lepoglava.hr\/festival-cipke\/lepoglavska-cipka-predstavljena-u-ludbregu\/\" \/>\n<meta property=\"og:locale\" content=\"hr_HR\" \/>\n<meta property=\"og:type\" content=\"article\" \/>\n<meta property=\"og:title\" content=\"Lepoglavska \u010dipka predstavljena u Ludbregu - 29. me\u0111unarodni festival \u010dipke\" \/>\n<meta property=\"og:description\" content=\"Rasko\u0161 i univerzalna ljepota lepoglavske \u010dipke predstavljena je u subotu, 3. rujna, u Ludbregu, na iznimno posje\u0107enoj manifestaciji Dani ludbre\u0161ke &hellip; Lepoglavska \u010dipka predstavljena u Ludbregu Vi\u0161e \u00bb\" \/>\n<meta property=\"og:url\" content=\"https:\/\/www.lepoglava.hr\/festival-cipke\/lepoglavska-cipka-predstavljena-u-ludbregu\/\" \/>\n<meta property=\"og:site_name\" content=\"29. me\u0111unarodni festival \u010dipke\" \/>\n<meta property=\"article:published_time\" content=\"2016-09-04T00:00:00+00:00\" \/>\n<meta property=\"og:image\" content=\"https:\/\/www.lepoglava.hr\/festival-cipke\/wp-content\/uploads\/2020\/08\/cipka-ludbreg-min-scaled.jpg\" \/>\n\t<meta property=\"og:image:width\" content=\"2560\" \/>\n\t<meta property=\"og:image:height\" content=\"1440\" \/>\n\t<meta property=\"og:image:type\" content=\"image\/jpeg\" \/>\n<meta name=\"author\" content=\"zgrubisa\" \/>\n<meta name=\"twitter:card\" content=\"summary_large_image\" \/>\n<meta name=\"twitter:label1\" content=\"Napisao\/la\" \/>\n\t<meta name=\"twitter:data1\" content=\"zgrubisa\" \/>\n\t<meta name=\"twitter:label2\" content=\"Procijenjeno vrijeme \u010ditanja\" \/>\n\t<meta name=\"twitter:data2\" content=\"1 minuta\" \/>\n<script type=\"application\/ld+json\" class=\"yoast-schema-graph\">{\"@context\":\"https:\/\/schema.org\",\"@graph\":[{\"@type\":\"Article\",\"@id\":\"https:\/\/www.lepoglava.hr\/festival-cipke\/lepoglavska-cipka-predstavljena-u-ludbregu\/#article\",\"isPartOf\":{\"@id\":\"https:\/\/www.lepoglava.hr\/festival-cipke\/lepoglavska-cipka-predstavljena-u-ludbregu\/\"},\"author\":{\"name\":\"zgrubisa\",\"@id\":\"https:\/\/www.lepoglava.hr\/festival-cipke\/#\/schema\/person\/d67f6fec2e7e80fcac8a8597f3e676b9\"},\"headline\":\"Lepoglavska \u010dipka predstavljena u Ludbregu\",\"datePublished\":\"2016-09-04T00:00:00+00:00\",\"dateModified\":\"2016-09-04T00:00:00+00:00\",\"mainEntityOfPage\":{\"@id\":\"https:\/\/www.lepoglava.hr\/festival-cipke\/lepoglavska-cipka-predstavljena-u-ludbregu\/\"},\"wordCount\":166,\"publisher\":{\"@id\":\"https:\/\/www.lepoglava.hr\/festival-cipke\/#organization\"},\"keywords\":[\"Festival 2016\"],\"articleSection\":[\"Novosti\"],\"inLanguage\":\"hr\"},{\"@type\":\"WebPage\",\"@id\":\"https:\/\/www.lepoglava.hr\/festival-cipke\/lepoglavska-cipka-predstavljena-u-ludbregu\/\",\"url\":\"https:\/\/www.lepoglava.hr\/festival-cipke\/lepoglavska-cipka-predstavljena-u-ludbregu\/\",\"name\":\"Lepoglavska \u010dipka predstavljena u Ludbregu - 29. me\u0111unarodni festival \u010dipke\",\"isPartOf\":{\"@id\":\"https:\/\/www.lepoglava.hr\/festival-cipke\/#website\"},\"datePublished\":\"2016-09-04T00:00:00+00:00\",\"dateModified\":\"2016-09-04T00:00:00+00:00\",\"breadcrumb\":{\"@id\":\"https:\/\/www.lepoglava.hr\/festival-cipke\/lepoglavska-cipka-predstavljena-u-ludbregu\/#breadcrumb\"},\"inLanguage\":\"hr\",\"potentialAction\":[{\"@type\":\"ReadAction\",\"target\":[\"https:\/\/www.lepoglava.hr\/festival-cipke\/lepoglavska-cipka-predstavljena-u-ludbregu\/\"]}]},{\"@type\":\"BreadcrumbList\",\"@id\":\"https:\/\/www.lepoglava.hr\/festival-cipke\/lepoglavska-cipka-predstavljena-u-ludbregu\/#breadcrumb\",\"itemListElement\":[{\"@type\":\"ListItem\",\"position\":1,\"name\":\"Po\u010detna stranica\",\"item\":\"https:\/\/www.lepoglava.hr\/festival-cipke\/\"},{\"@type\":\"ListItem\",\"position\":2,\"name\":\"Lepoglavska \u010dipka predstavljena u Ludbregu\"}]},{\"@type\":\"WebSite\",\"@id\":\"https:\/\/www.lepoglava.hr\/festival-cipke\/#website\",\"url\":\"https:\/\/www.lepoglava.hr\/festival-cipke\/\",\"name\":\"29. me\u0111unarodni festival \u010dipke\",\"description\":\"29. me\u0111unarodni festival \u010dipke - Lepoglava\",\"publisher\":{\"@id\":\"https:\/\/www.lepoglava.hr\/festival-cipke\/#organization\"},\"potentialAction\":[{\"@type\":\"SearchAction\",\"target\":{\"@type\":\"EntryPoint\",\"urlTemplate\":\"https:\/\/www.lepoglava.hr\/festival-cipke\/?s={search_term_string}\"},\"query-input\":\"required name=search_term_string\"}],\"inLanguage\":\"hr\"},{\"@type\":\"Organization\",\"@id\":\"https:\/\/www.lepoglava.hr\/festival-cipke\/#organization\",\"name\":\"Grad Lepoglava\",\"url\":\"https:\/\/www.lepoglava.hr\/festival-cipke\/\",\"logo\":{\"@type\":\"ImageObject\",\"inLanguage\":\"hr\",\"@id\":\"https:\/\/www.lepoglava.hr\/festival-cipke\/#\/schema\/logo\/image\/\",\"url\":\"https:\/\/www.lepoglava.hr\/festival-cipke\/wp-content\/uploads\/2020\/08\/lepoglava-logo.png\",\"contentUrl\":\"https:\/\/www.lepoglava.hr\/festival-cipke\/wp-content\/uploads\/2020\/08\/lepoglava-logo.png\",\"width\":202,\"height\":58,\"caption\":\"Grad Lepoglava\"},\"image\":{\"@id\":\"https:\/\/www.lepoglava.hr\/festival-cipke\/#\/schema\/logo\/image\/\"}},{\"@type\":\"Person\",\"@id\":\"https:\/\/www.lepoglava.hr\/festival-cipke\/#\/schema\/person\/d67f6fec2e7e80fcac8a8597f3e676b9\",\"name\":\"zgrubisa\"}]}<\/script>\n<!-- \/ Yoast SEO plugin. -->","yoast_head_json":{"title":"Lepoglavska \u010dipka predstavljena u Ludbregu - 29. me\u0111unarodni festival \u010dipke","robots":{"index":"index","follow":"follow","max-snippet":"max-snippet:-1","max-image-preview":"max-image-preview:large","max-video-preview":"max-video-preview:-1"},"canonical":"https:\/\/www.lepoglava.hr\/festival-cipke\/lepoglavska-cipka-predstavljena-u-ludbregu\/","og_locale":"hr_HR","og_type":"article","og_title":"Lepoglavska \u010dipka predstavljena u Ludbregu - 29. me\u0111unarodni festival \u010dipke","og_description":"Rasko\u0161 i univerzalna ljepota lepoglavske \u010dipke predstavljena je u subotu, 3. rujna, u Ludbregu, na iznimno posje\u0107enoj manifestaciji Dani ludbre\u0161ke &hellip; Lepoglavska \u010dipka predstavljena u Ludbregu Vi\u0161e \u00bb","og_url":"https:\/\/www.lepoglava.hr\/festival-cipke\/lepoglavska-cipka-predstavljena-u-ludbregu\/","og_site_name":"29. me\u0111unarodni festival \u010dipke","article_published_time":"2016-09-04T00:00:00+00:00","og_image":[{"width":2560,"height":1440,"url":"https:\/\/www.lepoglava.hr\/festival-cipke\/wp-content\/uploads\/2020\/08\/cipka-ludbreg-min-scaled.jpg","type":"image\/jpeg"}],"author":"zgrubisa","twitter_card":"summary_large_image","twitter_misc":{"Napisao\/la":"zgrubisa","Procijenjeno vrijeme \u010ditanja":"1 minuta"},"schema":{"@context":"https:\/\/schema.org","@graph":[{"@type":"Article","@id":"https:\/\/www.lepoglava.hr\/festival-cipke\/lepoglavska-cipka-predstavljena-u-ludbregu\/#article","isPartOf":{"@id":"https:\/\/www.lepoglava.hr\/festival-cipke\/lepoglavska-cipka-predstavljena-u-ludbregu\/"},"author":{"name":"zgrubisa","@id":"https:\/\/www.lepoglava.hr\/festival-cipke\/#\/schema\/person\/d67f6fec2e7e80fcac8a8597f3e676b9"},"headline":"Lepoglavska \u010dipka predstavljena u Ludbregu","datePublished":"2016-09-04T00:00:00+00:00","dateModified":"2016-09-04T00:00:00+00:00","mainEntityOfPage":{"@id":"https:\/\/www.lepoglava.hr\/festival-cipke\/lepoglavska-cipka-predstavljena-u-ludbregu\/"},"wordCount":166,"publisher":{"@id":"https:\/\/www.lepoglava.hr\/festival-cipke\/#organization"},"keywords":["Festival 2016"],"articleSection":["Novosti"],"inLanguage":"hr"},{"@type":"WebPage","@id":"https:\/\/www.lepoglava.hr\/festival-cipke\/lepoglavska-cipka-predstavljena-u-ludbregu\/","url":"https:\/\/www.lepoglava.hr\/festival-cipke\/lepoglavska-cipka-predstavljena-u-ludbregu\/","name":"Lepoglavska \u010dipka predstavljena u Ludbregu - 29. me\u0111unarodni festival \u010dipke","isPartOf":{"@id":"https:\/\/www.lepoglava.hr\/festival-cipke\/#website"},"datePublished":"2016-09-04T00:00:00+00:00","dateModified":"2016-09-04T00:00:00+00:00","breadcrumb":{"@id":"https:\/\/www.lepoglava.hr\/festival-cipke\/lepoglavska-cipka-predstavljena-u-ludbregu\/#breadcrumb"},"inLanguage":"hr","potentialAction":[{"@type":"ReadAction","target":["https:\/\/www.lepoglava.hr\/festival-cipke\/lepoglavska-cipka-predstavljena-u-ludbregu\/"]}]},{"@type":"BreadcrumbList","@id":"https:\/\/www.lepoglava.hr\/festival-cipke\/lepoglavska-cipka-predstavljena-u-ludbregu\/#breadcrumb","itemListElement":[{"@type":"ListItem","position":1,"name":"Po\u010detna stranica","item":"https:\/\/www.lepoglava.hr\/festival-cipke\/"},{"@type":"ListItem","position":2,"name":"Lepoglavska \u010dipka predstavljena u Ludbregu"}]},{"@type":"WebSite","@id":"https:\/\/www.lepoglava.hr\/festival-cipke\/#website","url":"https:\/\/www.lepoglava.hr\/festival-cipke\/","name":"29. me\u0111unarodni festival \u010dipke","description":"29. me\u0111unarodni festival \u010dipke - Lepoglava","publisher":{"@id":"https:\/\/www.lepoglava.hr\/festival-cipke\/#organization"},"potentialAction":[{"@type":"SearchAction","target":{"@type":"EntryPoint","urlTemplate":"https:\/\/www.lepoglava.hr\/festival-cipke\/?s={search_term_string}"},"query-input":"required name=search_term_string"}],"inLanguage":"hr"},{"@type":"Organization","@id":"https:\/\/www.lepoglava.hr\/festival-cipke\/#organization","name":"Grad Lepoglava","url":"https:\/\/www.lepoglava.hr\/festival-cipke\/","logo":{"@type":"ImageObject","inLanguage":"hr","@id":"https:\/\/www.lepoglava.hr\/festival-cipke\/#\/schema\/logo\/image\/","url":"https:\/\/www.lepoglava.hr\/festival-cipke\/wp-content\/uploads\/2020\/08\/lepoglava-logo.png","contentUrl":"https:\/\/www.lepoglava.hr\/festival-cipke\/wp-content\/uploads\/2020\/08\/lepoglava-logo.png","width":202,"height":58,"caption":"Grad Lepoglava"},"image":{"@id":"https:\/\/www.lepoglava.hr\/festival-cipke\/#\/schema\/logo\/image\/"}},{"@type":"Person","@id":"https:\/\/www.lepoglava.hr\/festival-cipke\/#\/schema\/person\/d67f6fec2e7e80fcac8a8597f3e676b9","name":"zgrubisa"}]}},"_links":{"self":[{"href":"https:\/\/www.lepoglava.hr\/festival-cipke\/wp-json\/wp\/v2\/posts\/331"}],"collection":[{"href":"https:\/\/www.lepoglava.hr\/festival-cipke\/wp-json\/wp\/v2\/posts"}],"about":[{"href":"https:\/\/www.lepoglava.hr\/festival-cipke\/wp-json\/wp\/v2\/types\/post"}],"author":[{"embeddable":true,"href":"https:\/\/www.lepoglava.hr\/festival-cipke\/wp-json\/wp\/v2\/users\/4"}],"replies":[{"embeddable":true,"href":"https:\/\/www.lepoglava.hr\/festival-cipke\/wp-json\/wp\/v2\/comments?post=331"}],"version-history":[{"count":0,"href":"https:\/\/www.lepoglava.hr\/festival-cipke\/wp-json\/wp\/v2\/posts\/331\/revisions"}],"wp:featuredmedia":[{"embeddable":true,"href":"https:\/\/www.lepoglava.hr\/festival-cipke\/wp-json\/wp\/v2\/media\/332"}],"wp:attachment":[{"href":"https:\/\/www.lepoglava.hr\/festival-cipke\/wp-json\/wp\/v2\/media?parent=331"}],"wp:term":[{"taxonomy":"category","embeddable":true,"href":"https:\/\/www.lepoglava.hr\/festival-cipke\/wp-json\/wp\/v2\/categories?post=331"},{"taxonomy":"post_tag","embeddable":true,"href":"https:\/\/www.lepoglava.hr\/festival-cipke\/wp-json\/wp\/v2\/tags?post=331"}],"curies":[{"name":"wp","href":"https:\/\/api.w.org\/{rel}","templated":true}]}}