{"id":333,"date":"2016-09-07T00:00:00","date_gmt":"2016-09-07T00:00:00","guid":{"rendered":"https:\/\/www.lepoglava.hr\/festival-cipke\/2016\/09\/07\/festival-cipke-predstavljen-na-tjednu-kajkavske-kulture-u-krapini\/"},"modified":"2016-09-07T00:00:00","modified_gmt":"2016-09-07T00:00:00","slug":"festival-cipke-predstavljen-na-tjednu-kajkavske-kulture-u-krapini","status":"publish","type":"post","link":"https:\/\/www.lepoglava.hr\/festival-cipke\/festival-cipke-predstavljen-na-tjednu-kajkavske-kulture-u-krapini\/","title":{"rendered":"Festival \u010dipke predstavljen na Tjednu kajkavske kulture u Krapini"},"content":{"rendered":"<p>Univerzalna ljepota lepoglavske \u010dipke va\u017ean je dio i vrijedne ba\u0161tine Hrvatskog zagorja, pa je \u010dipka iz Lepoglave i ove godine predstavljena na Tjednu kajkavske kulture u Krapini. Nastup na Zagorskom gospodarskom zboru bila je prigoda da se posjetiteljima predstavi i program ovogodi\u0161njeg, 20. me\u0111unarodnog festivala \u010dipke u Lepoglavi.\u00a0<\/p>\n<p>&#8211; Zadruga lepoglavske \u010dipke i Ekomuzej Lepoglava, u suradnji s Turisti\u010dkom zajednicom grada Lepoglave, ve\u0107 tradicionalno predstoje\u0107i me\u0111unarodni festival lepoglavske \u010dipke predstavljaju na Tjednu kajkavske kulture u Krapini. Tako smo i ove godine posjetiteljima ove priredbe predstavili ljepotu lepoglavske \u010dipke te program jubilarnog 20. festivala na kojem \u0107e biti izlo\u017eeni neki od najljep\u0161ih primjeraka \u010dipke iz Hrvatske, Belgije, Poljske, Ma\u0111arske, Estonije, Slova\u010dke, Slovenije, Njema\u010dke i Austrije. Budu\u0107i da je zemlja \u2013 partner ovogodi\u0161njeg festivala Kraljevina Belgija, posjetitelji na\u0161eg festivala imat \u0107e prigodu vidjeti i vrijedne primjerke flandrijske \u010dipke \u2013 naglasila je Ljubica Dubove\u010dak, direktorica Turisti\u010dke zajednice grada Lepoglave.\u00a0<\/p>\n<p>\nPozornost posjetitelja Tjedna kajkavske kulture plijenila je ljepota lepoglavske \u010dipke, a veliko je zanimanje pobudio i nakit inspiriran lepoglavskom \u010dipkom autorice Snje\u017eane Varovi\u0107.\u00a0<br \/>\nDvadeseti me\u0111unarodni festival lepoglavske \u010dipke bit \u0107e predstavljen i u Zagrebu, ove subote, 10. rujna, na Cvjetnom trgu.<\/p>\n","protected":false},"excerpt":{"rendered":"<p>Univerzalna ljepota lepoglavske \u010dipke va\u017ean je dio i vrijedne ba\u0161tine Hrvatskog zagorja, pa je \u010dipka iz Lepoglave i ove godine &hellip;<\/p>\n<p class=\"read-more\"> <a class=\"\" href=\"https:\/\/www.lepoglava.hr\/festival-cipke\/festival-cipke-predstavljen-na-tjednu-kajkavske-kulture-u-krapini\/\"> <span class=\"screen-reader-text\">Festival \u010dipke predstavljen na Tjednu kajkavske kulture u Krapini<\/span> Vi\u0161e \u00bb<\/a><\/p>\n","protected":false},"author":4,"featured_media":334,"comment_status":"closed","ping_status":"open","sticky":false,"template":"","format":"standard","meta":{"site-sidebar-layout":"default","site-content-layout":"default","ast-global-header-display":"","ast-banner-title-visibility":"","ast-main-header-display":"","ast-hfb-above-header-display":"","ast-hfb-below-header-display":"","ast-hfb-mobile-header-display":"","site-post-title":"","ast-breadcrumbs-content":"","ast-featured-img":"","footer-sml-layout":"","theme-transparent-header-meta":"","adv-header-id-meta":"","stick-header-meta":"","header-above-stick-meta":"","header-main-stick-meta":"","header-below-stick-meta":"","pgc_sgb_lightbox_settings":""},"categories":[3],"tags":[8],"yoast_head":"<!-- This site is optimized with the Yoast SEO plugin v20.11 - https:\/\/yoast.com\/wordpress\/plugins\/seo\/ -->\n<title>Festival \u010dipke predstavljen na Tjednu kajkavske kulture u Krapini - 29. me\u0111unarodni festival \u010dipke<\/title>\n<meta name=\"robots\" content=\"index, follow, max-snippet:-1, max-image-preview:large, max-video-preview:-1\" \/>\n<link rel=\"canonical\" href=\"https:\/\/www.lepoglava.hr\/festival-cipke\/festival-cipke-predstavljen-na-tjednu-kajkavske-kulture-u-krapini\/\" \/>\n<meta property=\"og:locale\" content=\"hr_HR\" \/>\n<meta property=\"og:type\" content=\"article\" \/>\n<meta property=\"og:title\" content=\"Festival \u010dipke predstavljen na Tjednu kajkavske kulture u Krapini - 29. me\u0111unarodni festival \u010dipke\" \/>\n<meta property=\"og:description\" content=\"Univerzalna ljepota lepoglavske \u010dipke va\u017ean je dio i vrijedne ba\u0161tine Hrvatskog zagorja, pa je \u010dipka iz Lepoglave i ove godine &hellip; Festival \u010dipke predstavljen na Tjednu kajkavske kulture u Krapini Vi\u0161e \u00bb\" \/>\n<meta property=\"og:url\" content=\"https:\/\/www.lepoglava.hr\/festival-cipke\/festival-cipke-predstavljen-na-tjednu-kajkavske-kulture-u-krapini\/\" \/>\n<meta property=\"og:site_name\" content=\"29. me\u0111unarodni festival \u010dipke\" \/>\n<meta property=\"article:published_time\" content=\"2016-09-07T00:00:00+00:00\" \/>\n<meta property=\"og:image\" content=\"https:\/\/www.lepoglava.hr\/festival-cipke\/wp-content\/uploads\/2020\/08\/cipka-2016-krapina.jpg\" \/>\n\t<meta property=\"og:image:width\" content=\"1280\" \/>\n\t<meta property=\"og:image:height\" content=\"720\" \/>\n\t<meta property=\"og:image:type\" content=\"image\/jpeg\" \/>\n<meta name=\"author\" content=\"zgrubisa\" \/>\n<meta name=\"twitter:card\" content=\"summary_large_image\" \/>\n<meta name=\"twitter:label1\" content=\"Napisao\/la\" \/>\n\t<meta name=\"twitter:data1\" content=\"zgrubisa\" \/>\n\t<meta name=\"twitter:label2\" content=\"Procijenjeno vrijeme \u010ditanja\" \/>\n\t<meta name=\"twitter:data2\" content=\"1 minuta\" \/>\n<script type=\"application\/ld+json\" class=\"yoast-schema-graph\">{\"@context\":\"https:\/\/schema.org\",\"@graph\":[{\"@type\":\"Article\",\"@id\":\"https:\/\/www.lepoglava.hr\/festival-cipke\/festival-cipke-predstavljen-na-tjednu-kajkavske-kulture-u-krapini\/#article\",\"isPartOf\":{\"@id\":\"https:\/\/www.lepoglava.hr\/festival-cipke\/festival-cipke-predstavljen-na-tjednu-kajkavske-kulture-u-krapini\/\"},\"author\":{\"name\":\"zgrubisa\",\"@id\":\"https:\/\/www.lepoglava.hr\/festival-cipke\/#\/schema\/person\/d67f6fec2e7e80fcac8a8597f3e676b9\"},\"headline\":\"Festival \u010dipke predstavljen na Tjednu kajkavske kulture u Krapini\",\"datePublished\":\"2016-09-07T00:00:00+00:00\",\"dateModified\":\"2016-09-07T00:00:00+00:00\",\"mainEntityOfPage\":{\"@id\":\"https:\/\/www.lepoglava.hr\/festival-cipke\/festival-cipke-predstavljen-na-tjednu-kajkavske-kulture-u-krapini\/\"},\"wordCount\":210,\"publisher\":{\"@id\":\"https:\/\/www.lepoglava.hr\/festival-cipke\/#organization\"},\"keywords\":[\"Festival 2016\"],\"articleSection\":[\"Novosti\"],\"inLanguage\":\"hr\"},{\"@type\":\"WebPage\",\"@id\":\"https:\/\/www.lepoglava.hr\/festival-cipke\/festival-cipke-predstavljen-na-tjednu-kajkavske-kulture-u-krapini\/\",\"url\":\"https:\/\/www.lepoglava.hr\/festival-cipke\/festival-cipke-predstavljen-na-tjednu-kajkavske-kulture-u-krapini\/\",\"name\":\"Festival \u010dipke predstavljen na Tjednu kajkavske kulture u Krapini - 29. me\u0111unarodni festival \u010dipke\",\"isPartOf\":{\"@id\":\"https:\/\/www.lepoglava.hr\/festival-cipke\/#website\"},\"datePublished\":\"2016-09-07T00:00:00+00:00\",\"dateModified\":\"2016-09-07T00:00:00+00:00\",\"breadcrumb\":{\"@id\":\"https:\/\/www.lepoglava.hr\/festival-cipke\/festival-cipke-predstavljen-na-tjednu-kajkavske-kulture-u-krapini\/#breadcrumb\"},\"inLanguage\":\"hr\",\"potentialAction\":[{\"@type\":\"ReadAction\",\"target\":[\"https:\/\/www.lepoglava.hr\/festival-cipke\/festival-cipke-predstavljen-na-tjednu-kajkavske-kulture-u-krapini\/\"]}]},{\"@type\":\"BreadcrumbList\",\"@id\":\"https:\/\/www.lepoglava.hr\/festival-cipke\/festival-cipke-predstavljen-na-tjednu-kajkavske-kulture-u-krapini\/#breadcrumb\",\"itemListElement\":[{\"@type\":\"ListItem\",\"position\":1,\"name\":\"Po\u010detna stranica\",\"item\":\"https:\/\/www.lepoglava.hr\/festival-cipke\/\"},{\"@type\":\"ListItem\",\"position\":2,\"name\":\"Festival \u010dipke predstavljen na Tjednu kajkavske kulture u Krapini\"}]},{\"@type\":\"WebSite\",\"@id\":\"https:\/\/www.lepoglava.hr\/festival-cipke\/#website\",\"url\":\"https:\/\/www.lepoglava.hr\/festival-cipke\/\",\"name\":\"29. me\u0111unarodni festival \u010dipke\",\"description\":\"29. me\u0111unarodni festival \u010dipke - Lepoglava\",\"publisher\":{\"@id\":\"https:\/\/www.lepoglava.hr\/festival-cipke\/#organization\"},\"potentialAction\":[{\"@type\":\"SearchAction\",\"target\":{\"@type\":\"EntryPoint\",\"urlTemplate\":\"https:\/\/www.lepoglava.hr\/festival-cipke\/?s={search_term_string}\"},\"query-input\":\"required name=search_term_string\"}],\"inLanguage\":\"hr\"},{\"@type\":\"Organization\",\"@id\":\"https:\/\/www.lepoglava.hr\/festival-cipke\/#organization\",\"name\":\"Grad Lepoglava\",\"url\":\"https:\/\/www.lepoglava.hr\/festival-cipke\/\",\"logo\":{\"@type\":\"ImageObject\",\"inLanguage\":\"hr\",\"@id\":\"https:\/\/www.lepoglava.hr\/festival-cipke\/#\/schema\/logo\/image\/\",\"url\":\"https:\/\/www.lepoglava.hr\/festival-cipke\/wp-content\/uploads\/2020\/08\/lepoglava-logo.png\",\"contentUrl\":\"https:\/\/www.lepoglava.hr\/festival-cipke\/wp-content\/uploads\/2020\/08\/lepoglava-logo.png\",\"width\":202,\"height\":58,\"caption\":\"Grad Lepoglava\"},\"image\":{\"@id\":\"https:\/\/www.lepoglava.hr\/festival-cipke\/#\/schema\/logo\/image\/\"}},{\"@type\":\"Person\",\"@id\":\"https:\/\/www.lepoglava.hr\/festival-cipke\/#\/schema\/person\/d67f6fec2e7e80fcac8a8597f3e676b9\",\"name\":\"zgrubisa\"}]}<\/script>\n<!-- \/ Yoast SEO plugin. -->","yoast_head_json":{"title":"Festival \u010dipke predstavljen na Tjednu kajkavske kulture u Krapini - 29. me\u0111unarodni festival \u010dipke","robots":{"index":"index","follow":"follow","max-snippet":"max-snippet:-1","max-image-preview":"max-image-preview:large","max-video-preview":"max-video-preview:-1"},"canonical":"https:\/\/www.lepoglava.hr\/festival-cipke\/festival-cipke-predstavljen-na-tjednu-kajkavske-kulture-u-krapini\/","og_locale":"hr_HR","og_type":"article","og_title":"Festival \u010dipke predstavljen na Tjednu kajkavske kulture u Krapini - 29. me\u0111unarodni festival \u010dipke","og_description":"Univerzalna ljepota lepoglavske \u010dipke va\u017ean je dio i vrijedne ba\u0161tine Hrvatskog zagorja, pa je \u010dipka iz Lepoglave i ove godine &hellip; Festival \u010dipke predstavljen na Tjednu kajkavske kulture u Krapini Vi\u0161e \u00bb","og_url":"https:\/\/www.lepoglava.hr\/festival-cipke\/festival-cipke-predstavljen-na-tjednu-kajkavske-kulture-u-krapini\/","og_site_name":"29. me\u0111unarodni festival \u010dipke","article_published_time":"2016-09-07T00:00:00+00:00","og_image":[{"width":1280,"height":720,"url":"https:\/\/www.lepoglava.hr\/festival-cipke\/wp-content\/uploads\/2020\/08\/cipka-2016-krapina.jpg","type":"image\/jpeg"}],"author":"zgrubisa","twitter_card":"summary_large_image","twitter_misc":{"Napisao\/la":"zgrubisa","Procijenjeno vrijeme \u010ditanja":"1 minuta"},"schema":{"@context":"https:\/\/schema.org","@graph":[{"@type":"Article","@id":"https:\/\/www.lepoglava.hr\/festival-cipke\/festival-cipke-predstavljen-na-tjednu-kajkavske-kulture-u-krapini\/#article","isPartOf":{"@id":"https:\/\/www.lepoglava.hr\/festival-cipke\/festival-cipke-predstavljen-na-tjednu-kajkavske-kulture-u-krapini\/"},"author":{"name":"zgrubisa","@id":"https:\/\/www.lepoglava.hr\/festival-cipke\/#\/schema\/person\/d67f6fec2e7e80fcac8a8597f3e676b9"},"headline":"Festival \u010dipke predstavljen na Tjednu kajkavske kulture u Krapini","datePublished":"2016-09-07T00:00:00+00:00","dateModified":"2016-09-07T00:00:00+00:00","mainEntityOfPage":{"@id":"https:\/\/www.lepoglava.hr\/festival-cipke\/festival-cipke-predstavljen-na-tjednu-kajkavske-kulture-u-krapini\/"},"wordCount":210,"publisher":{"@id":"https:\/\/www.lepoglava.hr\/festival-cipke\/#organization"},"keywords":["Festival 2016"],"articleSection":["Novosti"],"inLanguage":"hr"},{"@type":"WebPage","@id":"https:\/\/www.lepoglava.hr\/festival-cipke\/festival-cipke-predstavljen-na-tjednu-kajkavske-kulture-u-krapini\/","url":"https:\/\/www.lepoglava.hr\/festival-cipke\/festival-cipke-predstavljen-na-tjednu-kajkavske-kulture-u-krapini\/","name":"Festival \u010dipke predstavljen na Tjednu kajkavske kulture u Krapini - 29. me\u0111unarodni festival \u010dipke","isPartOf":{"@id":"https:\/\/www.lepoglava.hr\/festival-cipke\/#website"},"datePublished":"2016-09-07T00:00:00+00:00","dateModified":"2016-09-07T00:00:00+00:00","breadcrumb":{"@id":"https:\/\/www.lepoglava.hr\/festival-cipke\/festival-cipke-predstavljen-na-tjednu-kajkavske-kulture-u-krapini\/#breadcrumb"},"inLanguage":"hr","potentialAction":[{"@type":"ReadAction","target":["https:\/\/www.lepoglava.hr\/festival-cipke\/festival-cipke-predstavljen-na-tjednu-kajkavske-kulture-u-krapini\/"]}]},{"@type":"BreadcrumbList","@id":"https:\/\/www.lepoglava.hr\/festival-cipke\/festival-cipke-predstavljen-na-tjednu-kajkavske-kulture-u-krapini\/#breadcrumb","itemListElement":[{"@type":"ListItem","position":1,"name":"Po\u010detna stranica","item":"https:\/\/www.lepoglava.hr\/festival-cipke\/"},{"@type":"ListItem","position":2,"name":"Festival \u010dipke predstavljen na Tjednu kajkavske kulture u Krapini"}]},{"@type":"WebSite","@id":"https:\/\/www.lepoglava.hr\/festival-cipke\/#website","url":"https:\/\/www.lepoglava.hr\/festival-cipke\/","name":"29. me\u0111unarodni festival \u010dipke","description":"29. me\u0111unarodni festival \u010dipke - Lepoglava","publisher":{"@id":"https:\/\/www.lepoglava.hr\/festival-cipke\/#organization"},"potentialAction":[{"@type":"SearchAction","target":{"@type":"EntryPoint","urlTemplate":"https:\/\/www.lepoglava.hr\/festival-cipke\/?s={search_term_string}"},"query-input":"required name=search_term_string"}],"inLanguage":"hr"},{"@type":"Organization","@id":"https:\/\/www.lepoglava.hr\/festival-cipke\/#organization","name":"Grad Lepoglava","url":"https:\/\/www.lepoglava.hr\/festival-cipke\/","logo":{"@type":"ImageObject","inLanguage":"hr","@id":"https:\/\/www.lepoglava.hr\/festival-cipke\/#\/schema\/logo\/image\/","url":"https:\/\/www.lepoglava.hr\/festival-cipke\/wp-content\/uploads\/2020\/08\/lepoglava-logo.png","contentUrl":"https:\/\/www.lepoglava.hr\/festival-cipke\/wp-content\/uploads\/2020\/08\/lepoglava-logo.png","width":202,"height":58,"caption":"Grad Lepoglava"},"image":{"@id":"https:\/\/www.lepoglava.hr\/festival-cipke\/#\/schema\/logo\/image\/"}},{"@type":"Person","@id":"https:\/\/www.lepoglava.hr\/festival-cipke\/#\/schema\/person\/d67f6fec2e7e80fcac8a8597f3e676b9","name":"zgrubisa"}]}},"_links":{"self":[{"href":"https:\/\/www.lepoglava.hr\/festival-cipke\/wp-json\/wp\/v2\/posts\/333"}],"collection":[{"href":"https:\/\/www.lepoglava.hr\/festival-cipke\/wp-json\/wp\/v2\/posts"}],"about":[{"href":"https:\/\/www.lepoglava.hr\/festival-cipke\/wp-json\/wp\/v2\/types\/post"}],"author":[{"embeddable":true,"href":"https:\/\/www.lepoglava.hr\/festival-cipke\/wp-json\/wp\/v2\/users\/4"}],"replies":[{"embeddable":true,"href":"https:\/\/www.lepoglava.hr\/festival-cipke\/wp-json\/wp\/v2\/comments?post=333"}],"version-history":[{"count":0,"href":"https:\/\/www.lepoglava.hr\/festival-cipke\/wp-json\/wp\/v2\/posts\/333\/revisions"}],"wp:featuredmedia":[{"embeddable":true,"href":"https:\/\/www.lepoglava.hr\/festival-cipke\/wp-json\/wp\/v2\/media\/334"}],"wp:attachment":[{"href":"https:\/\/www.lepoglava.hr\/festival-cipke\/wp-json\/wp\/v2\/media?parent=333"}],"wp:term":[{"taxonomy":"category","embeddable":true,"href":"https:\/\/www.lepoglava.hr\/festival-cipke\/wp-json\/wp\/v2\/categories?post=333"},{"taxonomy":"post_tag","embeddable":true,"href":"https:\/\/www.lepoglava.hr\/festival-cipke\/wp-json\/wp\/v2\/tags?post=333"}],"curies":[{"name":"wp","href":"https:\/\/api.w.org\/{rel}","templated":true}]}}