{"id":335,"date":"2016-09-10T00:00:00","date_gmt":"2016-09-10T00:00:00","guid":{"rendered":"https:\/\/www.lepoglava.hr\/festival-cipke\/2016\/09\/10\/nitima-cipke-povezani-s-cijelim-svijetom\/"},"modified":"2016-09-10T00:00:00","modified_gmt":"2016-09-10T00:00:00","slug":"nitima-cipke-povezani-s-cijelim-svijetom","status":"publish","type":"post","link":"https:\/\/www.lepoglava.hr\/festival-cipke\/nitima-cipke-povezani-s-cijelim-svijetom\/","title":{"rendered":"Nitima \u010dipke povezani s cijelim svijetom"},"content":{"rendered":"<p>Ovogodi\u0161nji, 20. me\u0111unarodni festival \u010dipke, koji \u0107e biti uprili\u010den u Lepoglavi, od 22. do 25. rujna, obilovat \u0107e atraktivnim izlo\u017ebama na kojima \u0107e posjetitelji lepoglavskog \u010dipkarskog festivala imati prigodu vidjeti neke od najljep\u0161ih primjeraka \u010dipaka iz Hrvatske, Belgije, Poljske, Ma\u0111arske, Estonije, Slova\u010dke, Slovenije, Njema\u010dke i Austrije \u2013 istaknuto je na konferenciji za novinare koja je odr\u017eana u petak, 9. rujna, u \u017eupanijskoj pala\u010di u Vara\u017edinu.<\/p>\n<p>\nPosjetitelji \u0107e tako ove godine, uz jedinstvene primjerke lepoglavske \u010dipke, imati prigodu vidjeti i \u010dipke iz najpoznatijih hrvatskih \u010dipkarskih centara, izme\u0111u ostalih i one iz samostana benediktinki sv. Ivana Krstitelja i sv. Antuna Opata iz Hvara, zatim \u010dipke iz pa\u0161kog samostana svete Margarite, \u010dipke koje su izradile \u010dipkarice Udruge Pekljica iz Primo\u0161tena, \u010cipkarske sekcije Slovenskog kulturnog dru\u0161tva Triglav iz Splita, Kulturno \u2013 umjetni\u010dkog dru\u0161tva Klju\u010d iz Trga kraj Ozlja i Udruge Sikireva\u010dki motivi iz Sikirevaca, \u010dun\u010danu \u010dipku Emine Bari\u010devi\u0107 iz Kri\u017eevaca te \u010dipku nastalu u doma\u0107oj radinosti Nade Mance iz \u010cakovca.\u00a0<\/p>\n<p>\nIz bogatog programa festivalskih izlo\u017ebi valja izdvojiti i izlo\u017ebu \u010dipke iz poljske Bobowe, a na festivalu \u0107e se, ve\u0107 tradicionalno, predstaviti i idrijske \u010dipkarice s atraktivnim izlo\u0161cima idrijske \u010dipke.\u00a0<br \/>\nSvoju bogatu \u010dipkarsku tradiciju na festivalu \u0107e predstaviti i Slova\u010dka, Ma\u0111arska, Njema\u010dka, Estonija i Austrija.\u00a0<\/p>\n<p>\nZahvaljuju\u0107i zemlji \u2013 partneru \u2013 Kraljevini Belgiji, posjetitelji \u0107e mo\u0107i vidjeti i izuzetnu ljepotu flandrijske \u010dipke te se upoznati sa zahtjevnom tehnikom njene izrade.\u00a0<br \/>\n&#8211; Zahvaljuju\u0107i me\u0111unarodnom festivalu \u010dipke Lepoglava je postala va\u017eno mjesto susreta europskog \u010dipkarstva, a ovaj festival, koji promi\u010de iznimno vrijednu tradicijsku ba\u0161tinu te slavi univerzalnu ljepotu lepoglavske \u010dipke, koju je prepoznao i UNESCO te lepoglavsku \u010dipku uvrstio na listu nematerijalne kulturne ba\u0161tine svijeta, potvrdio se kao renomirani \u010dipkarski festival, ne samo lokalnog i nacionalnog zna\u010daja, ve\u0107 kao specijalizirani festival europske dimenzije.\u00a0<\/p>\n<p>\nStoga je i ovogodi\u0161nji moto festivala \u2013 Nitima \u010dipke povezani, \u010dime se posebno \u017eeli istaknuti kako je Lepoglava, zahvaljuju\u0107i \u010dipki i njenim finim nitima povezana s mnogim europskim gradovima i \u010dipkarskim sredi\u0161tima, s kojima Lepoglava, kao primjerice, sa slovenskom Idrijom, ve\u0107 niz godina ostvaruje plodnu suradnju i na drugim podru\u010djima, od sporta do gospodarstva, te razvija partnerske odnose. Ovogodi\u0161nji jubilarni festival \u010dipke u Lepoglavi stoga \u0107e biti prigoda da se produbi kulturna suradnja s nizom europskih gradova \u010dije \u0107emo \u010dipke imati prigodu vidjeti na festivalu, da europskoj i svjetskoj javnosti jo\u0161 jednom predstavimo iznimnu ljepotu na\u0161e \u010dipke i vje\u0161tinu na\u0161ih \u010dipkarica te da zajedno s drugim \u010dipkarskim sredi\u0161tima Europe nastavimo aktivnosti na promociji, ali i na za\u0161titi tradicijske ba\u0161tine \u2013 istaknuo je Marijan \u0160kvari\u0107, gradona\u010delnik Lepoglave, koji je tom prigodom posebno zahvalio lepoglavskim \u010dipkaricama na iznimnom trudu koji ula\u017eu u promociju i za\u0161titu lepoglavske \u010dipke i na\u0161e kulturne ba\u0161tine.\u00a0<\/p>\n<p>\nGovore\u0107i na konferenciji gradona\u010delnik \u0160kvari\u0107 naglasio je kako \u0107e ovogodi\u0161nji jubilarni festival u Lepoglavi, zahvaljuju\u0107i partnerstvu Kraljevine Belgije, dobiti na dodatnoj atraktivnosti, budu\u0107i da \u0107e uz glasovitu belgijsku \u010dipku posjetitelji festivala imati prigodu ku\u0161ati i belgijske specijalitete \u2013 praline, \u010dokoladu, vafle i naravno \u2013 belgijsko pivo.\u00a0<\/p>\n<p>&#8211; Na festivalu smo ove godine pripremili i bogati popratni program, od radionica i predavanja, do koncerata, kazali\u0161nih predstava i modnih revija. Na jubilarnom festivalu organizirat \u0107emo i snimanje milenijske fotografije, a jedna od atrakcija festivala bit \u0107e laserska igra svjetla i \u010dipke koja \u0107e biti projicirana na na\u0161em pavlinskom samostanu \u2013 rekao je gradona\u010delnik \u0160kvari\u0107 te zahvalio Veleposlaniku Kraljevine Belgije u Hrvatskoj, predsjednici Republike Hrvatske Kolindi Grabar Kitarovi\u0107, pod \u010dijim se visokim pokroviteljstvom odr\u017eava 20. me\u0111unarodni festival \u010dipke te pokroviteljima festivala &#8211; Ministarstvu turizma, Ministarstvu kulture, Ministarstvu poljoprivrede, Hrvatskom povjerenstvu za UNESCO te Vara\u017edinskoj \u017eupaniji i \u017eupanu Predragu \u0160tromaru, koji \u0107e kao izaslanik Predsjednice i otvoriti ovogodi\u0161nji festival \u010dipke u Lepoglavi.\u00a0<\/p>\n<p>\n&#8211; Mo\u017eemo biti izuzetno ponosni na me\u0111unarodni festival \u010dipke u Lepoglavi, festival koji \u010duva i promi\u010de \u010dipku i na\u0161u vrijednu kulturnu ba\u0161tinu. Posebno \u017eelim pohvaliti organizatore i gradona\u010delnika Marijana \u0160kvari\u0107a, koji svake godine novim sadr\u017eajima oboga\u0107uju program festivala, na koji doista mo\u017eemo biti ponosni \u2013 naglasio je Predrag \u0160tromar, \u017eupan Vara\u017edinske \u017eupanije i izaslanik Kolinde Grabar Kitarovi\u0107, visoke pokroviteljice 20. me\u0111unarodnog festivala \u010dipke u Lepoglavi.<\/p>\n","protected":false},"excerpt":{"rendered":"<p>Ovogodi\u0161nji, 20. me\u0111unarodni festival \u010dipke, koji \u0107e biti uprili\u010den u Lepoglavi, od 22. do 25. rujna, obilovat \u0107e atraktivnim izlo\u017ebama &hellip;<\/p>\n<p class=\"read-more\"> <a class=\"\" href=\"https:\/\/www.lepoglava.hr\/festival-cipke\/nitima-cipke-povezani-s-cijelim-svijetom\/\"> <span class=\"screen-reader-text\">Nitima \u010dipke povezani s cijelim svijetom<\/span> Vi\u0161e \u00bb<\/a><\/p>\n","protected":false},"author":4,"featured_media":336,"comment_status":"closed","ping_status":"open","sticky":false,"template":"","format":"standard","meta":{"site-sidebar-layout":"default","site-content-layout":"default","ast-global-header-display":"","ast-banner-title-visibility":"","ast-main-header-display":"","ast-hfb-above-header-display":"","ast-hfb-below-header-display":"","ast-hfb-mobile-header-display":"","site-post-title":"","ast-breadcrumbs-content":"","ast-featured-img":"","footer-sml-layout":"","theme-transparent-header-meta":"","adv-header-id-meta":"","stick-header-meta":"","header-above-stick-meta":"","header-main-stick-meta":"","header-below-stick-meta":"","pgc_sgb_lightbox_settings":""},"categories":[3],"tags":[8],"yoast_head":"<!-- This site is optimized with the Yoast SEO plugin v20.11 - https:\/\/yoast.com\/wordpress\/plugins\/seo\/ -->\n<title>Nitima \u010dipke povezani s cijelim svijetom - 29. me\u0111unarodni festival \u010dipke<\/title>\n<meta name=\"robots\" content=\"index, follow, max-snippet:-1, max-image-preview:large, max-video-preview:-1\" \/>\n<link rel=\"canonical\" href=\"https:\/\/www.lepoglava.hr\/festival-cipke\/nitima-cipke-povezani-s-cijelim-svijetom\/\" \/>\n<meta property=\"og:locale\" content=\"hr_HR\" \/>\n<meta property=\"og:type\" content=\"article\" \/>\n<meta property=\"og:title\" content=\"Nitima \u010dipke povezani s cijelim svijetom - 29. me\u0111unarodni festival \u010dipke\" \/>\n<meta property=\"og:description\" content=\"Ovogodi\u0161nji, 20. me\u0111unarodni festival \u010dipke, koji \u0107e biti uprili\u010den u Lepoglavi, od 22. do 25. rujna, obilovat \u0107e atraktivnim izlo\u017ebama &hellip; Nitima \u010dipke povezani s cijelim svijetom Vi\u0161e \u00bb\" \/>\n<meta property=\"og:url\" content=\"https:\/\/www.lepoglava.hr\/festival-cipke\/nitima-cipke-povezani-s-cijelim-svijetom\/\" \/>\n<meta property=\"og:site_name\" content=\"29. me\u0111unarodni festival \u010dipke\" \/>\n<meta property=\"article:published_time\" content=\"2016-09-10T00:00:00+00:00\" \/>\n<meta property=\"og:image\" content=\"https:\/\/www.lepoglava.hr\/festival-cipke\/wp-content\/uploads\/2020\/08\/cipka-press-1-scaled.jpg\" \/>\n\t<meta property=\"og:image:width\" content=\"2560\" \/>\n\t<meta property=\"og:image:height\" content=\"1440\" \/>\n\t<meta property=\"og:image:type\" content=\"image\/jpeg\" \/>\n<meta name=\"author\" content=\"zgrubisa\" \/>\n<meta name=\"twitter:card\" content=\"summary_large_image\" \/>\n<meta name=\"twitter:label1\" content=\"Napisao\/la\" \/>\n\t<meta name=\"twitter:data1\" content=\"zgrubisa\" \/>\n\t<meta name=\"twitter:label2\" content=\"Procijenjeno vrijeme \u010ditanja\" \/>\n\t<meta name=\"twitter:data2\" content=\"4 minute\" \/>\n<script type=\"application\/ld+json\" class=\"yoast-schema-graph\">{\"@context\":\"https:\/\/schema.org\",\"@graph\":[{\"@type\":\"Article\",\"@id\":\"https:\/\/www.lepoglava.hr\/festival-cipke\/nitima-cipke-povezani-s-cijelim-svijetom\/#article\",\"isPartOf\":{\"@id\":\"https:\/\/www.lepoglava.hr\/festival-cipke\/nitima-cipke-povezani-s-cijelim-svijetom\/\"},\"author\":{\"name\":\"zgrubisa\",\"@id\":\"https:\/\/www.lepoglava.hr\/festival-cipke\/#\/schema\/person\/d67f6fec2e7e80fcac8a8597f3e676b9\"},\"headline\":\"Nitima \u010dipke povezani s cijelim svijetom\",\"datePublished\":\"2016-09-10T00:00:00+00:00\",\"dateModified\":\"2016-09-10T00:00:00+00:00\",\"mainEntityOfPage\":{\"@id\":\"https:\/\/www.lepoglava.hr\/festival-cipke\/nitima-cipke-povezani-s-cijelim-svijetom\/\"},\"wordCount\":725,\"publisher\":{\"@id\":\"https:\/\/www.lepoglava.hr\/festival-cipke\/#organization\"},\"keywords\":[\"Festival 2016\"],\"articleSection\":[\"Novosti\"],\"inLanguage\":\"hr\"},{\"@type\":\"WebPage\",\"@id\":\"https:\/\/www.lepoglava.hr\/festival-cipke\/nitima-cipke-povezani-s-cijelim-svijetom\/\",\"url\":\"https:\/\/www.lepoglava.hr\/festival-cipke\/nitima-cipke-povezani-s-cijelim-svijetom\/\",\"name\":\"Nitima \u010dipke povezani s cijelim svijetom - 29. me\u0111unarodni festival \u010dipke\",\"isPartOf\":{\"@id\":\"https:\/\/www.lepoglava.hr\/festival-cipke\/#website\"},\"datePublished\":\"2016-09-10T00:00:00+00:00\",\"dateModified\":\"2016-09-10T00:00:00+00:00\",\"breadcrumb\":{\"@id\":\"https:\/\/www.lepoglava.hr\/festival-cipke\/nitima-cipke-povezani-s-cijelim-svijetom\/#breadcrumb\"},\"inLanguage\":\"hr\",\"potentialAction\":[{\"@type\":\"ReadAction\",\"target\":[\"https:\/\/www.lepoglava.hr\/festival-cipke\/nitima-cipke-povezani-s-cijelim-svijetom\/\"]}]},{\"@type\":\"BreadcrumbList\",\"@id\":\"https:\/\/www.lepoglava.hr\/festival-cipke\/nitima-cipke-povezani-s-cijelim-svijetom\/#breadcrumb\",\"itemListElement\":[{\"@type\":\"ListItem\",\"position\":1,\"name\":\"Po\u010detna stranica\",\"item\":\"https:\/\/www.lepoglava.hr\/festival-cipke\/\"},{\"@type\":\"ListItem\",\"position\":2,\"name\":\"Nitima \u010dipke povezani s cijelim svijetom\"}]},{\"@type\":\"WebSite\",\"@id\":\"https:\/\/www.lepoglava.hr\/festival-cipke\/#website\",\"url\":\"https:\/\/www.lepoglava.hr\/festival-cipke\/\",\"name\":\"29. me\u0111unarodni festival \u010dipke\",\"description\":\"29. me\u0111unarodni festival \u010dipke - Lepoglava\",\"publisher\":{\"@id\":\"https:\/\/www.lepoglava.hr\/festival-cipke\/#organization\"},\"potentialAction\":[{\"@type\":\"SearchAction\",\"target\":{\"@type\":\"EntryPoint\",\"urlTemplate\":\"https:\/\/www.lepoglava.hr\/festival-cipke\/?s={search_term_string}\"},\"query-input\":\"required name=search_term_string\"}],\"inLanguage\":\"hr\"},{\"@type\":\"Organization\",\"@id\":\"https:\/\/www.lepoglava.hr\/festival-cipke\/#organization\",\"name\":\"Grad Lepoglava\",\"url\":\"https:\/\/www.lepoglava.hr\/festival-cipke\/\",\"logo\":{\"@type\":\"ImageObject\",\"inLanguage\":\"hr\",\"@id\":\"https:\/\/www.lepoglava.hr\/festival-cipke\/#\/schema\/logo\/image\/\",\"url\":\"https:\/\/www.lepoglava.hr\/festival-cipke\/wp-content\/uploads\/2020\/08\/lepoglava-logo.png\",\"contentUrl\":\"https:\/\/www.lepoglava.hr\/festival-cipke\/wp-content\/uploads\/2020\/08\/lepoglava-logo.png\",\"width\":202,\"height\":58,\"caption\":\"Grad Lepoglava\"},\"image\":{\"@id\":\"https:\/\/www.lepoglava.hr\/festival-cipke\/#\/schema\/logo\/image\/\"}},{\"@type\":\"Person\",\"@id\":\"https:\/\/www.lepoglava.hr\/festival-cipke\/#\/schema\/person\/d67f6fec2e7e80fcac8a8597f3e676b9\",\"name\":\"zgrubisa\"}]}<\/script>\n<!-- \/ Yoast SEO plugin. -->","yoast_head_json":{"title":"Nitima \u010dipke povezani s cijelim svijetom - 29. me\u0111unarodni festival \u010dipke","robots":{"index":"index","follow":"follow","max-snippet":"max-snippet:-1","max-image-preview":"max-image-preview:large","max-video-preview":"max-video-preview:-1"},"canonical":"https:\/\/www.lepoglava.hr\/festival-cipke\/nitima-cipke-povezani-s-cijelim-svijetom\/","og_locale":"hr_HR","og_type":"article","og_title":"Nitima \u010dipke povezani s cijelim svijetom - 29. me\u0111unarodni festival \u010dipke","og_description":"Ovogodi\u0161nji, 20. me\u0111unarodni festival \u010dipke, koji \u0107e biti uprili\u010den u Lepoglavi, od 22. do 25. rujna, obilovat \u0107e atraktivnim izlo\u017ebama &hellip; Nitima \u010dipke povezani s cijelim svijetom Vi\u0161e \u00bb","og_url":"https:\/\/www.lepoglava.hr\/festival-cipke\/nitima-cipke-povezani-s-cijelim-svijetom\/","og_site_name":"29. me\u0111unarodni festival \u010dipke","article_published_time":"2016-09-10T00:00:00+00:00","og_image":[{"width":2560,"height":1440,"url":"https:\/\/www.lepoglava.hr\/festival-cipke\/wp-content\/uploads\/2020\/08\/cipka-press-1-scaled.jpg","type":"image\/jpeg"}],"author":"zgrubisa","twitter_card":"summary_large_image","twitter_misc":{"Napisao\/la":"zgrubisa","Procijenjeno vrijeme \u010ditanja":"4 minute"},"schema":{"@context":"https:\/\/schema.org","@graph":[{"@type":"Article","@id":"https:\/\/www.lepoglava.hr\/festival-cipke\/nitima-cipke-povezani-s-cijelim-svijetom\/#article","isPartOf":{"@id":"https:\/\/www.lepoglava.hr\/festival-cipke\/nitima-cipke-povezani-s-cijelim-svijetom\/"},"author":{"name":"zgrubisa","@id":"https:\/\/www.lepoglava.hr\/festival-cipke\/#\/schema\/person\/d67f6fec2e7e80fcac8a8597f3e676b9"},"headline":"Nitima \u010dipke povezani s cijelim svijetom","datePublished":"2016-09-10T00:00:00+00:00","dateModified":"2016-09-10T00:00:00+00:00","mainEntityOfPage":{"@id":"https:\/\/www.lepoglava.hr\/festival-cipke\/nitima-cipke-povezani-s-cijelim-svijetom\/"},"wordCount":725,"publisher":{"@id":"https:\/\/www.lepoglava.hr\/festival-cipke\/#organization"},"keywords":["Festival 2016"],"articleSection":["Novosti"],"inLanguage":"hr"},{"@type":"WebPage","@id":"https:\/\/www.lepoglava.hr\/festival-cipke\/nitima-cipke-povezani-s-cijelim-svijetom\/","url":"https:\/\/www.lepoglava.hr\/festival-cipke\/nitima-cipke-povezani-s-cijelim-svijetom\/","name":"Nitima \u010dipke povezani s cijelim svijetom - 29. me\u0111unarodni festival \u010dipke","isPartOf":{"@id":"https:\/\/www.lepoglava.hr\/festival-cipke\/#website"},"datePublished":"2016-09-10T00:00:00+00:00","dateModified":"2016-09-10T00:00:00+00:00","breadcrumb":{"@id":"https:\/\/www.lepoglava.hr\/festival-cipke\/nitima-cipke-povezani-s-cijelim-svijetom\/#breadcrumb"},"inLanguage":"hr","potentialAction":[{"@type":"ReadAction","target":["https:\/\/www.lepoglava.hr\/festival-cipke\/nitima-cipke-povezani-s-cijelim-svijetom\/"]}]},{"@type":"BreadcrumbList","@id":"https:\/\/www.lepoglava.hr\/festival-cipke\/nitima-cipke-povezani-s-cijelim-svijetom\/#breadcrumb","itemListElement":[{"@type":"ListItem","position":1,"name":"Po\u010detna stranica","item":"https:\/\/www.lepoglava.hr\/festival-cipke\/"},{"@type":"ListItem","position":2,"name":"Nitima \u010dipke povezani s cijelim svijetom"}]},{"@type":"WebSite","@id":"https:\/\/www.lepoglava.hr\/festival-cipke\/#website","url":"https:\/\/www.lepoglava.hr\/festival-cipke\/","name":"29. me\u0111unarodni festival \u010dipke","description":"29. me\u0111unarodni festival \u010dipke - Lepoglava","publisher":{"@id":"https:\/\/www.lepoglava.hr\/festival-cipke\/#organization"},"potentialAction":[{"@type":"SearchAction","target":{"@type":"EntryPoint","urlTemplate":"https:\/\/www.lepoglava.hr\/festival-cipke\/?s={search_term_string}"},"query-input":"required name=search_term_string"}],"inLanguage":"hr"},{"@type":"Organization","@id":"https:\/\/www.lepoglava.hr\/festival-cipke\/#organization","name":"Grad Lepoglava","url":"https:\/\/www.lepoglava.hr\/festival-cipke\/","logo":{"@type":"ImageObject","inLanguage":"hr","@id":"https:\/\/www.lepoglava.hr\/festival-cipke\/#\/schema\/logo\/image\/","url":"https:\/\/www.lepoglava.hr\/festival-cipke\/wp-content\/uploads\/2020\/08\/lepoglava-logo.png","contentUrl":"https:\/\/www.lepoglava.hr\/festival-cipke\/wp-content\/uploads\/2020\/08\/lepoglava-logo.png","width":202,"height":58,"caption":"Grad Lepoglava"},"image":{"@id":"https:\/\/www.lepoglava.hr\/festival-cipke\/#\/schema\/logo\/image\/"}},{"@type":"Person","@id":"https:\/\/www.lepoglava.hr\/festival-cipke\/#\/schema\/person\/d67f6fec2e7e80fcac8a8597f3e676b9","name":"zgrubisa"}]}},"_links":{"self":[{"href":"https:\/\/www.lepoglava.hr\/festival-cipke\/wp-json\/wp\/v2\/posts\/335"}],"collection":[{"href":"https:\/\/www.lepoglava.hr\/festival-cipke\/wp-json\/wp\/v2\/posts"}],"about":[{"href":"https:\/\/www.lepoglava.hr\/festival-cipke\/wp-json\/wp\/v2\/types\/post"}],"author":[{"embeddable":true,"href":"https:\/\/www.lepoglava.hr\/festival-cipke\/wp-json\/wp\/v2\/users\/4"}],"replies":[{"embeddable":true,"href":"https:\/\/www.lepoglava.hr\/festival-cipke\/wp-json\/wp\/v2\/comments?post=335"}],"version-history":[{"count":0,"href":"https:\/\/www.lepoglava.hr\/festival-cipke\/wp-json\/wp\/v2\/posts\/335\/revisions"}],"wp:featuredmedia":[{"embeddable":true,"href":"https:\/\/www.lepoglava.hr\/festival-cipke\/wp-json\/wp\/v2\/media\/336"}],"wp:attachment":[{"href":"https:\/\/www.lepoglava.hr\/festival-cipke\/wp-json\/wp\/v2\/media?parent=335"}],"wp:term":[{"taxonomy":"category","embeddable":true,"href":"https:\/\/www.lepoglava.hr\/festival-cipke\/wp-json\/wp\/v2\/categories?post=335"},{"taxonomy":"post_tag","embeddable":true,"href":"https:\/\/www.lepoglava.hr\/festival-cipke\/wp-json\/wp\/v2\/tags?post=335"}],"curies":[{"name":"wp","href":"https:\/\/api.w.org\/{rel}","templated":true}]}}