{"id":337,"date":"2016-09-13T00:00:00","date_gmt":"2016-09-13T00:00:00","guid":{"rendered":"https:\/\/www.lepoglava.hr\/festival-cipke\/2016\/09\/13\/lepoglavski-festival-cipke-predstavljen-na-cvjetnom-trgu-u-zagrebu\/"},"modified":"2016-09-13T00:00:00","modified_gmt":"2016-09-13T00:00:00","slug":"lepoglavski-festival-cipke-predstavljen-na-cvjetnom-trgu-u-zagrebu","status":"publish","type":"post","link":"https:\/\/www.lepoglava.hr\/festival-cipke\/lepoglavski-festival-cipke-predstavljen-na-cvjetnom-trgu-u-zagrebu\/","title":{"rendered":"Lepoglavski festival \u010dipke predstavljen na Cvjetnom trgu u Zagrebu"},"content":{"rendered":"<p>Brojne su Zagrep\u010danke i Zagrep\u010dani ove subote imali prigodu vidjeti univerzalnu ljepotu i rasko\u0161 lepoglavske \u010dipke te se upoznati s bogatom tradicijskom ba\u0161tinom Lepoglave.Prezentacija, koja je ove godine odr\u017eana na zagreba\u010dkom Trgu Petra Preradovi\u0107a, bila je prigoda i za predstavljanje programa 20. me\u0111unarodnog festivala \u010dipke, koji \u0107e u Lepoglavi biti uprili\u010den od 22. do 25. rujna.\u00a0<\/p>\n<p>\n&#8211; Zagreba\u010dka promocija festivala \u010dipke u Lepoglavi vrlo je va\u017ena za njegovo predstavljanje, budu\u0107i da ovdje imamo prigodu velikom broju ljudi, u neposrednom kontaktu, predstaviti na\u0161u \u010dipku i program festivala, ali i niz drugih zanimljivosti u kulturnoj i turisti\u010dkoj ponudi grada Lepoglave \u2013 istaknula je Ljubica Dubove\u010dak, direktorica lepoglavske turisti\u010dke zajednice, koja je zajedno s Gradom Lepoglavom i Ekomuzejom Lepoglava bila organizator subotnje promocije na zagreba\u010dkom Cvjetnom trgu.\u00a0<\/p>\n<p>\nPonuda s kojom se predstavila Lepoglava i ove je godine tako privukla pozornost brojnih Zagrep\u010danki i Zagrep\u010dana, predstavnika diplomatskog zbora, me\u0111u kojima su bili i veleposlanik Velike Britanije Njegova ekselencija Andrew Stuart Dalgleish, veleposlanica Australije Njena ekselencija Susan Cox, te izaslanici Kraljevine Belgije, ovogodi\u0161nje zemlje \u2013 partnera lepoglavskog festivala \u010dipke, ali i mnogih turista, posebno onih s Dalekog istoka, koji su s velikim zanimanjem razgledali \u0161tandove na kojima su bili ponu\u0111eni i proizvodi lepoglavskih obrtnika, udruga i poljoprivrednih gospodarstava &#8211; od tradicijskih uporabnih predmeta, ukusnih doma\u0107ih slastica i vo\u0107nih rakija, do poludragog kamena \u2013 ahata s nalazi\u0161ta Gaveznica.\u00a0<br \/>\nNo, najvi\u0161e su pozornosti prolaznika ipak privukle lepoglavske \u010dipkarice koje su demonstrirale umije\u0107e izrade lepoglavske \u010dipke, koja se od 2009. godine nalazi na UNESCO-voj listi svjetske nematerijalne kulturne ba\u0161tine.<\/p>\n<p>\n&#8211; Ovogodi\u0161njim motom festivala \u2013 Nitima \u010dipke povezani, posebno \u017eelimo istaknuti kako je Lepoglava, zahvaljuju\u0107i \u010dipki i njenim finim nitima povezana s mnogim europskim gradovima i \u010dipkarskim sredi\u0161tima. Ovogodi\u0161nji jubilarni festival \u010dipke u Lepoglavi stoga \u0107e biti nova prigoda da se produbi kulturna suradnja s nizom europskih gradova \u010dije \u0107emo \u010dipke imati prigodu vidjeti na festivalu, da europskoj i svjetskoj javnosti jo\u0161 jednom predstavimo iznimnu ljepotu na\u0161e \u010dipke i vje\u0161tinu na\u0161ih \u010dipkarica te da zajedno s drugim \u010dipkarskim sredi\u0161tima Europe nastavimo aktivnosti na promociji, ali i na za\u0161titi ove vrijedne tradicijske ba\u0161tine \u2013 istaknuo je Marijan \u0160kvari\u0107, gradona\u010delnik Lepoglave, koji je tom prigodom posebno naglasio kako \u0107e 20. me\u0111unarodni festival u Lepoglavi, zahvaljuju\u0107i partnerstvu Kraljevine Belgije, dobiti na dodatnoj atraktivnosti, te pozvao sve ljubitelje \u010dipke i tradicijskog rukotvorstva da u dane festivala posjete Lepoglavu i do\u017eive izuzetnu ljepotu \u010dipkarske tradicije Europe.\u00a0<\/p>\n<p>\nLijepoj atmosferi na Cvjetnom trgu pridonijeli su svojim nastupom i \u010dlanovi tambura\u0161kog sastava Lepoglavski kaj.<\/p>\n","protected":false},"excerpt":{"rendered":"<p>Brojne su Zagrep\u010danke i Zagrep\u010dani ove subote imali prigodu vidjeti univerzalnu ljepotu i rasko\u0161 lepoglavske \u010dipke te se upoznati s &hellip;<\/p>\n<p class=\"read-more\"> <a class=\"\" href=\"https:\/\/www.lepoglava.hr\/festival-cipke\/lepoglavski-festival-cipke-predstavljen-na-cvjetnom-trgu-u-zagrebu\/\"> <span class=\"screen-reader-text\">Lepoglavski festival \u010dipke predstavljen na Cvjetnom trgu u Zagrebu<\/span> Vi\u0161e \u00bb<\/a><\/p>\n","protected":false},"author":4,"featured_media":338,"comment_status":"closed","ping_status":"open","sticky":false,"template":"","format":"standard","meta":{"site-sidebar-layout":"default","site-content-layout":"default","ast-global-header-display":"","ast-banner-title-visibility":"","ast-main-header-display":"","ast-hfb-above-header-display":"","ast-hfb-below-header-display":"","ast-hfb-mobile-header-display":"","site-post-title":"","ast-breadcrumbs-content":"","ast-featured-img":"","footer-sml-layout":"","theme-transparent-header-meta":"","adv-header-id-meta":"","stick-header-meta":"","header-above-stick-meta":"","header-main-stick-meta":"","header-below-stick-meta":"","pgc_sgb_lightbox_settings":""},"categories":[3],"tags":[8],"yoast_head":"<!-- This site is optimized with the Yoast SEO plugin v20.11 - https:\/\/yoast.com\/wordpress\/plugins\/seo\/ -->\n<title>Lepoglavski festival \u010dipke predstavljen na Cvjetnom trgu u Zagrebu - 29. me\u0111unarodni festival \u010dipke<\/title>\n<meta name=\"robots\" content=\"index, follow, max-snippet:-1, max-image-preview:large, max-video-preview:-1\" \/>\n<link rel=\"canonical\" href=\"https:\/\/www.lepoglava.hr\/festival-cipke\/lepoglavski-festival-cipke-predstavljen-na-cvjetnom-trgu-u-zagrebu\/\" \/>\n<meta property=\"og:locale\" content=\"hr_HR\" \/>\n<meta property=\"og:type\" content=\"article\" \/>\n<meta property=\"og:title\" content=\"Lepoglavski festival \u010dipke predstavljen na Cvjetnom trgu u Zagrebu - 29. me\u0111unarodni festival \u010dipke\" \/>\n<meta property=\"og:description\" content=\"Brojne su Zagrep\u010danke i Zagrep\u010dani ove subote imali prigodu vidjeti univerzalnu ljepotu i rasko\u0161 lepoglavske \u010dipke te se upoznati s &hellip; Lepoglavski festival \u010dipke predstavljen na Cvjetnom trgu u Zagrebu Vi\u0161e \u00bb\" \/>\n<meta property=\"og:url\" content=\"https:\/\/www.lepoglava.hr\/festival-cipke\/lepoglavski-festival-cipke-predstavljen-na-cvjetnom-trgu-u-zagrebu\/\" \/>\n<meta property=\"og:site_name\" content=\"29. me\u0111unarodni festival \u010dipke\" \/>\n<meta property=\"article:published_time\" content=\"2016-09-13T00:00:00+00:00\" \/>\n<meta property=\"og:image\" content=\"https:\/\/www.lepoglava.hr\/festival-cipke\/wp-content\/uploads\/2020\/08\/cipka_zgb_2016_2.jpg\" \/>\n\t<meta property=\"og:image:width\" content=\"1280\" \/>\n\t<meta property=\"og:image:height\" content=\"720\" \/>\n\t<meta property=\"og:image:type\" content=\"image\/jpeg\" \/>\n<meta name=\"author\" content=\"zgrubisa\" \/>\n<meta name=\"twitter:card\" content=\"summary_large_image\" \/>\n<meta name=\"twitter:label1\" content=\"Napisao\/la\" \/>\n\t<meta name=\"twitter:data1\" content=\"zgrubisa\" \/>\n\t<meta name=\"twitter:label2\" content=\"Procijenjeno vrijeme \u010ditanja\" \/>\n\t<meta name=\"twitter:data2\" content=\"2 minute\" \/>\n<script type=\"application\/ld+json\" class=\"yoast-schema-graph\">{\"@context\":\"https:\/\/schema.org\",\"@graph\":[{\"@type\":\"Article\",\"@id\":\"https:\/\/www.lepoglava.hr\/festival-cipke\/lepoglavski-festival-cipke-predstavljen-na-cvjetnom-trgu-u-zagrebu\/#article\",\"isPartOf\":{\"@id\":\"https:\/\/www.lepoglava.hr\/festival-cipke\/lepoglavski-festival-cipke-predstavljen-na-cvjetnom-trgu-u-zagrebu\/\"},\"author\":{\"name\":\"zgrubisa\",\"@id\":\"https:\/\/www.lepoglava.hr\/festival-cipke\/#\/schema\/person\/d67f6fec2e7e80fcac8a8597f3e676b9\"},\"headline\":\"Lepoglavski festival \u010dipke predstavljen na Cvjetnom trgu u Zagrebu\",\"datePublished\":\"2016-09-13T00:00:00+00:00\",\"dateModified\":\"2016-09-13T00:00:00+00:00\",\"mainEntityOfPage\":{\"@id\":\"https:\/\/www.lepoglava.hr\/festival-cipke\/lepoglavski-festival-cipke-predstavljen-na-cvjetnom-trgu-u-zagrebu\/\"},\"wordCount\":449,\"publisher\":{\"@id\":\"https:\/\/www.lepoglava.hr\/festival-cipke\/#organization\"},\"keywords\":[\"Festival 2016\"],\"articleSection\":[\"Novosti\"],\"inLanguage\":\"hr\"},{\"@type\":\"WebPage\",\"@id\":\"https:\/\/www.lepoglava.hr\/festival-cipke\/lepoglavski-festival-cipke-predstavljen-na-cvjetnom-trgu-u-zagrebu\/\",\"url\":\"https:\/\/www.lepoglava.hr\/festival-cipke\/lepoglavski-festival-cipke-predstavljen-na-cvjetnom-trgu-u-zagrebu\/\",\"name\":\"Lepoglavski festival \u010dipke predstavljen na Cvjetnom trgu u Zagrebu - 29. me\u0111unarodni festival \u010dipke\",\"isPartOf\":{\"@id\":\"https:\/\/www.lepoglava.hr\/festival-cipke\/#website\"},\"datePublished\":\"2016-09-13T00:00:00+00:00\",\"dateModified\":\"2016-09-13T00:00:00+00:00\",\"breadcrumb\":{\"@id\":\"https:\/\/www.lepoglava.hr\/festival-cipke\/lepoglavski-festival-cipke-predstavljen-na-cvjetnom-trgu-u-zagrebu\/#breadcrumb\"},\"inLanguage\":\"hr\",\"potentialAction\":[{\"@type\":\"ReadAction\",\"target\":[\"https:\/\/www.lepoglava.hr\/festival-cipke\/lepoglavski-festival-cipke-predstavljen-na-cvjetnom-trgu-u-zagrebu\/\"]}]},{\"@type\":\"BreadcrumbList\",\"@id\":\"https:\/\/www.lepoglava.hr\/festival-cipke\/lepoglavski-festival-cipke-predstavljen-na-cvjetnom-trgu-u-zagrebu\/#breadcrumb\",\"itemListElement\":[{\"@type\":\"ListItem\",\"position\":1,\"name\":\"Po\u010detna stranica\",\"item\":\"https:\/\/www.lepoglava.hr\/festival-cipke\/\"},{\"@type\":\"ListItem\",\"position\":2,\"name\":\"Lepoglavski festival \u010dipke predstavljen na Cvjetnom trgu u Zagrebu\"}]},{\"@type\":\"WebSite\",\"@id\":\"https:\/\/www.lepoglava.hr\/festival-cipke\/#website\",\"url\":\"https:\/\/www.lepoglava.hr\/festival-cipke\/\",\"name\":\"29. me\u0111unarodni festival \u010dipke\",\"description\":\"29. me\u0111unarodni festival \u010dipke - Lepoglava\",\"publisher\":{\"@id\":\"https:\/\/www.lepoglava.hr\/festival-cipke\/#organization\"},\"potentialAction\":[{\"@type\":\"SearchAction\",\"target\":{\"@type\":\"EntryPoint\",\"urlTemplate\":\"https:\/\/www.lepoglava.hr\/festival-cipke\/?s={search_term_string}\"},\"query-input\":\"required name=search_term_string\"}],\"inLanguage\":\"hr\"},{\"@type\":\"Organization\",\"@id\":\"https:\/\/www.lepoglava.hr\/festival-cipke\/#organization\",\"name\":\"Grad Lepoglava\",\"url\":\"https:\/\/www.lepoglava.hr\/festival-cipke\/\",\"logo\":{\"@type\":\"ImageObject\",\"inLanguage\":\"hr\",\"@id\":\"https:\/\/www.lepoglava.hr\/festival-cipke\/#\/schema\/logo\/image\/\",\"url\":\"https:\/\/www.lepoglava.hr\/festival-cipke\/wp-content\/uploads\/2020\/08\/lepoglava-logo.png\",\"contentUrl\":\"https:\/\/www.lepoglava.hr\/festival-cipke\/wp-content\/uploads\/2020\/08\/lepoglava-logo.png\",\"width\":202,\"height\":58,\"caption\":\"Grad Lepoglava\"},\"image\":{\"@id\":\"https:\/\/www.lepoglava.hr\/festival-cipke\/#\/schema\/logo\/image\/\"}},{\"@type\":\"Person\",\"@id\":\"https:\/\/www.lepoglava.hr\/festival-cipke\/#\/schema\/person\/d67f6fec2e7e80fcac8a8597f3e676b9\",\"name\":\"zgrubisa\"}]}<\/script>\n<!-- \/ Yoast SEO plugin. -->","yoast_head_json":{"title":"Lepoglavski festival \u010dipke predstavljen na Cvjetnom trgu u Zagrebu - 29. me\u0111unarodni festival \u010dipke","robots":{"index":"index","follow":"follow","max-snippet":"max-snippet:-1","max-image-preview":"max-image-preview:large","max-video-preview":"max-video-preview:-1"},"canonical":"https:\/\/www.lepoglava.hr\/festival-cipke\/lepoglavski-festival-cipke-predstavljen-na-cvjetnom-trgu-u-zagrebu\/","og_locale":"hr_HR","og_type":"article","og_title":"Lepoglavski festival \u010dipke predstavljen na Cvjetnom trgu u Zagrebu - 29. me\u0111unarodni festival \u010dipke","og_description":"Brojne su Zagrep\u010danke i Zagrep\u010dani ove subote imali prigodu vidjeti univerzalnu ljepotu i rasko\u0161 lepoglavske \u010dipke te se upoznati s &hellip; Lepoglavski festival \u010dipke predstavljen na Cvjetnom trgu u Zagrebu Vi\u0161e \u00bb","og_url":"https:\/\/www.lepoglava.hr\/festival-cipke\/lepoglavski-festival-cipke-predstavljen-na-cvjetnom-trgu-u-zagrebu\/","og_site_name":"29. me\u0111unarodni festival \u010dipke","article_published_time":"2016-09-13T00:00:00+00:00","og_image":[{"width":1280,"height":720,"url":"https:\/\/www.lepoglava.hr\/festival-cipke\/wp-content\/uploads\/2020\/08\/cipka_zgb_2016_2.jpg","type":"image\/jpeg"}],"author":"zgrubisa","twitter_card":"summary_large_image","twitter_misc":{"Napisao\/la":"zgrubisa","Procijenjeno vrijeme \u010ditanja":"2 minute"},"schema":{"@context":"https:\/\/schema.org","@graph":[{"@type":"Article","@id":"https:\/\/www.lepoglava.hr\/festival-cipke\/lepoglavski-festival-cipke-predstavljen-na-cvjetnom-trgu-u-zagrebu\/#article","isPartOf":{"@id":"https:\/\/www.lepoglava.hr\/festival-cipke\/lepoglavski-festival-cipke-predstavljen-na-cvjetnom-trgu-u-zagrebu\/"},"author":{"name":"zgrubisa","@id":"https:\/\/www.lepoglava.hr\/festival-cipke\/#\/schema\/person\/d67f6fec2e7e80fcac8a8597f3e676b9"},"headline":"Lepoglavski festival \u010dipke predstavljen na Cvjetnom trgu u Zagrebu","datePublished":"2016-09-13T00:00:00+00:00","dateModified":"2016-09-13T00:00:00+00:00","mainEntityOfPage":{"@id":"https:\/\/www.lepoglava.hr\/festival-cipke\/lepoglavski-festival-cipke-predstavljen-na-cvjetnom-trgu-u-zagrebu\/"},"wordCount":449,"publisher":{"@id":"https:\/\/www.lepoglava.hr\/festival-cipke\/#organization"},"keywords":["Festival 2016"],"articleSection":["Novosti"],"inLanguage":"hr"},{"@type":"WebPage","@id":"https:\/\/www.lepoglava.hr\/festival-cipke\/lepoglavski-festival-cipke-predstavljen-na-cvjetnom-trgu-u-zagrebu\/","url":"https:\/\/www.lepoglava.hr\/festival-cipke\/lepoglavski-festival-cipke-predstavljen-na-cvjetnom-trgu-u-zagrebu\/","name":"Lepoglavski festival \u010dipke predstavljen na Cvjetnom trgu u Zagrebu - 29. me\u0111unarodni festival \u010dipke","isPartOf":{"@id":"https:\/\/www.lepoglava.hr\/festival-cipke\/#website"},"datePublished":"2016-09-13T00:00:00+00:00","dateModified":"2016-09-13T00:00:00+00:00","breadcrumb":{"@id":"https:\/\/www.lepoglava.hr\/festival-cipke\/lepoglavski-festival-cipke-predstavljen-na-cvjetnom-trgu-u-zagrebu\/#breadcrumb"},"inLanguage":"hr","potentialAction":[{"@type":"ReadAction","target":["https:\/\/www.lepoglava.hr\/festival-cipke\/lepoglavski-festival-cipke-predstavljen-na-cvjetnom-trgu-u-zagrebu\/"]}]},{"@type":"BreadcrumbList","@id":"https:\/\/www.lepoglava.hr\/festival-cipke\/lepoglavski-festival-cipke-predstavljen-na-cvjetnom-trgu-u-zagrebu\/#breadcrumb","itemListElement":[{"@type":"ListItem","position":1,"name":"Po\u010detna stranica","item":"https:\/\/www.lepoglava.hr\/festival-cipke\/"},{"@type":"ListItem","position":2,"name":"Lepoglavski festival \u010dipke predstavljen na Cvjetnom trgu u Zagrebu"}]},{"@type":"WebSite","@id":"https:\/\/www.lepoglava.hr\/festival-cipke\/#website","url":"https:\/\/www.lepoglava.hr\/festival-cipke\/","name":"29. me\u0111unarodni festival \u010dipke","description":"29. me\u0111unarodni festival \u010dipke - Lepoglava","publisher":{"@id":"https:\/\/www.lepoglava.hr\/festival-cipke\/#organization"},"potentialAction":[{"@type":"SearchAction","target":{"@type":"EntryPoint","urlTemplate":"https:\/\/www.lepoglava.hr\/festival-cipke\/?s={search_term_string}"},"query-input":"required name=search_term_string"}],"inLanguage":"hr"},{"@type":"Organization","@id":"https:\/\/www.lepoglava.hr\/festival-cipke\/#organization","name":"Grad Lepoglava","url":"https:\/\/www.lepoglava.hr\/festival-cipke\/","logo":{"@type":"ImageObject","inLanguage":"hr","@id":"https:\/\/www.lepoglava.hr\/festival-cipke\/#\/schema\/logo\/image\/","url":"https:\/\/www.lepoglava.hr\/festival-cipke\/wp-content\/uploads\/2020\/08\/lepoglava-logo.png","contentUrl":"https:\/\/www.lepoglava.hr\/festival-cipke\/wp-content\/uploads\/2020\/08\/lepoglava-logo.png","width":202,"height":58,"caption":"Grad Lepoglava"},"image":{"@id":"https:\/\/www.lepoglava.hr\/festival-cipke\/#\/schema\/logo\/image\/"}},{"@type":"Person","@id":"https:\/\/www.lepoglava.hr\/festival-cipke\/#\/schema\/person\/d67f6fec2e7e80fcac8a8597f3e676b9","name":"zgrubisa"}]}},"_links":{"self":[{"href":"https:\/\/www.lepoglava.hr\/festival-cipke\/wp-json\/wp\/v2\/posts\/337"}],"collection":[{"href":"https:\/\/www.lepoglava.hr\/festival-cipke\/wp-json\/wp\/v2\/posts"}],"about":[{"href":"https:\/\/www.lepoglava.hr\/festival-cipke\/wp-json\/wp\/v2\/types\/post"}],"author":[{"embeddable":true,"href":"https:\/\/www.lepoglava.hr\/festival-cipke\/wp-json\/wp\/v2\/users\/4"}],"replies":[{"embeddable":true,"href":"https:\/\/www.lepoglava.hr\/festival-cipke\/wp-json\/wp\/v2\/comments?post=337"}],"version-history":[{"count":0,"href":"https:\/\/www.lepoglava.hr\/festival-cipke\/wp-json\/wp\/v2\/posts\/337\/revisions"}],"wp:featuredmedia":[{"embeddable":true,"href":"https:\/\/www.lepoglava.hr\/festival-cipke\/wp-json\/wp\/v2\/media\/338"}],"wp:attachment":[{"href":"https:\/\/www.lepoglava.hr\/festival-cipke\/wp-json\/wp\/v2\/media?parent=337"}],"wp:term":[{"taxonomy":"category","embeddable":true,"href":"https:\/\/www.lepoglava.hr\/festival-cipke\/wp-json\/wp\/v2\/categories?post=337"},{"taxonomy":"post_tag","embeddable":true,"href":"https:\/\/www.lepoglava.hr\/festival-cipke\/wp-json\/wp\/v2\/tags?post=337"}],"curies":[{"name":"wp","href":"https:\/\/api.w.org\/{rel}","templated":true}]}}