{"id":345,"date":"2016-09-16T00:00:00","date_gmt":"2016-09-16T00:00:00","guid":{"rendered":"https:\/\/www.lepoglava.hr\/festival-cipke\/2016\/09\/16\/milenijska-fotografija-sime-strikomana\/"},"modified":"2016-09-16T00:00:00","modified_gmt":"2016-09-16T00:00:00","slug":"milenijska-fotografija-sime-strikomana","status":"publish","type":"post","link":"https:\/\/www.lepoglava.hr\/festival-cipke\/milenijska-fotografija-sime-strikomana\/","title":{"rendered":"Milenijska fotografija \u0160ime Strikomana"},"content":{"rendered":"<p>Jedno od svakako najatraktivnijih doga\u0111anja na ovogodi\u0161njem, 20. me\u0111unarodnom festivalu \u010dipke u Lepoglavi bit \u0107e snimanje milenijske fotografije \u2013 \u010dipka Sunce. Ovu \u0107e fotografiju snimiti na\u0161 poznati fotograf \u0160ime Strikoman, a snimanje je najavljeno u petak, 23. rujna, u 12 sati, na nogometnom igrali\u0161tu Sportsko \u2013 rekreacijskog centra Lepoglava.<\/p>\n<p>\nOrganizatori o\u010dekuju kako \u0107e u ovom doga\u0111anju sudjelovati vi\u0161e od 1.200 sudionika, za koje \u0107e biti organizirana i primjerena okrjepa za koju \u0107e se pobrinuti sponzor doga\u0111anja \u2013 tvrtka Klasje iz Lepoglave.<br \/>\n&#8211; Pozivam Lepoglav\u010danke i Lepoglav\u010dane svih generacija, kao i goste me\u0111unarodnog festivala \u010dipke, da nam se pridru\u017ee na snimanju milenijske fotografije, da na snimanje do\u0111u odjeveni u bijele majice te da budu dio ovog spektakla koji \u0107e sigurno ostati zabilje\u017een u analima grada Lepoglave \u2013 istaknuo je Mirko Varovi\u0107, ispred organizatora 20. me\u0111unarodnog festivala \u010dipke u Lepoglavi.\u00a0<br \/>\nSvi zainteresirani za sudjelovanje u snimanju milenijske fotografije u Lepoglavi mogu se prijaviti Mirku Varovi\u0107u &#8211; Trg 1. hrvatskog sveu\u010dili\u0161ta 5, na broj mobitela &#8211; 099 200 19 37, odnosno na e-mail:\u00a0<a href=\"mailto:mirko.varovic@vz.t-com.hr\">mirko.varovic@vz.t-com.hr<\/a>.<br \/>\nNakon snimanja mo\u0107i \u0107e se kupiti fotografija po cijeni od 40 kuna za format A4 i 20 kuna za format A5.<\/p>\n","protected":false},"excerpt":{"rendered":"<p>Jedno od svakako najatraktivnijih doga\u0111anja na ovogodi\u0161njem, 20. me\u0111unarodnom festivalu \u010dipke u Lepoglavi bit \u0107e snimanje milenijske fotografije \u2013 \u010dipka &hellip;<\/p>\n<p class=\"read-more\"> <a class=\"\" href=\"https:\/\/www.lepoglava.hr\/festival-cipke\/milenijska-fotografija-sime-strikomana\/\"> <span class=\"screen-reader-text\">Milenijska fotografija \u0160ime Strikomana<\/span> Vi\u0161e \u00bb<\/a><\/p>\n","protected":false},"author":4,"featured_media":346,"comment_status":"closed","ping_status":"open","sticky":false,"template":"","format":"standard","meta":{"site-sidebar-layout":"default","site-content-layout":"default","ast-global-header-display":"","ast-banner-title-visibility":"","ast-main-header-display":"","ast-hfb-above-header-display":"","ast-hfb-below-header-display":"","ast-hfb-mobile-header-display":"","site-post-title":"","ast-breadcrumbs-content":"","ast-featured-img":"","footer-sml-layout":"","theme-transparent-header-meta":"","adv-header-id-meta":"","stick-header-meta":"","header-above-stick-meta":"","header-main-stick-meta":"","header-below-stick-meta":"","pgc_sgb_lightbox_settings":""},"categories":[3],"tags":[8],"yoast_head":"<!-- This site is optimized with the Yoast SEO plugin v20.11 - https:\/\/yoast.com\/wordpress\/plugins\/seo\/ -->\n<title>Milenijska fotografija \u0160ime Strikomana - 29. me\u0111unarodni festival \u010dipke<\/title>\n<meta name=\"robots\" content=\"index, follow, max-snippet:-1, max-image-preview:large, max-video-preview:-1\" \/>\n<link rel=\"canonical\" href=\"https:\/\/www.lepoglava.hr\/festival-cipke\/milenijska-fotografija-sime-strikomana\/\" \/>\n<meta property=\"og:locale\" content=\"hr_HR\" \/>\n<meta property=\"og:type\" content=\"article\" \/>\n<meta property=\"og:title\" content=\"Milenijska fotografija \u0160ime Strikomana - 29. me\u0111unarodni festival \u010dipke\" \/>\n<meta property=\"og:description\" content=\"Jedno od svakako najatraktivnijih doga\u0111anja na ovogodi\u0161njem, 20. me\u0111unarodnom festivalu \u010dipke u Lepoglavi bit \u0107e snimanje milenijske fotografije \u2013 \u010dipka &hellip; Milenijska fotografija \u0160ime Strikomana Vi\u0161e \u00bb\" \/>\n<meta property=\"og:url\" content=\"https:\/\/www.lepoglava.hr\/festival-cipke\/milenijska-fotografija-sime-strikomana\/\" \/>\n<meta property=\"og:site_name\" content=\"29. me\u0111unarodni festival \u010dipke\" \/>\n<meta property=\"article:published_time\" content=\"2016-09-16T00:00:00+00:00\" \/>\n<meta property=\"og:image\" content=\"https:\/\/www.lepoglava.hr\/festival-cipke\/wp-content\/uploads\/2020\/08\/strikoman.jpg\" \/>\n\t<meta property=\"og:image:width\" content=\"768\" \/>\n\t<meta property=\"og:image:height\" content=\"837\" \/>\n\t<meta property=\"og:image:type\" content=\"image\/jpeg\" \/>\n<meta name=\"author\" content=\"zgrubisa\" \/>\n<meta name=\"twitter:card\" content=\"summary_large_image\" \/>\n<meta name=\"twitter:label1\" content=\"Napisao\/la\" \/>\n\t<meta name=\"twitter:data1\" content=\"zgrubisa\" \/>\n\t<meta name=\"twitter:label2\" content=\"Procijenjeno vrijeme \u010ditanja\" \/>\n\t<meta name=\"twitter:data2\" content=\"1 minuta\" \/>\n<script type=\"application\/ld+json\" class=\"yoast-schema-graph\">{\"@context\":\"https:\/\/schema.org\",\"@graph\":[{\"@type\":\"Article\",\"@id\":\"https:\/\/www.lepoglava.hr\/festival-cipke\/milenijska-fotografija-sime-strikomana\/#article\",\"isPartOf\":{\"@id\":\"https:\/\/www.lepoglava.hr\/festival-cipke\/milenijska-fotografija-sime-strikomana\/\"},\"author\":{\"name\":\"zgrubisa\",\"@id\":\"https:\/\/www.lepoglava.hr\/festival-cipke\/#\/schema\/person\/d67f6fec2e7e80fcac8a8597f3e676b9\"},\"headline\":\"Milenijska fotografija \u0160ime Strikomana\",\"datePublished\":\"2016-09-16T00:00:00+00:00\",\"dateModified\":\"2016-09-16T00:00:00+00:00\",\"mainEntityOfPage\":{\"@id\":\"https:\/\/www.lepoglava.hr\/festival-cipke\/milenijska-fotografija-sime-strikomana\/\"},\"wordCount\":202,\"publisher\":{\"@id\":\"https:\/\/www.lepoglava.hr\/festival-cipke\/#organization\"},\"keywords\":[\"Festival 2016\"],\"articleSection\":[\"Novosti\"],\"inLanguage\":\"hr\"},{\"@type\":\"WebPage\",\"@id\":\"https:\/\/www.lepoglava.hr\/festival-cipke\/milenijska-fotografija-sime-strikomana\/\",\"url\":\"https:\/\/www.lepoglava.hr\/festival-cipke\/milenijska-fotografija-sime-strikomana\/\",\"name\":\"Milenijska fotografija \u0160ime Strikomana - 29. me\u0111unarodni festival \u010dipke\",\"isPartOf\":{\"@id\":\"https:\/\/www.lepoglava.hr\/festival-cipke\/#website\"},\"datePublished\":\"2016-09-16T00:00:00+00:00\",\"dateModified\":\"2016-09-16T00:00:00+00:00\",\"breadcrumb\":{\"@id\":\"https:\/\/www.lepoglava.hr\/festival-cipke\/milenijska-fotografija-sime-strikomana\/#breadcrumb\"},\"inLanguage\":\"hr\",\"potentialAction\":[{\"@type\":\"ReadAction\",\"target\":[\"https:\/\/www.lepoglava.hr\/festival-cipke\/milenijska-fotografija-sime-strikomana\/\"]}]},{\"@type\":\"BreadcrumbList\",\"@id\":\"https:\/\/www.lepoglava.hr\/festival-cipke\/milenijska-fotografija-sime-strikomana\/#breadcrumb\",\"itemListElement\":[{\"@type\":\"ListItem\",\"position\":1,\"name\":\"Po\u010detna stranica\",\"item\":\"https:\/\/www.lepoglava.hr\/festival-cipke\/\"},{\"@type\":\"ListItem\",\"position\":2,\"name\":\"Milenijska fotografija \u0160ime Strikomana\"}]},{\"@type\":\"WebSite\",\"@id\":\"https:\/\/www.lepoglava.hr\/festival-cipke\/#website\",\"url\":\"https:\/\/www.lepoglava.hr\/festival-cipke\/\",\"name\":\"29. me\u0111unarodni festival \u010dipke\",\"description\":\"29. me\u0111unarodni festival \u010dipke - Lepoglava\",\"publisher\":{\"@id\":\"https:\/\/www.lepoglava.hr\/festival-cipke\/#organization\"},\"potentialAction\":[{\"@type\":\"SearchAction\",\"target\":{\"@type\":\"EntryPoint\",\"urlTemplate\":\"https:\/\/www.lepoglava.hr\/festival-cipke\/?s={search_term_string}\"},\"query-input\":\"required name=search_term_string\"}],\"inLanguage\":\"hr\"},{\"@type\":\"Organization\",\"@id\":\"https:\/\/www.lepoglava.hr\/festival-cipke\/#organization\",\"name\":\"Grad Lepoglava\",\"url\":\"https:\/\/www.lepoglava.hr\/festival-cipke\/\",\"logo\":{\"@type\":\"ImageObject\",\"inLanguage\":\"hr\",\"@id\":\"https:\/\/www.lepoglava.hr\/festival-cipke\/#\/schema\/logo\/image\/\",\"url\":\"https:\/\/www.lepoglava.hr\/festival-cipke\/wp-content\/uploads\/2020\/08\/lepoglava-logo.png\",\"contentUrl\":\"https:\/\/www.lepoglava.hr\/festival-cipke\/wp-content\/uploads\/2020\/08\/lepoglava-logo.png\",\"width\":202,\"height\":58,\"caption\":\"Grad Lepoglava\"},\"image\":{\"@id\":\"https:\/\/www.lepoglava.hr\/festival-cipke\/#\/schema\/logo\/image\/\"}},{\"@type\":\"Person\",\"@id\":\"https:\/\/www.lepoglava.hr\/festival-cipke\/#\/schema\/person\/d67f6fec2e7e80fcac8a8597f3e676b9\",\"name\":\"zgrubisa\"}]}<\/script>\n<!-- \/ Yoast SEO plugin. -->","yoast_head_json":{"title":"Milenijska fotografija \u0160ime Strikomana - 29. me\u0111unarodni festival \u010dipke","robots":{"index":"index","follow":"follow","max-snippet":"max-snippet:-1","max-image-preview":"max-image-preview:large","max-video-preview":"max-video-preview:-1"},"canonical":"https:\/\/www.lepoglava.hr\/festival-cipke\/milenijska-fotografija-sime-strikomana\/","og_locale":"hr_HR","og_type":"article","og_title":"Milenijska fotografija \u0160ime Strikomana - 29. me\u0111unarodni festival \u010dipke","og_description":"Jedno od svakako najatraktivnijih doga\u0111anja na ovogodi\u0161njem, 20. me\u0111unarodnom festivalu \u010dipke u Lepoglavi bit \u0107e snimanje milenijske fotografije \u2013 \u010dipka &hellip; Milenijska fotografija \u0160ime Strikomana Vi\u0161e \u00bb","og_url":"https:\/\/www.lepoglava.hr\/festival-cipke\/milenijska-fotografija-sime-strikomana\/","og_site_name":"29. me\u0111unarodni festival \u010dipke","article_published_time":"2016-09-16T00:00:00+00:00","og_image":[{"width":768,"height":837,"url":"https:\/\/www.lepoglava.hr\/festival-cipke\/wp-content\/uploads\/2020\/08\/strikoman.jpg","type":"image\/jpeg"}],"author":"zgrubisa","twitter_card":"summary_large_image","twitter_misc":{"Napisao\/la":"zgrubisa","Procijenjeno vrijeme \u010ditanja":"1 minuta"},"schema":{"@context":"https:\/\/schema.org","@graph":[{"@type":"Article","@id":"https:\/\/www.lepoglava.hr\/festival-cipke\/milenijska-fotografija-sime-strikomana\/#article","isPartOf":{"@id":"https:\/\/www.lepoglava.hr\/festival-cipke\/milenijska-fotografija-sime-strikomana\/"},"author":{"name":"zgrubisa","@id":"https:\/\/www.lepoglava.hr\/festival-cipke\/#\/schema\/person\/d67f6fec2e7e80fcac8a8597f3e676b9"},"headline":"Milenijska fotografija \u0160ime Strikomana","datePublished":"2016-09-16T00:00:00+00:00","dateModified":"2016-09-16T00:00:00+00:00","mainEntityOfPage":{"@id":"https:\/\/www.lepoglava.hr\/festival-cipke\/milenijska-fotografija-sime-strikomana\/"},"wordCount":202,"publisher":{"@id":"https:\/\/www.lepoglava.hr\/festival-cipke\/#organization"},"keywords":["Festival 2016"],"articleSection":["Novosti"],"inLanguage":"hr"},{"@type":"WebPage","@id":"https:\/\/www.lepoglava.hr\/festival-cipke\/milenijska-fotografija-sime-strikomana\/","url":"https:\/\/www.lepoglava.hr\/festival-cipke\/milenijska-fotografija-sime-strikomana\/","name":"Milenijska fotografija \u0160ime Strikomana - 29. me\u0111unarodni festival \u010dipke","isPartOf":{"@id":"https:\/\/www.lepoglava.hr\/festival-cipke\/#website"},"datePublished":"2016-09-16T00:00:00+00:00","dateModified":"2016-09-16T00:00:00+00:00","breadcrumb":{"@id":"https:\/\/www.lepoglava.hr\/festival-cipke\/milenijska-fotografija-sime-strikomana\/#breadcrumb"},"inLanguage":"hr","potentialAction":[{"@type":"ReadAction","target":["https:\/\/www.lepoglava.hr\/festival-cipke\/milenijska-fotografija-sime-strikomana\/"]}]},{"@type":"BreadcrumbList","@id":"https:\/\/www.lepoglava.hr\/festival-cipke\/milenijska-fotografija-sime-strikomana\/#breadcrumb","itemListElement":[{"@type":"ListItem","position":1,"name":"Po\u010detna stranica","item":"https:\/\/www.lepoglava.hr\/festival-cipke\/"},{"@type":"ListItem","position":2,"name":"Milenijska fotografija \u0160ime Strikomana"}]},{"@type":"WebSite","@id":"https:\/\/www.lepoglava.hr\/festival-cipke\/#website","url":"https:\/\/www.lepoglava.hr\/festival-cipke\/","name":"29. me\u0111unarodni festival \u010dipke","description":"29. me\u0111unarodni festival \u010dipke - Lepoglava","publisher":{"@id":"https:\/\/www.lepoglava.hr\/festival-cipke\/#organization"},"potentialAction":[{"@type":"SearchAction","target":{"@type":"EntryPoint","urlTemplate":"https:\/\/www.lepoglava.hr\/festival-cipke\/?s={search_term_string}"},"query-input":"required name=search_term_string"}],"inLanguage":"hr"},{"@type":"Organization","@id":"https:\/\/www.lepoglava.hr\/festival-cipke\/#organization","name":"Grad Lepoglava","url":"https:\/\/www.lepoglava.hr\/festival-cipke\/","logo":{"@type":"ImageObject","inLanguage":"hr","@id":"https:\/\/www.lepoglava.hr\/festival-cipke\/#\/schema\/logo\/image\/","url":"https:\/\/www.lepoglava.hr\/festival-cipke\/wp-content\/uploads\/2020\/08\/lepoglava-logo.png","contentUrl":"https:\/\/www.lepoglava.hr\/festival-cipke\/wp-content\/uploads\/2020\/08\/lepoglava-logo.png","width":202,"height":58,"caption":"Grad Lepoglava"},"image":{"@id":"https:\/\/www.lepoglava.hr\/festival-cipke\/#\/schema\/logo\/image\/"}},{"@type":"Person","@id":"https:\/\/www.lepoglava.hr\/festival-cipke\/#\/schema\/person\/d67f6fec2e7e80fcac8a8597f3e676b9","name":"zgrubisa"}]}},"_links":{"self":[{"href":"https:\/\/www.lepoglava.hr\/festival-cipke\/wp-json\/wp\/v2\/posts\/345"}],"collection":[{"href":"https:\/\/www.lepoglava.hr\/festival-cipke\/wp-json\/wp\/v2\/posts"}],"about":[{"href":"https:\/\/www.lepoglava.hr\/festival-cipke\/wp-json\/wp\/v2\/types\/post"}],"author":[{"embeddable":true,"href":"https:\/\/www.lepoglava.hr\/festival-cipke\/wp-json\/wp\/v2\/users\/4"}],"replies":[{"embeddable":true,"href":"https:\/\/www.lepoglava.hr\/festival-cipke\/wp-json\/wp\/v2\/comments?post=345"}],"version-history":[{"count":0,"href":"https:\/\/www.lepoglava.hr\/festival-cipke\/wp-json\/wp\/v2\/posts\/345\/revisions"}],"wp:featuredmedia":[{"embeddable":true,"href":"https:\/\/www.lepoglava.hr\/festival-cipke\/wp-json\/wp\/v2\/media\/346"}],"wp:attachment":[{"href":"https:\/\/www.lepoglava.hr\/festival-cipke\/wp-json\/wp\/v2\/media?parent=345"}],"wp:term":[{"taxonomy":"category","embeddable":true,"href":"https:\/\/www.lepoglava.hr\/festival-cipke\/wp-json\/wp\/v2\/categories?post=345"},{"taxonomy":"post_tag","embeddable":true,"href":"https:\/\/www.lepoglava.hr\/festival-cipke\/wp-json\/wp\/v2\/tags?post=345"}],"curies":[{"name":"wp","href":"https:\/\/api.w.org\/{rel}","templated":true}]}}