{"id":3474,"date":"2025-09-01T17:48:48","date_gmt":"2025-09-01T17:48:48","guid":{"rendered":"https:\/\/www.lepoglava.hr\/festival-cipke\/?p=3474"},"modified":"2025-09-01T17:48:49","modified_gmt":"2025-09-01T17:48:49","slug":"dani-europske-bastine-na-festivalu-cipke-u-lepoglavi-radionice-i-modne-revije-inspirirane-cipkom","status":"publish","type":"post","link":"https:\/\/www.lepoglava.hr\/festival-cipke\/dani-europske-bastine-na-festivalu-cipke-u-lepoglavi-radionice-i-modne-revije-inspirirane-cipkom\/","title":{"rendered":"Dani europske ba\u0161tine na Festivalu \u010dipke u Lepoglavi: Radionice i modne revije inspirirane \u010dipkom"},"content":{"rendered":"\n<p><strong>Ovogodi\u0161nji Dani europske ba\u0161tine slave 30 godina odr\u017eavanja manifestacije u Hrvatskoj, ali i 50. obljetnicu Godine europske arhitektonske ba\u0161tine te 40 godina od usvajanja Me\u0111unarodne konvencije o za\u0161titi europske arhitektonske ba\u0161tine u Granadi. Zajedni\u010dka tema je &#8220;Graditeljska ba\u0161tina: prozor prema pro\u0161losti, pogled u budu\u0107nost&#8221;a ona nagla\u0161ava va\u017enost o\u010duvanja i za\u0161tite graditeljske ba\u0161tine, arhitektonskih oblika i tehnika kao klju\u010dnih elemenata kulturne ba\u0161tine.<\/strong><\/p>\n\n\n\n<p><a><\/a> <strong>I ove \u0107e godine u toj va\u017enoj manifestaciji, koja je u Hrvatskoj pokrenuta 1995. godine progla\u0161enjem posavskog sela Krapje selom graditeljske ba\u0161tine, sudjelovati Me\u0111unarodni festival \u010dipke u Lepoglavi.<\/strong><\/p>\n\n\n\n<p><strong>Zahvaljuju\u0107i dugogodi\u0161njoj suradnji lepoglavskog festivala i Srednje strukovne \u0161kole iz Vara\u017edina, kao i Osnovne \u0161kole Ivana Rangera iz Kamenice, Osnovne \u0161kole Ante Star\u010devi\u0107a iz Lepoglave te dje\u010djih vrti\u0107a u Lepoglavi, posjetitelji ovogodi\u0161njeg Me\u0111unarodnog festivala \u010dipke mo\u0107i \u0107e prvog dana u\u017eivati u atraktivnim modnim revijama te zanimljivim radionicama.<\/strong><\/p>\n\n\n\n<p><strong>Uvodno predavanje i ove \u0107e godine u Domu kulture odr\u017eati dr.sc. Mirjana Posavec, ravnateljica O\u0160 Ivana Rangera u Kamenici.<\/strong><\/p>\n\n\n\n<p><strong>Ovogodi\u0161nju modnu reviju pripremaju u\u010denici<\/strong><strong> Srednje strukovne \u0161kole iz Vara\u017edina<\/strong><strong> koji polaze smjer Dizajner odje\u0107e, a za atraktivne komade inspirirala ih je lepoglavska \u010dipka, \u010dija se vje\u0161tina izrade nalazi na UNESCO-ovoj Reprezentativnoj listi nematerijalne ba\u0161tine \u010dovje\u010danstva od 2009. godine.<\/strong><\/p>\n\n\n\n<p><strong>U skladu s temom u\u010denici su kroz kolekciju detaljima ispri\u010dali pri\u010du o pro\u0161lim vremenima, ali i otvorili prostor za budu\u0107nost. Ujedno su u svaki komad utkali siluete i teksture graditeljske ba\u0161tine kao i minimalisti\u010dke linije modernih interpretacija.<\/strong><\/p>\n\n\n\n<figure class=\"wp-block-image size-full\"><img decoding=\"async\" loading=\"lazy\" width=\"940\" height=\"788\" src=\"https:\/\/www.lepoglava.hr\/festival-cipke\/wp-content\/uploads\/2025\/09\/DEB_6.png\" alt=\"\" class=\"wp-image-3477\" srcset=\"https:\/\/www.lepoglava.hr\/festival-cipke\/wp-content\/uploads\/2025\/09\/DEB_6.png 940w, https:\/\/www.lepoglava.hr\/festival-cipke\/wp-content\/uploads\/2025\/09\/DEB_6-300x251.png 300w, https:\/\/www.lepoglava.hr\/festival-cipke\/wp-content\/uploads\/2025\/09\/DEB_6-768x644.png 768w\" sizes=\"(max-width: 940px) 100vw, 940px\" \/><\/figure>\n\n\n\n<p><strong>Kolekcija, koja \u0107e biti predstavljena u Domu kulture, simbolizira prozor kao motiv koji spaja vrijeme odnosno okvir kroz koji gledamo ono \u0161to je bilo i ono \u0161to dolazi, dok boje prate suvremene modne trendove, a krojevi su strukturirani poput arhitektonskih planova, s pa\u017eljivo izbalansiranim proporcijama koje podsje\u0107aju na povijest ali s modernim tvistom.<\/strong><\/p>\n\n\n\n<p><strong>Sve su kreacije u\u010denici napravili pod vodstvom svojih profesorica-mentorica i posebno isti\u010du kako ova kolekcija ne nosi samo odjevne predmete nego i pri\u010du o identitetu, vremenu i prostoru.<\/strong><\/p>\n\n\n\n<p><strong>Modna revija \u0107e biti odr\u017eana na Tawanu u Domu kulture, u petak, 12. rujna s po\u010detkom u 16 sati.<\/strong><\/p>\n","protected":false},"excerpt":{"rendered":"<p>Ovogodi\u0161nji Dani europske ba\u0161tine slave 30 godina odr\u017eavanja manifestacije u Hrvatskoj, ali i 50. obljetnicu Godine europske arhitektonske ba\u0161tine te &hellip;<\/p>\n<p class=\"read-more\"> <a class=\"\" href=\"https:\/\/www.lepoglava.hr\/festival-cipke\/dani-europske-bastine-na-festivalu-cipke-u-lepoglavi-radionice-i-modne-revije-inspirirane-cipkom\/\"> <span class=\"screen-reader-text\">Dani europske ba\u0161tine na Festivalu \u010dipke u Lepoglavi: Radionice i modne revije inspirirane \u010dipkom<\/span> Vi\u0161e \u00bb<\/a><\/p>\n","protected":false},"author":5,"featured_media":3476,"comment_status":"closed","ping_status":"open","sticky":false,"template":"","format":"standard","meta":{"site-sidebar-layout":"default","site-content-layout":"default","ast-global-header-display":"","ast-banner-title-visibility":"","ast-main-header-display":"","ast-hfb-above-header-display":"","ast-hfb-below-header-display":"","ast-hfb-mobile-header-display":"","site-post-title":"","ast-breadcrumbs-content":"","ast-featured-img":"","footer-sml-layout":"","theme-transparent-header-meta":"","adv-header-id-meta":"","stick-header-meta":"","header-above-stick-meta":"","header-main-stick-meta":"","header-below-stick-meta":"","pgc_sgb_lightbox_settings":""},"categories":[3],"tags":[44],"yoast_head":"<!-- This site is optimized with the Yoast SEO plugin v20.11 - https:\/\/yoast.com\/wordpress\/plugins\/seo\/ -->\n<title>Dani europske ba\u0161tine na Festivalu \u010dipke u Lepoglavi: Radionice i modne revije inspirirane \u010dipkom - 29. me\u0111unarodni festival \u010dipke<\/title>\n<meta name=\"robots\" content=\"index, follow, max-snippet:-1, max-image-preview:large, max-video-preview:-1\" \/>\n<link rel=\"canonical\" href=\"https:\/\/www.lepoglava.hr\/festival-cipke\/dani-europske-bastine-na-festivalu-cipke-u-lepoglavi-radionice-i-modne-revije-inspirirane-cipkom\/\" \/>\n<meta property=\"og:locale\" content=\"hr_HR\" \/>\n<meta property=\"og:type\" content=\"article\" \/>\n<meta property=\"og:title\" content=\"Dani europske ba\u0161tine na Festivalu \u010dipke u Lepoglavi: Radionice i modne revije inspirirane \u010dipkom - 29. me\u0111unarodni festival \u010dipke\" \/>\n<meta property=\"og:description\" content=\"Ovogodi\u0161nji Dani europske ba\u0161tine slave 30 godina odr\u017eavanja manifestacije u Hrvatskoj, ali i 50. obljetnicu Godine europske arhitektonske ba\u0161tine te &hellip; Dani europske ba\u0161tine na Festivalu \u010dipke u Lepoglavi: Radionice i modne revije inspirirane \u010dipkom Vi\u0161e \u00bb\" \/>\n<meta property=\"og:url\" content=\"https:\/\/www.lepoglava.hr\/festival-cipke\/dani-europske-bastine-na-festivalu-cipke-u-lepoglavi-radionice-i-modne-revije-inspirirane-cipkom\/\" \/>\n<meta property=\"og:site_name\" content=\"29. me\u0111unarodni festival \u010dipke\" \/>\n<meta property=\"article:published_time\" content=\"2025-09-01T17:48:48+00:00\" \/>\n<meta property=\"article:modified_time\" content=\"2025-09-01T17:48:49+00:00\" \/>\n<meta property=\"og:image\" content=\"https:\/\/www.lepoglava.hr\/festival-cipke\/wp-content\/uploads\/2025\/09\/DEB_3.png\" \/>\n\t<meta property=\"og:image:width\" content=\"1600\" \/>\n\t<meta property=\"og:image:height\" content=\"900\" \/>\n\t<meta property=\"og:image:type\" content=\"image\/png\" \/>\n<meta name=\"author\" content=\"ulimarus\" \/>\n<meta name=\"twitter:card\" content=\"summary_large_image\" \/>\n<meta name=\"twitter:label1\" content=\"Napisao\/la\" \/>\n\t<meta name=\"twitter:data1\" content=\"ulimarus\" \/>\n\t<meta name=\"twitter:label2\" content=\"Procijenjeno vrijeme \u010ditanja\" \/>\n\t<meta name=\"twitter:data2\" content=\"3 minute\" \/>\n<script type=\"application\/ld+json\" class=\"yoast-schema-graph\">{\"@context\":\"https:\/\/schema.org\",\"@graph\":[{\"@type\":\"Article\",\"@id\":\"https:\/\/www.lepoglava.hr\/festival-cipke\/dani-europske-bastine-na-festivalu-cipke-u-lepoglavi-radionice-i-modne-revije-inspirirane-cipkom\/#article\",\"isPartOf\":{\"@id\":\"https:\/\/www.lepoglava.hr\/festival-cipke\/dani-europske-bastine-na-festivalu-cipke-u-lepoglavi-radionice-i-modne-revije-inspirirane-cipkom\/\"},\"author\":{\"name\":\"ulimarus\",\"@id\":\"https:\/\/www.lepoglava.hr\/festival-cipke\/#\/schema\/person\/afb90b44ec6c12f33e98a7f5c6c611e1\"},\"headline\":\"Dani europske ba\u0161tine na Festivalu \u010dipke u Lepoglavi: Radionice i modne revije inspirirane \u010dipkom\",\"datePublished\":\"2025-09-01T17:48:48+00:00\",\"dateModified\":\"2025-09-01T17:48:49+00:00\",\"mainEntityOfPage\":{\"@id\":\"https:\/\/www.lepoglava.hr\/festival-cipke\/dani-europske-bastine-na-festivalu-cipke-u-lepoglavi-radionice-i-modne-revije-inspirirane-cipkom\/\"},\"wordCount\":396,\"publisher\":{\"@id\":\"https:\/\/www.lepoglava.hr\/festival-cipke\/#organization\"},\"keywords\":[\"festival 2025.\"],\"articleSection\":[\"Novosti\"],\"inLanguage\":\"hr\"},{\"@type\":\"WebPage\",\"@id\":\"https:\/\/www.lepoglava.hr\/festival-cipke\/dani-europske-bastine-na-festivalu-cipke-u-lepoglavi-radionice-i-modne-revije-inspirirane-cipkom\/\",\"url\":\"https:\/\/www.lepoglava.hr\/festival-cipke\/dani-europske-bastine-na-festivalu-cipke-u-lepoglavi-radionice-i-modne-revije-inspirirane-cipkom\/\",\"name\":\"Dani europske ba\u0161tine na Festivalu \u010dipke u Lepoglavi: Radionice i modne revije inspirirane \u010dipkom - 29. me\u0111unarodni festival \u010dipke\",\"isPartOf\":{\"@id\":\"https:\/\/www.lepoglava.hr\/festival-cipke\/#website\"},\"datePublished\":\"2025-09-01T17:48:48+00:00\",\"dateModified\":\"2025-09-01T17:48:49+00:00\",\"breadcrumb\":{\"@id\":\"https:\/\/www.lepoglava.hr\/festival-cipke\/dani-europske-bastine-na-festivalu-cipke-u-lepoglavi-radionice-i-modne-revije-inspirirane-cipkom\/#breadcrumb\"},\"inLanguage\":\"hr\",\"potentialAction\":[{\"@type\":\"ReadAction\",\"target\":[\"https:\/\/www.lepoglava.hr\/festival-cipke\/dani-europske-bastine-na-festivalu-cipke-u-lepoglavi-radionice-i-modne-revije-inspirirane-cipkom\/\"]}]},{\"@type\":\"BreadcrumbList\",\"@id\":\"https:\/\/www.lepoglava.hr\/festival-cipke\/dani-europske-bastine-na-festivalu-cipke-u-lepoglavi-radionice-i-modne-revije-inspirirane-cipkom\/#breadcrumb\",\"itemListElement\":[{\"@type\":\"ListItem\",\"position\":1,\"name\":\"Po\u010detna stranica\",\"item\":\"https:\/\/www.lepoglava.hr\/festival-cipke\/\"},{\"@type\":\"ListItem\",\"position\":2,\"name\":\"Dani europske ba\u0161tine na Festivalu \u010dipke u Lepoglavi: Radionice i modne revije inspirirane \u010dipkom\"}]},{\"@type\":\"WebSite\",\"@id\":\"https:\/\/www.lepoglava.hr\/festival-cipke\/#website\",\"url\":\"https:\/\/www.lepoglava.hr\/festival-cipke\/\",\"name\":\"29. me\u0111unarodni festival \u010dipke\",\"description\":\"29. me\u0111unarodni festival \u010dipke - Lepoglava\",\"publisher\":{\"@id\":\"https:\/\/www.lepoglava.hr\/festival-cipke\/#organization\"},\"potentialAction\":[{\"@type\":\"SearchAction\",\"target\":{\"@type\":\"EntryPoint\",\"urlTemplate\":\"https:\/\/www.lepoglava.hr\/festival-cipke\/?s={search_term_string}\"},\"query-input\":\"required name=search_term_string\"}],\"inLanguage\":\"hr\"},{\"@type\":\"Organization\",\"@id\":\"https:\/\/www.lepoglava.hr\/festival-cipke\/#organization\",\"name\":\"Grad Lepoglava\",\"url\":\"https:\/\/www.lepoglava.hr\/festival-cipke\/\",\"logo\":{\"@type\":\"ImageObject\",\"inLanguage\":\"hr\",\"@id\":\"https:\/\/www.lepoglava.hr\/festival-cipke\/#\/schema\/logo\/image\/\",\"url\":\"https:\/\/www.lepoglava.hr\/festival-cipke\/wp-content\/uploads\/2020\/08\/lepoglava-logo.png\",\"contentUrl\":\"https:\/\/www.lepoglava.hr\/festival-cipke\/wp-content\/uploads\/2020\/08\/lepoglava-logo.png\",\"width\":202,\"height\":58,\"caption\":\"Grad Lepoglava\"},\"image\":{\"@id\":\"https:\/\/www.lepoglava.hr\/festival-cipke\/#\/schema\/logo\/image\/\"}},{\"@type\":\"Person\",\"@id\":\"https:\/\/www.lepoglava.hr\/festival-cipke\/#\/schema\/person\/afb90b44ec6c12f33e98a7f5c6c611e1\",\"name\":\"ulimarus\"}]}<\/script>\n<!-- \/ Yoast SEO plugin. -->","yoast_head_json":{"title":"Dani europske ba\u0161tine na Festivalu \u010dipke u Lepoglavi: Radionice i modne revije inspirirane \u010dipkom - 29. me\u0111unarodni festival \u010dipke","robots":{"index":"index","follow":"follow","max-snippet":"max-snippet:-1","max-image-preview":"max-image-preview:large","max-video-preview":"max-video-preview:-1"},"canonical":"https:\/\/www.lepoglava.hr\/festival-cipke\/dani-europske-bastine-na-festivalu-cipke-u-lepoglavi-radionice-i-modne-revije-inspirirane-cipkom\/","og_locale":"hr_HR","og_type":"article","og_title":"Dani europske ba\u0161tine na Festivalu \u010dipke u Lepoglavi: Radionice i modne revije inspirirane \u010dipkom - 29. me\u0111unarodni festival \u010dipke","og_description":"Ovogodi\u0161nji Dani europske ba\u0161tine slave 30 godina odr\u017eavanja manifestacije u Hrvatskoj, ali i 50. obljetnicu Godine europske arhitektonske ba\u0161tine te &hellip; Dani europske ba\u0161tine na Festivalu \u010dipke u Lepoglavi: Radionice i modne revije inspirirane \u010dipkom Vi\u0161e \u00bb","og_url":"https:\/\/www.lepoglava.hr\/festival-cipke\/dani-europske-bastine-na-festivalu-cipke-u-lepoglavi-radionice-i-modne-revije-inspirirane-cipkom\/","og_site_name":"29. me\u0111unarodni festival \u010dipke","article_published_time":"2025-09-01T17:48:48+00:00","article_modified_time":"2025-09-01T17:48:49+00:00","og_image":[{"width":1600,"height":900,"url":"https:\/\/www.lepoglava.hr\/festival-cipke\/wp-content\/uploads\/2025\/09\/DEB_3.png","type":"image\/png"}],"author":"ulimarus","twitter_card":"summary_large_image","twitter_misc":{"Napisao\/la":"ulimarus","Procijenjeno vrijeme \u010ditanja":"3 minute"},"schema":{"@context":"https:\/\/schema.org","@graph":[{"@type":"Article","@id":"https:\/\/www.lepoglava.hr\/festival-cipke\/dani-europske-bastine-na-festivalu-cipke-u-lepoglavi-radionice-i-modne-revije-inspirirane-cipkom\/#article","isPartOf":{"@id":"https:\/\/www.lepoglava.hr\/festival-cipke\/dani-europske-bastine-na-festivalu-cipke-u-lepoglavi-radionice-i-modne-revije-inspirirane-cipkom\/"},"author":{"name":"ulimarus","@id":"https:\/\/www.lepoglava.hr\/festival-cipke\/#\/schema\/person\/afb90b44ec6c12f33e98a7f5c6c611e1"},"headline":"Dani europske ba\u0161tine na Festivalu \u010dipke u Lepoglavi: Radionice i modne revije inspirirane \u010dipkom","datePublished":"2025-09-01T17:48:48+00:00","dateModified":"2025-09-01T17:48:49+00:00","mainEntityOfPage":{"@id":"https:\/\/www.lepoglava.hr\/festival-cipke\/dani-europske-bastine-na-festivalu-cipke-u-lepoglavi-radionice-i-modne-revije-inspirirane-cipkom\/"},"wordCount":396,"publisher":{"@id":"https:\/\/www.lepoglava.hr\/festival-cipke\/#organization"},"keywords":["festival 2025."],"articleSection":["Novosti"],"inLanguage":"hr"},{"@type":"WebPage","@id":"https:\/\/www.lepoglava.hr\/festival-cipke\/dani-europske-bastine-na-festivalu-cipke-u-lepoglavi-radionice-i-modne-revije-inspirirane-cipkom\/","url":"https:\/\/www.lepoglava.hr\/festival-cipke\/dani-europske-bastine-na-festivalu-cipke-u-lepoglavi-radionice-i-modne-revije-inspirirane-cipkom\/","name":"Dani europske ba\u0161tine na Festivalu \u010dipke u Lepoglavi: Radionice i modne revije inspirirane \u010dipkom - 29. me\u0111unarodni festival \u010dipke","isPartOf":{"@id":"https:\/\/www.lepoglava.hr\/festival-cipke\/#website"},"datePublished":"2025-09-01T17:48:48+00:00","dateModified":"2025-09-01T17:48:49+00:00","breadcrumb":{"@id":"https:\/\/www.lepoglava.hr\/festival-cipke\/dani-europske-bastine-na-festivalu-cipke-u-lepoglavi-radionice-i-modne-revije-inspirirane-cipkom\/#breadcrumb"},"inLanguage":"hr","potentialAction":[{"@type":"ReadAction","target":["https:\/\/www.lepoglava.hr\/festival-cipke\/dani-europske-bastine-na-festivalu-cipke-u-lepoglavi-radionice-i-modne-revije-inspirirane-cipkom\/"]}]},{"@type":"BreadcrumbList","@id":"https:\/\/www.lepoglava.hr\/festival-cipke\/dani-europske-bastine-na-festivalu-cipke-u-lepoglavi-radionice-i-modne-revije-inspirirane-cipkom\/#breadcrumb","itemListElement":[{"@type":"ListItem","position":1,"name":"Po\u010detna stranica","item":"https:\/\/www.lepoglava.hr\/festival-cipke\/"},{"@type":"ListItem","position":2,"name":"Dani europske ba\u0161tine na Festivalu \u010dipke u Lepoglavi: Radionice i modne revije inspirirane \u010dipkom"}]},{"@type":"WebSite","@id":"https:\/\/www.lepoglava.hr\/festival-cipke\/#website","url":"https:\/\/www.lepoglava.hr\/festival-cipke\/","name":"29. me\u0111unarodni festival \u010dipke","description":"29. me\u0111unarodni festival \u010dipke - Lepoglava","publisher":{"@id":"https:\/\/www.lepoglava.hr\/festival-cipke\/#organization"},"potentialAction":[{"@type":"SearchAction","target":{"@type":"EntryPoint","urlTemplate":"https:\/\/www.lepoglava.hr\/festival-cipke\/?s={search_term_string}"},"query-input":"required name=search_term_string"}],"inLanguage":"hr"},{"@type":"Organization","@id":"https:\/\/www.lepoglava.hr\/festival-cipke\/#organization","name":"Grad Lepoglava","url":"https:\/\/www.lepoglava.hr\/festival-cipke\/","logo":{"@type":"ImageObject","inLanguage":"hr","@id":"https:\/\/www.lepoglava.hr\/festival-cipke\/#\/schema\/logo\/image\/","url":"https:\/\/www.lepoglava.hr\/festival-cipke\/wp-content\/uploads\/2020\/08\/lepoglava-logo.png","contentUrl":"https:\/\/www.lepoglava.hr\/festival-cipke\/wp-content\/uploads\/2020\/08\/lepoglava-logo.png","width":202,"height":58,"caption":"Grad Lepoglava"},"image":{"@id":"https:\/\/www.lepoglava.hr\/festival-cipke\/#\/schema\/logo\/image\/"}},{"@type":"Person","@id":"https:\/\/www.lepoglava.hr\/festival-cipke\/#\/schema\/person\/afb90b44ec6c12f33e98a7f5c6c611e1","name":"ulimarus"}]}},"_links":{"self":[{"href":"https:\/\/www.lepoglava.hr\/festival-cipke\/wp-json\/wp\/v2\/posts\/3474"}],"collection":[{"href":"https:\/\/www.lepoglava.hr\/festival-cipke\/wp-json\/wp\/v2\/posts"}],"about":[{"href":"https:\/\/www.lepoglava.hr\/festival-cipke\/wp-json\/wp\/v2\/types\/post"}],"author":[{"embeddable":true,"href":"https:\/\/www.lepoglava.hr\/festival-cipke\/wp-json\/wp\/v2\/users\/5"}],"replies":[{"embeddable":true,"href":"https:\/\/www.lepoglava.hr\/festival-cipke\/wp-json\/wp\/v2\/comments?post=3474"}],"version-history":[{"count":2,"href":"https:\/\/www.lepoglava.hr\/festival-cipke\/wp-json\/wp\/v2\/posts\/3474\/revisions"}],"predecessor-version":[{"id":3478,"href":"https:\/\/www.lepoglava.hr\/festival-cipke\/wp-json\/wp\/v2\/posts\/3474\/revisions\/3478"}],"wp:featuredmedia":[{"embeddable":true,"href":"https:\/\/www.lepoglava.hr\/festival-cipke\/wp-json\/wp\/v2\/media\/3476"}],"wp:attachment":[{"href":"https:\/\/www.lepoglava.hr\/festival-cipke\/wp-json\/wp\/v2\/media?parent=3474"}],"wp:term":[{"taxonomy":"category","embeddable":true,"href":"https:\/\/www.lepoglava.hr\/festival-cipke\/wp-json\/wp\/v2\/categories?post=3474"},{"taxonomy":"post_tag","embeddable":true,"href":"https:\/\/www.lepoglava.hr\/festival-cipke\/wp-json\/wp\/v2\/tags?post=3474"}],"curies":[{"name":"wp","href":"https:\/\/api.w.org\/{rel}","templated":true}]}}