{"id":3538,"date":"2025-09-11T15:43:28","date_gmt":"2025-09-11T15:43:28","guid":{"rendered":"https:\/\/www.lepoglava.hr\/festival-cipke\/?p=3538"},"modified":"2025-09-11T15:43:29","modified_gmt":"2025-09-11T15:43:29","slug":"na-festival-cipke-stizu-i-4-tenora","status":"publish","type":"post","link":"https:\/\/www.lepoglava.hr\/festival-cipke\/na-festival-cipke-stizu-i-4-tenora\/","title":{"rendered":"Na festival \u010dipke sti\u017eu i 4 Tenora"},"content":{"rendered":"\n<p>Ovogodi\u0161nji, 29. Me\u0111unarodni festival \u010dipke u Lepoglavi zavr\u0161it \u0107e sjajnim koncertom koji \u0107e odr\u017eati 4 Tenora.<br>Vrhunski pjeva\u010di <strong>\u0110ani Stipani\u010dev, Marko Pecoti\u0107, Filip Hozjak<\/strong> i <strong>Vladimir Gari\u0107<\/strong> poznati su po svojim sna\u017enim vokalima i dojmljivim izvedbama doma\u0107ih i stranih evergreena te opernih i operetnih arija ali i pop, rock hitova kao i dalmatinskih \u0161ansona.<br>Vole ih sve generacije, jer na njihovim koncertima u\u017eivaju ne samo u sjajnim izvedbama nego i u odli\u010dnoj atmosferi.<br>Upravo to &#8211; sjajne izvedbe i odli\u010dnu atmosferu najavili su i za koncert u Lepoglavi, koji \u0107e biti <strong>u nedjelju, 14. rujna<\/strong> u sve\u010danom \u0161atoru. Po\u010detak koncerta 4 Tenora \u0107e biti <strong>u 19 sati<\/strong>, a ulaz je<strong> besplatan.<\/strong><\/p>\n","protected":false},"excerpt":{"rendered":"<p>Ovogodi\u0161nji, 29. Me\u0111unarodni festival \u010dipke u Lepoglavi zavr\u0161it \u0107e sjajnim koncertom koji \u0107e odr\u017eati 4 Tenora.Vrhunski pjeva\u010di \u0110ani Stipani\u010dev, Marko &hellip;<\/p>\n<p class=\"read-more\"> <a class=\"\" href=\"https:\/\/www.lepoglava.hr\/festival-cipke\/na-festival-cipke-stizu-i-4-tenora\/\"> <span class=\"screen-reader-text\">Na festival \u010dipke sti\u017eu i 4 Tenora<\/span> Vi\u0161e \u00bb<\/a><\/p>\n","protected":false},"author":5,"featured_media":3541,"comment_status":"closed","ping_status":"open","sticky":false,"template":"","format":"standard","meta":{"site-sidebar-layout":"default","site-content-layout":"default","ast-global-header-display":"","ast-banner-title-visibility":"","ast-main-header-display":"","ast-hfb-above-header-display":"","ast-hfb-below-header-display":"","ast-hfb-mobile-header-display":"","site-post-title":"","ast-breadcrumbs-content":"","ast-featured-img":"","footer-sml-layout":"","theme-transparent-header-meta":"","adv-header-id-meta":"","stick-header-meta":"","header-above-stick-meta":"","header-main-stick-meta":"","header-below-stick-meta":"","pgc_sgb_lightbox_settings":""},"categories":[3],"tags":[],"yoast_head":"<!-- This site is optimized with the Yoast SEO plugin v20.11 - https:\/\/yoast.com\/wordpress\/plugins\/seo\/ -->\n<title>Na festival \u010dipke sti\u017eu i 4 Tenora - 29. me\u0111unarodni festival \u010dipke<\/title>\n<meta name=\"robots\" content=\"index, follow, max-snippet:-1, max-image-preview:large, max-video-preview:-1\" \/>\n<link rel=\"canonical\" href=\"https:\/\/www.lepoglava.hr\/festival-cipke\/na-festival-cipke-stizu-i-4-tenora\/\" \/>\n<meta property=\"og:locale\" content=\"hr_HR\" \/>\n<meta property=\"og:type\" content=\"article\" \/>\n<meta property=\"og:title\" content=\"Na festival \u010dipke sti\u017eu i 4 Tenora - 29. me\u0111unarodni festival \u010dipke\" \/>\n<meta property=\"og:description\" content=\"Ovogodi\u0161nji, 29. Me\u0111unarodni festival \u010dipke u Lepoglavi zavr\u0161it \u0107e sjajnim koncertom koji \u0107e odr\u017eati 4 Tenora.Vrhunski pjeva\u010di \u0110ani Stipani\u010dev, Marko &hellip; Na festival \u010dipke sti\u017eu i 4 Tenora Vi\u0161e \u00bb\" \/>\n<meta property=\"og:url\" content=\"https:\/\/www.lepoglava.hr\/festival-cipke\/na-festival-cipke-stizu-i-4-tenora\/\" \/>\n<meta property=\"og:site_name\" content=\"29. me\u0111unarodni festival \u010dipke\" \/>\n<meta property=\"article:published_time\" content=\"2025-09-11T15:43:28+00:00\" \/>\n<meta property=\"article:modified_time\" content=\"2025-09-11T15:43:29+00:00\" \/>\n<meta property=\"og:image\" content=\"https:\/\/www.lepoglava.hr\/festival-cipke\/wp-content\/uploads\/2025\/09\/4tenora-.-foto-2025-scaled.jpg\" \/>\n\t<meta property=\"og:image:width\" content=\"2560\" \/>\n\t<meta property=\"og:image:height\" content=\"2045\" \/>\n\t<meta property=\"og:image:type\" content=\"image\/jpeg\" \/>\n<meta name=\"author\" content=\"ulimarus\" \/>\n<meta name=\"twitter:card\" content=\"summary_large_image\" \/>\n<meta name=\"twitter:label1\" content=\"Napisao\/la\" \/>\n\t<meta name=\"twitter:data1\" content=\"ulimarus\" \/>\n\t<meta name=\"twitter:label2\" content=\"Procijenjeno vrijeme \u010ditanja\" \/>\n\t<meta name=\"twitter:data2\" content=\"1 minuta\" \/>\n<script type=\"application\/ld+json\" class=\"yoast-schema-graph\">{\"@context\":\"https:\/\/schema.org\",\"@graph\":[{\"@type\":\"Article\",\"@id\":\"https:\/\/www.lepoglava.hr\/festival-cipke\/na-festival-cipke-stizu-i-4-tenora\/#article\",\"isPartOf\":{\"@id\":\"https:\/\/www.lepoglava.hr\/festival-cipke\/na-festival-cipke-stizu-i-4-tenora\/\"},\"author\":{\"name\":\"ulimarus\",\"@id\":\"https:\/\/www.lepoglava.hr\/festival-cipke\/#\/schema\/person\/afb90b44ec6c12f33e98a7f5c6c611e1\"},\"headline\":\"Na festival \u010dipke sti\u017eu i 4 Tenora\",\"datePublished\":\"2025-09-11T15:43:28+00:00\",\"dateModified\":\"2025-09-11T15:43:29+00:00\",\"mainEntityOfPage\":{\"@id\":\"https:\/\/www.lepoglava.hr\/festival-cipke\/na-festival-cipke-stizu-i-4-tenora\/\"},\"wordCount\":126,\"publisher\":{\"@id\":\"https:\/\/www.lepoglava.hr\/festival-cipke\/#organization\"},\"articleSection\":[\"Novosti\"],\"inLanguage\":\"hr\"},{\"@type\":\"WebPage\",\"@id\":\"https:\/\/www.lepoglava.hr\/festival-cipke\/na-festival-cipke-stizu-i-4-tenora\/\",\"url\":\"https:\/\/www.lepoglava.hr\/festival-cipke\/na-festival-cipke-stizu-i-4-tenora\/\",\"name\":\"Na festival \u010dipke sti\u017eu i 4 Tenora - 29. me\u0111unarodni festival \u010dipke\",\"isPartOf\":{\"@id\":\"https:\/\/www.lepoglava.hr\/festival-cipke\/#website\"},\"datePublished\":\"2025-09-11T15:43:28+00:00\",\"dateModified\":\"2025-09-11T15:43:29+00:00\",\"breadcrumb\":{\"@id\":\"https:\/\/www.lepoglava.hr\/festival-cipke\/na-festival-cipke-stizu-i-4-tenora\/#breadcrumb\"},\"inLanguage\":\"hr\",\"potentialAction\":[{\"@type\":\"ReadAction\",\"target\":[\"https:\/\/www.lepoglava.hr\/festival-cipke\/na-festival-cipke-stizu-i-4-tenora\/\"]}]},{\"@type\":\"BreadcrumbList\",\"@id\":\"https:\/\/www.lepoglava.hr\/festival-cipke\/na-festival-cipke-stizu-i-4-tenora\/#breadcrumb\",\"itemListElement\":[{\"@type\":\"ListItem\",\"position\":1,\"name\":\"Po\u010detna stranica\",\"item\":\"https:\/\/www.lepoglava.hr\/festival-cipke\/\"},{\"@type\":\"ListItem\",\"position\":2,\"name\":\"Na festival \u010dipke sti\u017eu i 4 Tenora\"}]},{\"@type\":\"WebSite\",\"@id\":\"https:\/\/www.lepoglava.hr\/festival-cipke\/#website\",\"url\":\"https:\/\/www.lepoglava.hr\/festival-cipke\/\",\"name\":\"29. me\u0111unarodni festival \u010dipke\",\"description\":\"29. me\u0111unarodni festival \u010dipke - Lepoglava\",\"publisher\":{\"@id\":\"https:\/\/www.lepoglava.hr\/festival-cipke\/#organization\"},\"potentialAction\":[{\"@type\":\"SearchAction\",\"target\":{\"@type\":\"EntryPoint\",\"urlTemplate\":\"https:\/\/www.lepoglava.hr\/festival-cipke\/?s={search_term_string}\"},\"query-input\":\"required name=search_term_string\"}],\"inLanguage\":\"hr\"},{\"@type\":\"Organization\",\"@id\":\"https:\/\/www.lepoglava.hr\/festival-cipke\/#organization\",\"name\":\"Grad Lepoglava\",\"url\":\"https:\/\/www.lepoglava.hr\/festival-cipke\/\",\"logo\":{\"@type\":\"ImageObject\",\"inLanguage\":\"hr\",\"@id\":\"https:\/\/www.lepoglava.hr\/festival-cipke\/#\/schema\/logo\/image\/\",\"url\":\"https:\/\/www.lepoglava.hr\/festival-cipke\/wp-content\/uploads\/2020\/08\/lepoglava-logo.png\",\"contentUrl\":\"https:\/\/www.lepoglava.hr\/festival-cipke\/wp-content\/uploads\/2020\/08\/lepoglava-logo.png\",\"width\":202,\"height\":58,\"caption\":\"Grad Lepoglava\"},\"image\":{\"@id\":\"https:\/\/www.lepoglava.hr\/festival-cipke\/#\/schema\/logo\/image\/\"}},{\"@type\":\"Person\",\"@id\":\"https:\/\/www.lepoglava.hr\/festival-cipke\/#\/schema\/person\/afb90b44ec6c12f33e98a7f5c6c611e1\",\"name\":\"ulimarus\"}]}<\/script>\n<!-- \/ Yoast SEO plugin. -->","yoast_head_json":{"title":"Na festival \u010dipke sti\u017eu i 4 Tenora - 29. me\u0111unarodni festival \u010dipke","robots":{"index":"index","follow":"follow","max-snippet":"max-snippet:-1","max-image-preview":"max-image-preview:large","max-video-preview":"max-video-preview:-1"},"canonical":"https:\/\/www.lepoglava.hr\/festival-cipke\/na-festival-cipke-stizu-i-4-tenora\/","og_locale":"hr_HR","og_type":"article","og_title":"Na festival \u010dipke sti\u017eu i 4 Tenora - 29. me\u0111unarodni festival \u010dipke","og_description":"Ovogodi\u0161nji, 29. Me\u0111unarodni festival \u010dipke u Lepoglavi zavr\u0161it \u0107e sjajnim koncertom koji \u0107e odr\u017eati 4 Tenora.Vrhunski pjeva\u010di \u0110ani Stipani\u010dev, Marko &hellip; Na festival \u010dipke sti\u017eu i 4 Tenora Vi\u0161e \u00bb","og_url":"https:\/\/www.lepoglava.hr\/festival-cipke\/na-festival-cipke-stizu-i-4-tenora\/","og_site_name":"29. me\u0111unarodni festival \u010dipke","article_published_time":"2025-09-11T15:43:28+00:00","article_modified_time":"2025-09-11T15:43:29+00:00","og_image":[{"width":2560,"height":2045,"url":"https:\/\/www.lepoglava.hr\/festival-cipke\/wp-content\/uploads\/2025\/09\/4tenora-.-foto-2025-scaled.jpg","type":"image\/jpeg"}],"author":"ulimarus","twitter_card":"summary_large_image","twitter_misc":{"Napisao\/la":"ulimarus","Procijenjeno vrijeme \u010ditanja":"1 minuta"},"schema":{"@context":"https:\/\/schema.org","@graph":[{"@type":"Article","@id":"https:\/\/www.lepoglava.hr\/festival-cipke\/na-festival-cipke-stizu-i-4-tenora\/#article","isPartOf":{"@id":"https:\/\/www.lepoglava.hr\/festival-cipke\/na-festival-cipke-stizu-i-4-tenora\/"},"author":{"name":"ulimarus","@id":"https:\/\/www.lepoglava.hr\/festival-cipke\/#\/schema\/person\/afb90b44ec6c12f33e98a7f5c6c611e1"},"headline":"Na festival \u010dipke sti\u017eu i 4 Tenora","datePublished":"2025-09-11T15:43:28+00:00","dateModified":"2025-09-11T15:43:29+00:00","mainEntityOfPage":{"@id":"https:\/\/www.lepoglava.hr\/festival-cipke\/na-festival-cipke-stizu-i-4-tenora\/"},"wordCount":126,"publisher":{"@id":"https:\/\/www.lepoglava.hr\/festival-cipke\/#organization"},"articleSection":["Novosti"],"inLanguage":"hr"},{"@type":"WebPage","@id":"https:\/\/www.lepoglava.hr\/festival-cipke\/na-festival-cipke-stizu-i-4-tenora\/","url":"https:\/\/www.lepoglava.hr\/festival-cipke\/na-festival-cipke-stizu-i-4-tenora\/","name":"Na festival \u010dipke sti\u017eu i 4 Tenora - 29. me\u0111unarodni festival \u010dipke","isPartOf":{"@id":"https:\/\/www.lepoglava.hr\/festival-cipke\/#website"},"datePublished":"2025-09-11T15:43:28+00:00","dateModified":"2025-09-11T15:43:29+00:00","breadcrumb":{"@id":"https:\/\/www.lepoglava.hr\/festival-cipke\/na-festival-cipke-stizu-i-4-tenora\/#breadcrumb"},"inLanguage":"hr","potentialAction":[{"@type":"ReadAction","target":["https:\/\/www.lepoglava.hr\/festival-cipke\/na-festival-cipke-stizu-i-4-tenora\/"]}]},{"@type":"BreadcrumbList","@id":"https:\/\/www.lepoglava.hr\/festival-cipke\/na-festival-cipke-stizu-i-4-tenora\/#breadcrumb","itemListElement":[{"@type":"ListItem","position":1,"name":"Po\u010detna stranica","item":"https:\/\/www.lepoglava.hr\/festival-cipke\/"},{"@type":"ListItem","position":2,"name":"Na festival \u010dipke sti\u017eu i 4 Tenora"}]},{"@type":"WebSite","@id":"https:\/\/www.lepoglava.hr\/festival-cipke\/#website","url":"https:\/\/www.lepoglava.hr\/festival-cipke\/","name":"29. me\u0111unarodni festival \u010dipke","description":"29. me\u0111unarodni festival \u010dipke - Lepoglava","publisher":{"@id":"https:\/\/www.lepoglava.hr\/festival-cipke\/#organization"},"potentialAction":[{"@type":"SearchAction","target":{"@type":"EntryPoint","urlTemplate":"https:\/\/www.lepoglava.hr\/festival-cipke\/?s={search_term_string}"},"query-input":"required name=search_term_string"}],"inLanguage":"hr"},{"@type":"Organization","@id":"https:\/\/www.lepoglava.hr\/festival-cipke\/#organization","name":"Grad Lepoglava","url":"https:\/\/www.lepoglava.hr\/festival-cipke\/","logo":{"@type":"ImageObject","inLanguage":"hr","@id":"https:\/\/www.lepoglava.hr\/festival-cipke\/#\/schema\/logo\/image\/","url":"https:\/\/www.lepoglava.hr\/festival-cipke\/wp-content\/uploads\/2020\/08\/lepoglava-logo.png","contentUrl":"https:\/\/www.lepoglava.hr\/festival-cipke\/wp-content\/uploads\/2020\/08\/lepoglava-logo.png","width":202,"height":58,"caption":"Grad Lepoglava"},"image":{"@id":"https:\/\/www.lepoglava.hr\/festival-cipke\/#\/schema\/logo\/image\/"}},{"@type":"Person","@id":"https:\/\/www.lepoglava.hr\/festival-cipke\/#\/schema\/person\/afb90b44ec6c12f33e98a7f5c6c611e1","name":"ulimarus"}]}},"_links":{"self":[{"href":"https:\/\/www.lepoglava.hr\/festival-cipke\/wp-json\/wp\/v2\/posts\/3538"}],"collection":[{"href":"https:\/\/www.lepoglava.hr\/festival-cipke\/wp-json\/wp\/v2\/posts"}],"about":[{"href":"https:\/\/www.lepoglava.hr\/festival-cipke\/wp-json\/wp\/v2\/types\/post"}],"author":[{"embeddable":true,"href":"https:\/\/www.lepoglava.hr\/festival-cipke\/wp-json\/wp\/v2\/users\/5"}],"replies":[{"embeddable":true,"href":"https:\/\/www.lepoglava.hr\/festival-cipke\/wp-json\/wp\/v2\/comments?post=3538"}],"version-history":[{"count":2,"href":"https:\/\/www.lepoglava.hr\/festival-cipke\/wp-json\/wp\/v2\/posts\/3538\/revisions"}],"predecessor-version":[{"id":3540,"href":"https:\/\/www.lepoglava.hr\/festival-cipke\/wp-json\/wp\/v2\/posts\/3538\/revisions\/3540"}],"wp:featuredmedia":[{"embeddable":true,"href":"https:\/\/www.lepoglava.hr\/festival-cipke\/wp-json\/wp\/v2\/media\/3541"}],"wp:attachment":[{"href":"https:\/\/www.lepoglava.hr\/festival-cipke\/wp-json\/wp\/v2\/media?parent=3538"}],"wp:term":[{"taxonomy":"category","embeddable":true,"href":"https:\/\/www.lepoglava.hr\/festival-cipke\/wp-json\/wp\/v2\/categories?post=3538"},{"taxonomy":"post_tag","embeddable":true,"href":"https:\/\/www.lepoglava.hr\/festival-cipke\/wp-json\/wp\/v2\/tags?post=3538"}],"curies":[{"name":"wp","href":"https:\/\/api.w.org\/{rel}","templated":true}]}}