{"id":3542,"date":"2025-09-12T10:38:17","date_gmt":"2025-09-12T10:38:17","guid":{"rendered":"https:\/\/www.lepoglava.hr\/festival-cipke\/?p=3542"},"modified":"2025-09-12T10:38:18","modified_gmt":"2025-09-12T10:38:18","slug":"otvorena-izlozba-u-trakoscanu-cipka-kao-ukras-svjetovnog-i-crkvenog-ruha","status":"publish","type":"post","link":"https:\/\/www.lepoglava.hr\/festival-cipke\/otvorena-izlozba-u-trakoscanu-cipka-kao-ukras-svjetovnog-i-crkvenog-ruha\/","title":{"rendered":"Otvorena izlo\u017eba u Trako\u0161\u0107anu: \u010cipka kao ukras svjetovnog i crkvenog ruha"},"content":{"rendered":"\n<p><strong>U dvorani obiteljskih portreta dvorca Trako\u0161\u0107an u \u010detvrtak, 11. rujna otvorena je izlo\u017eba \u201e\u010cipka kao ukras svjetovnog i crkvenog ruha\u201d.<\/strong><\/p>\n\n\n\n<p>Izlo\u017eba donosi prikaz bogate tradicije \u010dipkarstva kroz izbor reprezentativnih predmeta iz crkvenih i svjetovnih zbirki, a pripremljea je kao uvertira u ovogodi\u0161nji 29. Me\u0111unarodnog festivala \u010dipke u Lepoglavi.<\/p>\n\n\n\n<p>U dvorcu Trako\u0161\u0107an izlo\u017eeni su portreti plemstva od kraja 16. sve do po\u010detka 20. stolje\u0107a, koje krase bogati \u010dipkasti ukrasi &#8211; ovratnici, man\u017eete i drugi detalji odje\u0107e vjerno prikazani kao simbol dru\u0161tvenog statusa, mode i profinjenog ukusa epohe.<\/p>\n\n\n\n<p>Posebno mjesto na izlo\u017ebi ima \u010dipka s biskupske albe iz 17. stolje\u0107a ukra\u0161ena zlatovezom i \u010dipkastim trakama iz lepoglavske radionice.<\/p>\n\n\n\n<figure class=\"wp-block-gallery has-nested-images columns-4 is-cropped wp-block-gallery-1 is-layout-flex\">\n<figure class=\"wp-block-image size-large\"><a href=\"https:\/\/www.lepoglava.hr\/festival-cipke\/wp-content\/uploads\/2025\/09\/t_2.jpg\"><img decoding=\"async\" loading=\"lazy\" width=\"1024\" height=\"682\" data-id=\"3546\"  src=\"https:\/\/www.lepoglava.hr\/festival-cipke\/wp-content\/uploads\/2025\/09\/t_2-1024x682.jpg\" alt=\"\" class=\"wp-image-3546\" srcset=\"https:\/\/www.lepoglava.hr\/festival-cipke\/wp-content\/uploads\/2025\/09\/t_2-1024x682.jpg 1024w, https:\/\/www.lepoglava.hr\/festival-cipke\/wp-content\/uploads\/2025\/09\/t_2-300x200.jpg 300w, https:\/\/www.lepoglava.hr\/festival-cipke\/wp-content\/uploads\/2025\/09\/t_2-768x511.jpg 768w, https:\/\/www.lepoglava.hr\/festival-cipke\/wp-content\/uploads\/2025\/09\/t_2-1536x1022.jpg 1536w, https:\/\/www.lepoglava.hr\/festival-cipke\/wp-content\/uploads\/2025\/09\/t_2.jpg 1600w\" sizes=\"(max-width: 1024px) 100vw, 1024px\" \/><\/a><\/figure>\n\n\n\n<figure class=\"wp-block-image size-large\"><a href=\"https:\/\/www.lepoglava.hr\/festival-cipke\/wp-content\/uploads\/2025\/09\/t_3.jpg\"><img decoding=\"async\" loading=\"lazy\" width=\"681\" height=\"1024\" data-id=\"3547\"  src=\"https:\/\/www.lepoglava.hr\/festival-cipke\/wp-content\/uploads\/2025\/09\/t_3-681x1024.jpg\" alt=\"\" class=\"wp-image-3547\" srcset=\"https:\/\/www.lepoglava.hr\/festival-cipke\/wp-content\/uploads\/2025\/09\/t_3-681x1024.jpg 681w, https:\/\/www.lepoglava.hr\/festival-cipke\/wp-content\/uploads\/2025\/09\/t_3-200x300.jpg 200w, https:\/\/www.lepoglava.hr\/festival-cipke\/wp-content\/uploads\/2025\/09\/t_3-768x1155.jpg 768w, https:\/\/www.lepoglava.hr\/festival-cipke\/wp-content\/uploads\/2025\/09\/t_3-1021x1536.jpg 1021w, https:\/\/www.lepoglava.hr\/festival-cipke\/wp-content\/uploads\/2025\/09\/t_3.jpg 1064w\" sizes=\"(max-width: 681px) 100vw, 681px\" \/><\/a><\/figure>\n\n\n\n<figure class=\"wp-block-image size-large\"><a href=\"https:\/\/www.lepoglava.hr\/festival-cipke\/wp-content\/uploads\/2025\/09\/t_10.jpg\"><img decoding=\"async\" loading=\"lazy\" width=\"681\" height=\"1024\" data-id=\"3549\"  src=\"https:\/\/www.lepoglava.hr\/festival-cipke\/wp-content\/uploads\/2025\/09\/t_10-681x1024.jpg\" alt=\"\" class=\"wp-image-3549\" srcset=\"https:\/\/www.lepoglava.hr\/festival-cipke\/wp-content\/uploads\/2025\/09\/t_10-681x1024.jpg 681w, https:\/\/www.lepoglava.hr\/festival-cipke\/wp-content\/uploads\/2025\/09\/t_10-200x300.jpg 200w, https:\/\/www.lepoglava.hr\/festival-cipke\/wp-content\/uploads\/2025\/09\/t_10-768x1155.jpg 768w, https:\/\/www.lepoglava.hr\/festival-cipke\/wp-content\/uploads\/2025\/09\/t_10-1021x1536.jpg 1021w, https:\/\/www.lepoglava.hr\/festival-cipke\/wp-content\/uploads\/2025\/09\/t_10.jpg 1064w\" sizes=\"(max-width: 681px) 100vw, 681px\" \/><\/a><\/figure>\n\n\n\n<figure class=\"wp-block-image size-large\"><a href=\"https:\/\/www.lepoglava.hr\/festival-cipke\/wp-content\/uploads\/2025\/09\/t_12.jpg\"><img decoding=\"async\" loading=\"lazy\" width=\"1024\" height=\"682\" data-id=\"3550\"  src=\"https:\/\/www.lepoglava.hr\/festival-cipke\/wp-content\/uploads\/2025\/09\/t_12-1024x682.jpg\" alt=\"\" class=\"wp-image-3550\" srcset=\"https:\/\/www.lepoglava.hr\/festival-cipke\/wp-content\/uploads\/2025\/09\/t_12-1024x682.jpg 1024w, https:\/\/www.lepoglava.hr\/festival-cipke\/wp-content\/uploads\/2025\/09\/t_12-300x200.jpg 300w, https:\/\/www.lepoglava.hr\/festival-cipke\/wp-content\/uploads\/2025\/09\/t_12-768x511.jpg 768w, https:\/\/www.lepoglava.hr\/festival-cipke\/wp-content\/uploads\/2025\/09\/t_12-1536x1022.jpg 1536w, https:\/\/www.lepoglava.hr\/festival-cipke\/wp-content\/uploads\/2025\/09\/t_12.jpg 1600w\" sizes=\"(max-width: 1024px) 100vw, 1024px\" \/><\/a><\/figure>\n\n\n\n<figure class=\"wp-block-image size-large\"><a href=\"https:\/\/www.lepoglava.hr\/festival-cipke\/wp-content\/uploads\/2025\/09\/t_5.jpg\"><img decoding=\"async\" loading=\"lazy\" width=\"1024\" height=\"682\" data-id=\"3548\"  src=\"https:\/\/www.lepoglava.hr\/festival-cipke\/wp-content\/uploads\/2025\/09\/t_5-1024x682.jpg\" alt=\"\" class=\"wp-image-3548\" srcset=\"https:\/\/www.lepoglava.hr\/festival-cipke\/wp-content\/uploads\/2025\/09\/t_5-1024x682.jpg 1024w, https:\/\/www.lepoglava.hr\/festival-cipke\/wp-content\/uploads\/2025\/09\/t_5-300x200.jpg 300w, https:\/\/www.lepoglava.hr\/festival-cipke\/wp-content\/uploads\/2025\/09\/t_5-768x511.jpg 768w, https:\/\/www.lepoglava.hr\/festival-cipke\/wp-content\/uploads\/2025\/09\/t_5-1536x1022.jpg 1536w, https:\/\/www.lepoglava.hr\/festival-cipke\/wp-content\/uploads\/2025\/09\/t_5.jpg 1600w\" sizes=\"(max-width: 1024px) 100vw, 1024px\" \/><\/a><\/figure>\n<\/figure>\n\n\n\n<p>Na otvorenju su o izlo\u017ebi govorili ravnateljica Dvora Trako\u0161\u0107an <strong>Goranka Horjan<\/strong> i gradona\u010delnik Lepoglave <strong>\u017deljko \u0160o\u0161tari\u0107.<\/strong><\/p>\n\n\n\n<p>&#8211; Zahvaljujem svima koji su sudjelovali u pripremi ove izlo\u017ebe i pozivam sve na 29. Me\u0111unarodni festival \u010dipke u Lepoglavu, koji \u0107e biti otvoren od 12. do 14. rujna, a sve\u010dano otvorenje je u petak u 19 sati &#8211; rekao je gradona\u010delnik \u017deljko \u0160o\u0161tari\u0107 i otvorio izlo\u017ebu koja je postavljena zahvaljuju\u0107i sredstvima Ministarstva kulture i medija.<\/p>\n\n\n\n<p>Ova izlo\u017eba, spoj liturgijskog naslje\u0111a, likovne portretistike i umjetni\u010dkog obrta, starog i novog, pru\u017ea jedinstvenu priliku za razumijevanje \u010dipke ne samo kao ukrasnog detalja, ve\u0107 i kao va\u017enog kulturnog simbola kroz stolje\u0107a.<\/p>\n\n\n\n<p>Da se ovom izlo\u017ebom \u017eeli pokazati kako je ba\u0161tina \u017eiva i prisutna kroz stolje\u0107a na otvorenju je istaknula ravnateljica Dvora Trako\u0161\u0107an Goranka Horjan.<\/p>\n\n\n\n<p>\u2013 Ovom izlo\u017ebom \u017eelimo pokazati kako je ba\u0161tina \u017eiva stolje\u0107ima i kako stalno poprima nove oblike. Danas imamo fantasti\u010dnu nematerijalnu ba\u0161tinu upisanu na UNESCO-ovu listu, a na\u0161i portreti svjedo\u010de kako je \u010dipka bila oduvijek prisutna na odje\u0107i, ukrasima i to nam je bila jedna lijepa poveznica i inspiracija za izlo\u017ebu \u2013 rekla je ravnateljica Goranka Horjan.<\/p>\n\n\n\n<p><a><\/a> Publika je na otvorenju ove atraktivne izlo\u017ebe mogla vidjeti i kako u vje\u0161tim rukama \u010dipkarica &#8211; \u010duvarica ba\u0161tine nastaje lepoglavska \u010dipka, a izlo\u017eba \u0107e za razgled ostati otvorena do kraja rujna.<\/p>\n","protected":false},"excerpt":{"rendered":"<p>U dvorani obiteljskih portreta dvorca Trako\u0161\u0107an u \u010detvrtak, 11. rujna otvorena je izlo\u017eba \u201e\u010cipka kao ukras svjetovnog i crkvenog ruha\u201d. &hellip;<\/p>\n<p class=\"read-more\"> <a class=\"\" href=\"https:\/\/www.lepoglava.hr\/festival-cipke\/otvorena-izlozba-u-trakoscanu-cipka-kao-ukras-svjetovnog-i-crkvenog-ruha\/\"> <span class=\"screen-reader-text\">Otvorena izlo\u017eba u Trako\u0161\u0107anu: \u010cipka kao ukras svjetovnog i crkvenog ruha<\/span> Vi\u0161e \u00bb<\/a><\/p>\n","protected":false},"author":5,"featured_media":3545,"comment_status":"closed","ping_status":"open","sticky":false,"template":"","format":"standard","meta":{"site-sidebar-layout":"default","site-content-layout":"default","ast-global-header-display":"","ast-banner-title-visibility":"","ast-main-header-display":"","ast-hfb-above-header-display":"","ast-hfb-below-header-display":"","ast-hfb-mobile-header-display":"","site-post-title":"","ast-breadcrumbs-content":"","ast-featured-img":"","footer-sml-layout":"","theme-transparent-header-meta":"","adv-header-id-meta":"","stick-header-meta":"","header-above-stick-meta":"","header-main-stick-meta":"","header-below-stick-meta":"","pgc_sgb_lightbox_settings":""},"categories":[3],"tags":[],"yoast_head":"<!-- This site is optimized with the Yoast SEO plugin v20.11 - https:\/\/yoast.com\/wordpress\/plugins\/seo\/ -->\n<title>Otvorena izlo\u017eba u Trako\u0161\u0107anu: \u010cipka kao ukras svjetovnog i crkvenog ruha - 29. me\u0111unarodni festival \u010dipke<\/title>\n<meta name=\"robots\" content=\"index, follow, max-snippet:-1, max-image-preview:large, max-video-preview:-1\" \/>\n<link rel=\"canonical\" href=\"https:\/\/www.lepoglava.hr\/festival-cipke\/otvorena-izlozba-u-trakoscanu-cipka-kao-ukras-svjetovnog-i-crkvenog-ruha\/\" \/>\n<meta property=\"og:locale\" content=\"hr_HR\" \/>\n<meta property=\"og:type\" content=\"article\" \/>\n<meta property=\"og:title\" content=\"Otvorena izlo\u017eba u Trako\u0161\u0107anu: \u010cipka kao ukras svjetovnog i crkvenog ruha - 29. me\u0111unarodni festival \u010dipke\" \/>\n<meta property=\"og:description\" content=\"U dvorani obiteljskih portreta dvorca Trako\u0161\u0107an u \u010detvrtak, 11. rujna otvorena je izlo\u017eba \u201e\u010cipka kao ukras svjetovnog i crkvenog ruha\u201d. &hellip; Otvorena izlo\u017eba u Trako\u0161\u0107anu: \u010cipka kao ukras svjetovnog i crkvenog ruha Vi\u0161e \u00bb\" \/>\n<meta property=\"og:url\" content=\"https:\/\/www.lepoglava.hr\/festival-cipke\/otvorena-izlozba-u-trakoscanu-cipka-kao-ukras-svjetovnog-i-crkvenog-ruha\/\" \/>\n<meta property=\"og:site_name\" content=\"29. me\u0111unarodni festival \u010dipke\" \/>\n<meta property=\"article:published_time\" content=\"2025-09-12T10:38:17+00:00\" \/>\n<meta property=\"article:modified_time\" content=\"2025-09-12T10:38:18+00:00\" \/>\n<meta property=\"og:image\" content=\"https:\/\/www.lepoglava.hr\/festival-cipke\/wp-content\/uploads\/2025\/09\/t_8.jpg\" \/>\n\t<meta property=\"og:image:width\" content=\"1600\" \/>\n\t<meta property=\"og:image:height\" content=\"1065\" \/>\n\t<meta property=\"og:image:type\" content=\"image\/jpeg\" \/>\n<meta name=\"author\" content=\"ulimarus\" \/>\n<meta name=\"twitter:card\" content=\"summary_large_image\" \/>\n<meta name=\"twitter:label1\" content=\"Napisao\/la\" \/>\n\t<meta name=\"twitter:data1\" content=\"ulimarus\" \/>\n<script type=\"application\/ld+json\" class=\"yoast-schema-graph\">{\"@context\":\"https:\/\/schema.org\",\"@graph\":[{\"@type\":\"Article\",\"@id\":\"https:\/\/www.lepoglava.hr\/festival-cipke\/otvorena-izlozba-u-trakoscanu-cipka-kao-ukras-svjetovnog-i-crkvenog-ruha\/#article\",\"isPartOf\":{\"@id\":\"https:\/\/www.lepoglava.hr\/festival-cipke\/otvorena-izlozba-u-trakoscanu-cipka-kao-ukras-svjetovnog-i-crkvenog-ruha\/\"},\"author\":{\"name\":\"ulimarus\",\"@id\":\"https:\/\/www.lepoglava.hr\/festival-cipke\/#\/schema\/person\/afb90b44ec6c12f33e98a7f5c6c611e1\"},\"headline\":\"Otvorena izlo\u017eba u Trako\u0161\u0107anu: \u010cipka kao ukras svjetovnog i crkvenog ruha\",\"datePublished\":\"2025-09-12T10:38:17+00:00\",\"dateModified\":\"2025-09-12T10:38:18+00:00\",\"mainEntityOfPage\":{\"@id\":\"https:\/\/www.lepoglava.hr\/festival-cipke\/otvorena-izlozba-u-trakoscanu-cipka-kao-ukras-svjetovnog-i-crkvenog-ruha\/\"},\"wordCount\":371,\"publisher\":{\"@id\":\"https:\/\/www.lepoglava.hr\/festival-cipke\/#organization\"},\"articleSection\":[\"Novosti\"],\"inLanguage\":\"hr\"},{\"@type\":\"WebPage\",\"@id\":\"https:\/\/www.lepoglava.hr\/festival-cipke\/otvorena-izlozba-u-trakoscanu-cipka-kao-ukras-svjetovnog-i-crkvenog-ruha\/\",\"url\":\"https:\/\/www.lepoglava.hr\/festival-cipke\/otvorena-izlozba-u-trakoscanu-cipka-kao-ukras-svjetovnog-i-crkvenog-ruha\/\",\"name\":\"Otvorena izlo\u017eba u Trako\u0161\u0107anu: \u010cipka kao ukras svjetovnog i crkvenog ruha - 29. me\u0111unarodni festival \u010dipke\",\"isPartOf\":{\"@id\":\"https:\/\/www.lepoglava.hr\/festival-cipke\/#website\"},\"datePublished\":\"2025-09-12T10:38:17+00:00\",\"dateModified\":\"2025-09-12T10:38:18+00:00\",\"breadcrumb\":{\"@id\":\"https:\/\/www.lepoglava.hr\/festival-cipke\/otvorena-izlozba-u-trakoscanu-cipka-kao-ukras-svjetovnog-i-crkvenog-ruha\/#breadcrumb\"},\"inLanguage\":\"hr\",\"potentialAction\":[{\"@type\":\"ReadAction\",\"target\":[\"https:\/\/www.lepoglava.hr\/festival-cipke\/otvorena-izlozba-u-trakoscanu-cipka-kao-ukras-svjetovnog-i-crkvenog-ruha\/\"]}]},{\"@type\":\"BreadcrumbList\",\"@id\":\"https:\/\/www.lepoglava.hr\/festival-cipke\/otvorena-izlozba-u-trakoscanu-cipka-kao-ukras-svjetovnog-i-crkvenog-ruha\/#breadcrumb\",\"itemListElement\":[{\"@type\":\"ListItem\",\"position\":1,\"name\":\"Po\u010detna stranica\",\"item\":\"https:\/\/www.lepoglava.hr\/festival-cipke\/\"},{\"@type\":\"ListItem\",\"position\":2,\"name\":\"Otvorena izlo\u017eba u Trako\u0161\u0107anu: \u010cipka kao ukras svjetovnog i crkvenog ruha\"}]},{\"@type\":\"WebSite\",\"@id\":\"https:\/\/www.lepoglava.hr\/festival-cipke\/#website\",\"url\":\"https:\/\/www.lepoglava.hr\/festival-cipke\/\",\"name\":\"29. me\u0111unarodni festival \u010dipke\",\"description\":\"29. me\u0111unarodni festival \u010dipke - Lepoglava\",\"publisher\":{\"@id\":\"https:\/\/www.lepoglava.hr\/festival-cipke\/#organization\"},\"potentialAction\":[{\"@type\":\"SearchAction\",\"target\":{\"@type\":\"EntryPoint\",\"urlTemplate\":\"https:\/\/www.lepoglava.hr\/festival-cipke\/?s={search_term_string}\"},\"query-input\":\"required name=search_term_string\"}],\"inLanguage\":\"hr\"},{\"@type\":\"Organization\",\"@id\":\"https:\/\/www.lepoglava.hr\/festival-cipke\/#organization\",\"name\":\"Grad Lepoglava\",\"url\":\"https:\/\/www.lepoglava.hr\/festival-cipke\/\",\"logo\":{\"@type\":\"ImageObject\",\"inLanguage\":\"hr\",\"@id\":\"https:\/\/www.lepoglava.hr\/festival-cipke\/#\/schema\/logo\/image\/\",\"url\":\"https:\/\/www.lepoglava.hr\/festival-cipke\/wp-content\/uploads\/2020\/08\/lepoglava-logo.png\",\"contentUrl\":\"https:\/\/www.lepoglava.hr\/festival-cipke\/wp-content\/uploads\/2020\/08\/lepoglava-logo.png\",\"width\":202,\"height\":58,\"caption\":\"Grad Lepoglava\"},\"image\":{\"@id\":\"https:\/\/www.lepoglava.hr\/festival-cipke\/#\/schema\/logo\/image\/\"}},{\"@type\":\"Person\",\"@id\":\"https:\/\/www.lepoglava.hr\/festival-cipke\/#\/schema\/person\/afb90b44ec6c12f33e98a7f5c6c611e1\",\"name\":\"ulimarus\"}]}<\/script>\n<!-- \/ Yoast SEO plugin. -->","yoast_head_json":{"title":"Otvorena izlo\u017eba u Trako\u0161\u0107anu: \u010cipka kao ukras svjetovnog i crkvenog ruha - 29. me\u0111unarodni festival \u010dipke","robots":{"index":"index","follow":"follow","max-snippet":"max-snippet:-1","max-image-preview":"max-image-preview:large","max-video-preview":"max-video-preview:-1"},"canonical":"https:\/\/www.lepoglava.hr\/festival-cipke\/otvorena-izlozba-u-trakoscanu-cipka-kao-ukras-svjetovnog-i-crkvenog-ruha\/","og_locale":"hr_HR","og_type":"article","og_title":"Otvorena izlo\u017eba u Trako\u0161\u0107anu: \u010cipka kao ukras svjetovnog i crkvenog ruha - 29. me\u0111unarodni festival \u010dipke","og_description":"U dvorani obiteljskih portreta dvorca Trako\u0161\u0107an u \u010detvrtak, 11. rujna otvorena je izlo\u017eba \u201e\u010cipka kao ukras svjetovnog i crkvenog ruha\u201d. &hellip; Otvorena izlo\u017eba u Trako\u0161\u0107anu: \u010cipka kao ukras svjetovnog i crkvenog ruha Vi\u0161e \u00bb","og_url":"https:\/\/www.lepoglava.hr\/festival-cipke\/otvorena-izlozba-u-trakoscanu-cipka-kao-ukras-svjetovnog-i-crkvenog-ruha\/","og_site_name":"29. me\u0111unarodni festival \u010dipke","article_published_time":"2025-09-12T10:38:17+00:00","article_modified_time":"2025-09-12T10:38:18+00:00","og_image":[{"width":1600,"height":1065,"url":"https:\/\/www.lepoglava.hr\/festival-cipke\/wp-content\/uploads\/2025\/09\/t_8.jpg","type":"image\/jpeg"}],"author":"ulimarus","twitter_card":"summary_large_image","twitter_misc":{"Napisao\/la":"ulimarus"},"schema":{"@context":"https:\/\/schema.org","@graph":[{"@type":"Article","@id":"https:\/\/www.lepoglava.hr\/festival-cipke\/otvorena-izlozba-u-trakoscanu-cipka-kao-ukras-svjetovnog-i-crkvenog-ruha\/#article","isPartOf":{"@id":"https:\/\/www.lepoglava.hr\/festival-cipke\/otvorena-izlozba-u-trakoscanu-cipka-kao-ukras-svjetovnog-i-crkvenog-ruha\/"},"author":{"name":"ulimarus","@id":"https:\/\/www.lepoglava.hr\/festival-cipke\/#\/schema\/person\/afb90b44ec6c12f33e98a7f5c6c611e1"},"headline":"Otvorena izlo\u017eba u Trako\u0161\u0107anu: \u010cipka kao ukras svjetovnog i crkvenog ruha","datePublished":"2025-09-12T10:38:17+00:00","dateModified":"2025-09-12T10:38:18+00:00","mainEntityOfPage":{"@id":"https:\/\/www.lepoglava.hr\/festival-cipke\/otvorena-izlozba-u-trakoscanu-cipka-kao-ukras-svjetovnog-i-crkvenog-ruha\/"},"wordCount":371,"publisher":{"@id":"https:\/\/www.lepoglava.hr\/festival-cipke\/#organization"},"articleSection":["Novosti"],"inLanguage":"hr"},{"@type":"WebPage","@id":"https:\/\/www.lepoglava.hr\/festival-cipke\/otvorena-izlozba-u-trakoscanu-cipka-kao-ukras-svjetovnog-i-crkvenog-ruha\/","url":"https:\/\/www.lepoglava.hr\/festival-cipke\/otvorena-izlozba-u-trakoscanu-cipka-kao-ukras-svjetovnog-i-crkvenog-ruha\/","name":"Otvorena izlo\u017eba u Trako\u0161\u0107anu: \u010cipka kao ukras svjetovnog i crkvenog ruha - 29. me\u0111unarodni festival \u010dipke","isPartOf":{"@id":"https:\/\/www.lepoglava.hr\/festival-cipke\/#website"},"datePublished":"2025-09-12T10:38:17+00:00","dateModified":"2025-09-12T10:38:18+00:00","breadcrumb":{"@id":"https:\/\/www.lepoglava.hr\/festival-cipke\/otvorena-izlozba-u-trakoscanu-cipka-kao-ukras-svjetovnog-i-crkvenog-ruha\/#breadcrumb"},"inLanguage":"hr","potentialAction":[{"@type":"ReadAction","target":["https:\/\/www.lepoglava.hr\/festival-cipke\/otvorena-izlozba-u-trakoscanu-cipka-kao-ukras-svjetovnog-i-crkvenog-ruha\/"]}]},{"@type":"BreadcrumbList","@id":"https:\/\/www.lepoglava.hr\/festival-cipke\/otvorena-izlozba-u-trakoscanu-cipka-kao-ukras-svjetovnog-i-crkvenog-ruha\/#breadcrumb","itemListElement":[{"@type":"ListItem","position":1,"name":"Po\u010detna stranica","item":"https:\/\/www.lepoglava.hr\/festival-cipke\/"},{"@type":"ListItem","position":2,"name":"Otvorena izlo\u017eba u Trako\u0161\u0107anu: \u010cipka kao ukras svjetovnog i crkvenog ruha"}]},{"@type":"WebSite","@id":"https:\/\/www.lepoglava.hr\/festival-cipke\/#website","url":"https:\/\/www.lepoglava.hr\/festival-cipke\/","name":"29. me\u0111unarodni festival \u010dipke","description":"29. me\u0111unarodni festival \u010dipke - Lepoglava","publisher":{"@id":"https:\/\/www.lepoglava.hr\/festival-cipke\/#organization"},"potentialAction":[{"@type":"SearchAction","target":{"@type":"EntryPoint","urlTemplate":"https:\/\/www.lepoglava.hr\/festival-cipke\/?s={search_term_string}"},"query-input":"required name=search_term_string"}],"inLanguage":"hr"},{"@type":"Organization","@id":"https:\/\/www.lepoglava.hr\/festival-cipke\/#organization","name":"Grad Lepoglava","url":"https:\/\/www.lepoglava.hr\/festival-cipke\/","logo":{"@type":"ImageObject","inLanguage":"hr","@id":"https:\/\/www.lepoglava.hr\/festival-cipke\/#\/schema\/logo\/image\/","url":"https:\/\/www.lepoglava.hr\/festival-cipke\/wp-content\/uploads\/2020\/08\/lepoglava-logo.png","contentUrl":"https:\/\/www.lepoglava.hr\/festival-cipke\/wp-content\/uploads\/2020\/08\/lepoglava-logo.png","width":202,"height":58,"caption":"Grad Lepoglava"},"image":{"@id":"https:\/\/www.lepoglava.hr\/festival-cipke\/#\/schema\/logo\/image\/"}},{"@type":"Person","@id":"https:\/\/www.lepoglava.hr\/festival-cipke\/#\/schema\/person\/afb90b44ec6c12f33e98a7f5c6c611e1","name":"ulimarus"}]}},"_links":{"self":[{"href":"https:\/\/www.lepoglava.hr\/festival-cipke\/wp-json\/wp\/v2\/posts\/3542"}],"collection":[{"href":"https:\/\/www.lepoglava.hr\/festival-cipke\/wp-json\/wp\/v2\/posts"}],"about":[{"href":"https:\/\/www.lepoglava.hr\/festival-cipke\/wp-json\/wp\/v2\/types\/post"}],"author":[{"embeddable":true,"href":"https:\/\/www.lepoglava.hr\/festival-cipke\/wp-json\/wp\/v2\/users\/5"}],"replies":[{"embeddable":true,"href":"https:\/\/www.lepoglava.hr\/festival-cipke\/wp-json\/wp\/v2\/comments?post=3542"}],"version-history":[{"count":3,"href":"https:\/\/www.lepoglava.hr\/festival-cipke\/wp-json\/wp\/v2\/posts\/3542\/revisions"}],"predecessor-version":[{"id":3551,"href":"https:\/\/www.lepoglava.hr\/festival-cipke\/wp-json\/wp\/v2\/posts\/3542\/revisions\/3551"}],"wp:featuredmedia":[{"embeddable":true,"href":"https:\/\/www.lepoglava.hr\/festival-cipke\/wp-json\/wp\/v2\/media\/3545"}],"wp:attachment":[{"href":"https:\/\/www.lepoglava.hr\/festival-cipke\/wp-json\/wp\/v2\/media?parent=3542"}],"wp:term":[{"taxonomy":"category","embeddable":true,"href":"https:\/\/www.lepoglava.hr\/festival-cipke\/wp-json\/wp\/v2\/categories?post=3542"},{"taxonomy":"post_tag","embeddable":true,"href":"https:\/\/www.lepoglava.hr\/festival-cipke\/wp-json\/wp\/v2\/tags?post=3542"}],"curies":[{"name":"wp","href":"https:\/\/api.w.org\/{rel}","templated":true}]}}