{"id":3552,"date":"2025-09-13T10:42:47","date_gmt":"2025-09-13T10:42:47","guid":{"rendered":"https:\/\/www.lepoglava.hr\/festival-cipke\/?p=3552"},"modified":"2025-09-13T10:44:45","modified_gmt":"2025-09-13T10:44:45","slug":"svecano-otvoren-29-medunarodni-festival-cipke-cipka-nastaje-u-tisini-ali-glasno-govori-o-kulturi-povijesti-i-zenskoj-snazi","status":"publish","type":"post","link":"https:\/\/www.lepoglava.hr\/festival-cipke\/svecano-otvoren-29-medunarodni-festival-cipke-cipka-nastaje-u-tisini-ali-glasno-govori-o-kulturi-povijesti-i-zenskoj-snazi\/","title":{"rendered":"Sve\u010dano otvoren 29. Me\u0111unarodni festival \u010dipke: \u010cipka nastaje u ti\u0161ini, ali glasno govori o kulturi, povijesti i \u017eenskoj snazi"},"content":{"rendered":"\n<p><strong>Podizanjem festivalske zastave, uza zvuke fanfara, u Lepoglavi je u petak, 12. rujna, sve\u010dano otvoren 29. Me\u0111unarodni festival \u010dipke, na kojem \u0107e posjetitelji u tri festivalska dana mo\u0107i razgledati neke od najljep\u0161ih primjeraka \u010dipke iz jedanaest europskih zemalja, me\u0111u kojima su i najljep\u0161i primjerci dobrotske \u010dipke iz Crne Gore, ovogodi\u0161nje zemlje &#8211; partnera festivala \u010dipke u Lepoglavi.<\/strong><\/p>\n\n\n\n<figure class=\"wp-block-gallery has-nested-images columns-default is-cropped wp-block-gallery-1 is-layout-flex\">\n<figure class=\"wp-block-image size-large\"><a href=\"https:\/\/www.lepoglava.hr\/festival-cipke\/wp-content\/uploads\/2025\/09\/festival_cipka_lep_04_12092025_photocopyright-by-darko-gorenak-godar.jpg\"><img decoding=\"async\" loading=\"lazy\" width=\"1024\" height=\"683\" data-id=\"3558\"  src=\"https:\/\/www.lepoglava.hr\/festival-cipke\/wp-content\/uploads\/2025\/09\/festival_cipka_lep_04_12092025_photocopyright-by-darko-gorenak-godar-1024x683.jpg\" alt=\"\" class=\"wp-image-3558\" srcset=\"https:\/\/www.lepoglava.hr\/festival-cipke\/wp-content\/uploads\/2025\/09\/festival_cipka_lep_04_12092025_photocopyright-by-darko-gorenak-godar-1024x683.jpg 1024w, https:\/\/www.lepoglava.hr\/festival-cipke\/wp-content\/uploads\/2025\/09\/festival_cipka_lep_04_12092025_photocopyright-by-darko-gorenak-godar-300x200.jpg 300w, https:\/\/www.lepoglava.hr\/festival-cipke\/wp-content\/uploads\/2025\/09\/festival_cipka_lep_04_12092025_photocopyright-by-darko-gorenak-godar-768x512.jpg 768w, https:\/\/www.lepoglava.hr\/festival-cipke\/wp-content\/uploads\/2025\/09\/festival_cipka_lep_04_12092025_photocopyright-by-darko-gorenak-godar-1536x1024.jpg 1536w, https:\/\/www.lepoglava.hr\/festival-cipke\/wp-content\/uploads\/2025\/09\/festival_cipka_lep_04_12092025_photocopyright-by-darko-gorenak-godar.jpg 1920w\" sizes=\"(max-width: 1024px) 100vw, 1024px\" \/><\/a><\/figure>\n\n\n\n<figure class=\"wp-block-image size-large\"><a href=\"https:\/\/www.lepoglava.hr\/festival-cipke\/wp-content\/uploads\/2025\/09\/festival_cipka_lep_02_12092025_photocopyright-by-darko-gorenak-godar.jpg\"><img decoding=\"async\" loading=\"lazy\" width=\"1024\" height=\"683\" data-id=\"3556\"  src=\"https:\/\/www.lepoglava.hr\/festival-cipke\/wp-content\/uploads\/2025\/09\/festival_cipka_lep_02_12092025_photocopyright-by-darko-gorenak-godar-1024x683.jpg\" alt=\"\" class=\"wp-image-3556\" srcset=\"https:\/\/www.lepoglava.hr\/festival-cipke\/wp-content\/uploads\/2025\/09\/festival_cipka_lep_02_12092025_photocopyright-by-darko-gorenak-godar-1024x683.jpg 1024w, https:\/\/www.lepoglava.hr\/festival-cipke\/wp-content\/uploads\/2025\/09\/festival_cipka_lep_02_12092025_photocopyright-by-darko-gorenak-godar-300x200.jpg 300w, https:\/\/www.lepoglava.hr\/festival-cipke\/wp-content\/uploads\/2025\/09\/festival_cipka_lep_02_12092025_photocopyright-by-darko-gorenak-godar-768x512.jpg 768w, https:\/\/www.lepoglava.hr\/festival-cipke\/wp-content\/uploads\/2025\/09\/festival_cipka_lep_02_12092025_photocopyright-by-darko-gorenak-godar-1536x1024.jpg 1536w, https:\/\/www.lepoglava.hr\/festival-cipke\/wp-content\/uploads\/2025\/09\/festival_cipka_lep_02_12092025_photocopyright-by-darko-gorenak-godar.jpg 1920w\" sizes=\"(max-width: 1024px) 100vw, 1024px\" \/><\/a><\/figure>\n\n\n\n<figure class=\"wp-block-image size-large\"><a href=\"https:\/\/www.lepoglava.hr\/festival-cipke\/wp-content\/uploads\/2025\/09\/festival_cipka_lep_03_12092025_photocopyright-by-darko-gorenak-godar.jpg\"><img decoding=\"async\" loading=\"lazy\" width=\"1024\" height=\"683\" data-id=\"3557\"  src=\"https:\/\/www.lepoglava.hr\/festival-cipke\/wp-content\/uploads\/2025\/09\/festival_cipka_lep_03_12092025_photocopyright-by-darko-gorenak-godar-1024x683.jpg\" alt=\"\" class=\"wp-image-3557\" srcset=\"https:\/\/www.lepoglava.hr\/festival-cipke\/wp-content\/uploads\/2025\/09\/festival_cipka_lep_03_12092025_photocopyright-by-darko-gorenak-godar-1024x683.jpg 1024w, https:\/\/www.lepoglava.hr\/festival-cipke\/wp-content\/uploads\/2025\/09\/festival_cipka_lep_03_12092025_photocopyright-by-darko-gorenak-godar-300x200.jpg 300w, https:\/\/www.lepoglava.hr\/festival-cipke\/wp-content\/uploads\/2025\/09\/festival_cipka_lep_03_12092025_photocopyright-by-darko-gorenak-godar-768x512.jpg 768w, https:\/\/www.lepoglava.hr\/festival-cipke\/wp-content\/uploads\/2025\/09\/festival_cipka_lep_03_12092025_photocopyright-by-darko-gorenak-godar-1536x1025.jpg 1536w, https:\/\/www.lepoglava.hr\/festival-cipke\/wp-content\/uploads\/2025\/09\/festival_cipka_lep_03_12092025_photocopyright-by-darko-gorenak-godar.jpg 1920w\" sizes=\"(max-width: 1024px) 100vw, 1024px\" \/><\/a><\/figure>\n\n\n\n<figure class=\"wp-block-image size-large\"><a href=\"https:\/\/www.lepoglava.hr\/festival-cipke\/wp-content\/uploads\/2025\/09\/festival_cipka_lep_08_12092025_photocopyright-by-darko-gorenak-godar.jpg\"><img decoding=\"async\" loading=\"lazy\" width=\"1024\" height=\"683\" data-id=\"3562\"  src=\"https:\/\/www.lepoglava.hr\/festival-cipke\/wp-content\/uploads\/2025\/09\/festival_cipka_lep_08_12092025_photocopyright-by-darko-gorenak-godar-1024x683.jpg\" alt=\"\" class=\"wp-image-3562\" srcset=\"https:\/\/www.lepoglava.hr\/festival-cipke\/wp-content\/uploads\/2025\/09\/festival_cipka_lep_08_12092025_photocopyright-by-darko-gorenak-godar-1024x683.jpg 1024w, https:\/\/www.lepoglava.hr\/festival-cipke\/wp-content\/uploads\/2025\/09\/festival_cipka_lep_08_12092025_photocopyright-by-darko-gorenak-godar-300x200.jpg 300w, https:\/\/www.lepoglava.hr\/festival-cipke\/wp-content\/uploads\/2025\/09\/festival_cipka_lep_08_12092025_photocopyright-by-darko-gorenak-godar-768x512.jpg 768w, https:\/\/www.lepoglava.hr\/festival-cipke\/wp-content\/uploads\/2025\/09\/festival_cipka_lep_08_12092025_photocopyright-by-darko-gorenak-godar-1536x1025.jpg 1536w, https:\/\/www.lepoglava.hr\/festival-cipke\/wp-content\/uploads\/2025\/09\/festival_cipka_lep_08_12092025_photocopyright-by-darko-gorenak-godar.jpg 1920w\" sizes=\"(max-width: 1024px) 100vw, 1024px\" \/><\/a><\/figure>\n\n\n\n<figure class=\"wp-block-image size-large\"><a href=\"https:\/\/www.lepoglava.hr\/festival-cipke\/wp-content\/uploads\/2025\/09\/festival_cipka_lep_09_12092025_photocopyright-by-darko-gorenak-godar.jpg\"><img decoding=\"async\" loading=\"lazy\" width=\"1024\" height=\"683\" data-id=\"3563\"  src=\"https:\/\/www.lepoglava.hr\/festival-cipke\/wp-content\/uploads\/2025\/09\/festival_cipka_lep_09_12092025_photocopyright-by-darko-gorenak-godar-1024x683.jpg\" alt=\"\" class=\"wp-image-3563\" srcset=\"https:\/\/www.lepoglava.hr\/festival-cipke\/wp-content\/uploads\/2025\/09\/festival_cipka_lep_09_12092025_photocopyright-by-darko-gorenak-godar-1024x683.jpg 1024w, https:\/\/www.lepoglava.hr\/festival-cipke\/wp-content\/uploads\/2025\/09\/festival_cipka_lep_09_12092025_photocopyright-by-darko-gorenak-godar-300x200.jpg 300w, https:\/\/www.lepoglava.hr\/festival-cipke\/wp-content\/uploads\/2025\/09\/festival_cipka_lep_09_12092025_photocopyright-by-darko-gorenak-godar-768x512.jpg 768w, https:\/\/www.lepoglava.hr\/festival-cipke\/wp-content\/uploads\/2025\/09\/festival_cipka_lep_09_12092025_photocopyright-by-darko-gorenak-godar-1536x1024.jpg 1536w, https:\/\/www.lepoglava.hr\/festival-cipke\/wp-content\/uploads\/2025\/09\/festival_cipka_lep_09_12092025_photocopyright-by-darko-gorenak-godar.jpg 1920w\" sizes=\"(max-width: 1024px) 100vw, 1024px\" \/><\/a><\/figure>\n\n\n\n<figure class=\"wp-block-image size-large\"><a href=\"https:\/\/www.lepoglava.hr\/festival-cipke\/wp-content\/uploads\/2025\/09\/festival_cipka_lep_10_12092025_photocopyright-by-darko-gorenak-godar.jpg\"><img decoding=\"async\" loading=\"lazy\" width=\"1024\" height=\"683\" data-id=\"3564\"  src=\"https:\/\/www.lepoglava.hr\/festival-cipke\/wp-content\/uploads\/2025\/09\/festival_cipka_lep_10_12092025_photocopyright-by-darko-gorenak-godar-1024x683.jpg\" alt=\"\" class=\"wp-image-3564\" srcset=\"https:\/\/www.lepoglava.hr\/festival-cipke\/wp-content\/uploads\/2025\/09\/festival_cipka_lep_10_12092025_photocopyright-by-darko-gorenak-godar-1024x683.jpg 1024w, https:\/\/www.lepoglava.hr\/festival-cipke\/wp-content\/uploads\/2025\/09\/festival_cipka_lep_10_12092025_photocopyright-by-darko-gorenak-godar-300x200.jpg 300w, https:\/\/www.lepoglava.hr\/festival-cipke\/wp-content\/uploads\/2025\/09\/festival_cipka_lep_10_12092025_photocopyright-by-darko-gorenak-godar-768x512.jpg 768w, https:\/\/www.lepoglava.hr\/festival-cipke\/wp-content\/uploads\/2025\/09\/festival_cipka_lep_10_12092025_photocopyright-by-darko-gorenak-godar-1536x1024.jpg 1536w, https:\/\/www.lepoglava.hr\/festival-cipke\/wp-content\/uploads\/2025\/09\/festival_cipka_lep_10_12092025_photocopyright-by-darko-gorenak-godar.jpg 1920w\" sizes=\"(max-width: 1024px) 100vw, 1024px\" \/><\/a><\/figure>\n\n\n\n<figure class=\"wp-block-image size-large\"><a href=\"https:\/\/www.lepoglava.hr\/festival-cipke\/wp-content\/uploads\/2025\/09\/festival_cipka_lep_11_12092025_photocopyright-by-darko-gorenak-godar.jpg\"><img decoding=\"async\" loading=\"lazy\" width=\"1024\" height=\"683\" data-id=\"3565\"  src=\"https:\/\/www.lepoglava.hr\/festival-cipke\/wp-content\/uploads\/2025\/09\/festival_cipka_lep_11_12092025_photocopyright-by-darko-gorenak-godar-1024x683.jpg\" alt=\"\" class=\"wp-image-3565\" srcset=\"https:\/\/www.lepoglava.hr\/festival-cipke\/wp-content\/uploads\/2025\/09\/festival_cipka_lep_11_12092025_photocopyright-by-darko-gorenak-godar-1024x683.jpg 1024w, https:\/\/www.lepoglava.hr\/festival-cipke\/wp-content\/uploads\/2025\/09\/festival_cipka_lep_11_12092025_photocopyright-by-darko-gorenak-godar-300x200.jpg 300w, https:\/\/www.lepoglava.hr\/festival-cipke\/wp-content\/uploads\/2025\/09\/festival_cipka_lep_11_12092025_photocopyright-by-darko-gorenak-godar-768x512.jpg 768w, https:\/\/www.lepoglava.hr\/festival-cipke\/wp-content\/uploads\/2025\/09\/festival_cipka_lep_11_12092025_photocopyright-by-darko-gorenak-godar-1536x1024.jpg 1536w, https:\/\/www.lepoglava.hr\/festival-cipke\/wp-content\/uploads\/2025\/09\/festival_cipka_lep_11_12092025_photocopyright-by-darko-gorenak-godar.jpg 1920w\" sizes=\"(max-width: 1024px) 100vw, 1024px\" \/><\/a><\/figure>\n\n\n\n<figure class=\"wp-block-image size-large\"><a href=\"https:\/\/www.lepoglava.hr\/festival-cipke\/wp-content\/uploads\/2025\/09\/festival_cipka_lep_12_12092025_photocopyright-by-darko-gorenak-godar.jpg\"><img decoding=\"async\" loading=\"lazy\" width=\"1024\" height=\"683\" data-id=\"3566\"  src=\"https:\/\/www.lepoglava.hr\/festival-cipke\/wp-content\/uploads\/2025\/09\/festival_cipka_lep_12_12092025_photocopyright-by-darko-gorenak-godar-1024x683.jpg\" alt=\"\" class=\"wp-image-3566\" srcset=\"https:\/\/www.lepoglava.hr\/festival-cipke\/wp-content\/uploads\/2025\/09\/festival_cipka_lep_12_12092025_photocopyright-by-darko-gorenak-godar-1024x683.jpg 1024w, https:\/\/www.lepoglava.hr\/festival-cipke\/wp-content\/uploads\/2025\/09\/festival_cipka_lep_12_12092025_photocopyright-by-darko-gorenak-godar-300x200.jpg 300w, https:\/\/www.lepoglava.hr\/festival-cipke\/wp-content\/uploads\/2025\/09\/festival_cipka_lep_12_12092025_photocopyright-by-darko-gorenak-godar-768x512.jpg 768w, https:\/\/www.lepoglava.hr\/festival-cipke\/wp-content\/uploads\/2025\/09\/festival_cipka_lep_12_12092025_photocopyright-by-darko-gorenak-godar-1536x1024.jpg 1536w, https:\/\/www.lepoglava.hr\/festival-cipke\/wp-content\/uploads\/2025\/09\/festival_cipka_lep_12_12092025_photocopyright-by-darko-gorenak-godar.jpg 1920w\" sizes=\"(max-width: 1024px) 100vw, 1024px\" \/><\/a><\/figure>\n\n\n\n<figure class=\"wp-block-image size-large\"><a href=\"https:\/\/www.lepoglava.hr\/festival-cipke\/wp-content\/uploads\/2025\/09\/festival_cipka_lep_05_12092025_photocopyright-by-darko-gorenak-godar.jpg\"><img decoding=\"async\" loading=\"lazy\" width=\"1024\" height=\"683\" data-id=\"3559\"  src=\"https:\/\/www.lepoglava.hr\/festival-cipke\/wp-content\/uploads\/2025\/09\/festival_cipka_lep_05_12092025_photocopyright-by-darko-gorenak-godar-1024x683.jpg\" alt=\"\" class=\"wp-image-3559\" srcset=\"https:\/\/www.lepoglava.hr\/festival-cipke\/wp-content\/uploads\/2025\/09\/festival_cipka_lep_05_12092025_photocopyright-by-darko-gorenak-godar-1024x683.jpg 1024w, https:\/\/www.lepoglava.hr\/festival-cipke\/wp-content\/uploads\/2025\/09\/festival_cipka_lep_05_12092025_photocopyright-by-darko-gorenak-godar-300x200.jpg 300w, https:\/\/www.lepoglava.hr\/festival-cipke\/wp-content\/uploads\/2025\/09\/festival_cipka_lep_05_12092025_photocopyright-by-darko-gorenak-godar-768x512.jpg 768w, https:\/\/www.lepoglava.hr\/festival-cipke\/wp-content\/uploads\/2025\/09\/festival_cipka_lep_05_12092025_photocopyright-by-darko-gorenak-godar-1536x1024.jpg 1536w, https:\/\/www.lepoglava.hr\/festival-cipke\/wp-content\/uploads\/2025\/09\/festival_cipka_lep_05_12092025_photocopyright-by-darko-gorenak-godar.jpg 1920w\" sizes=\"(max-width: 1024px) 100vw, 1024px\" \/><\/a><\/figure>\n<\/figure>\n\n\n\n<p>Gradona\u010delnik Lepoglave <strong>\u017deljko \u0160o\u0161tari\u0107 <\/strong>istaknuo je na sve\u010danom otvorenju festivala kako je Lepoglava &#8211; grad \u010dipke i \u010dipkarstva, \u201ezibelka belih fratrov, zibelka sega kraja i zibelka \u0161lingeraja\u201c, povijesno mjesto bogatog kulturnog naslje\u0111a, vrijedne povijesne arhitekture i prirodnih znamenitosti.<\/p>\n\n\n\n<p>&#8211; Lepoglava je mali grad koji se mo\u017ee podi\u010diti vrijednom povije\u0161\u0107u i vrijednom ba\u0161tinom, upravo onom koja nas je ve\u010deras ovdje okupila kako bismo iznova proslavili umjetnost \u010dipkarstva i zahvalili onima koji ovo vrijedno umije\u0107e \u010duvaju i prenose s koljena na koljeno. Na vrijednoj ba\u0161tini pavlina izraslo je i lepoglavsko \u010dipkarstvo, koje ima dugu i slavnu tradiciju. Jo\u0161 je na Svjetskoj izlo\u017ebi u Parizu daleke 1937. godine lepoglavska \u010dipka nagra\u0111ena zlatnom medaljom, a 1939. godine u Berlinu dodijeljena joj je bron\u010dana medalja. Lepoglavska \u010dipka je 2009. godine uvr\u0161tena na Reprezentativnu listu nematerijalne kulturne ba\u0161tine UNESCO-a. Od \u010dipke su nekada \u017eivjele generacije seoskih djevojaka i \u017eena iz lepoglavskog kraja. Kada \u017eene ovdje izra\u0111uju \u010dipku ka\u017eu da \u201eidu dedeke rediti\u201c. Izrada lepoglavske \u010dipke je izuzetno slo\u017eena vje\u0161tina, kojom na\u0161e \u010dipkarice, premetanjem bati\u0107a stvaraju neponovljivu simfoniju umjetnosti i od zaborava \u010duvaju to vrijedno umije\u0107e. Zato je ovo prilika da ponovo zahvalim na\u0161im dragim \u010dipkaricama ali i da najavim kako \u0107e Grad Lepoglava i dalje pru\u017eati svu mogu\u0107u potporu za daljnji razvitak i o\u010duvanje lepoglavskog \u010dipkarstva \u2013 istaknuo je na sve\u010danom otvorenju 29. Me\u0111unarodnog festivala \u010dipke gradona\u010delnik Lepoglave \u017deljko \u0160o\u0161tari\u0107, koji je za\u017eelio dobrodo\u0161licu \u010dipkaricama iz 11 europskih zemalja koje \u0107e na festivalu izlo\u017eiti neke od najljep\u0161ih primjeraka europskih \u010dipaka.<\/p>\n\n\n\n<p>Gradona\u010delnik \u017deljko \u0160o\u0161tari\u0107 posebno je zahvalio Crnoj Gori, ovogodi\u0161njoj zemlji \u2013 partneru Me\u0111unarodnog festivala \u010dipke te visokom pokrovitelju festivala \u2013 predsjedniku Republike <strong>Zoranu Milanovi\u0107u, <\/strong>Vladi Republike Hrvatske te svim pokroviteljima ovog renomiranog europskog festivala \u010dipke.<\/p>\n\n\n\n<p>Univerzalnu ljepotu lepoglavske \u010dipke istaknuo je <strong>Marijan \u0160kvari\u0107<\/strong>, izaslanik \u017eupana Vara\u017edinske \u017eupanije <strong>An\u0111elka Stri\u010daka.<\/strong><\/p>\n\n\n\n<p>-\u010cipka je simbol na\u0161eg identiteta, na\u0161a posebnost i doprinos svjetskoj kulturnoj riznici. Ona je prava kraljica me\u0111u na\u0161im kulturnim dobrima. Vara\u017edinska \u017eupanija je svjesna te vrijednosti pa je samo ove godine za programe javnih potreba u kulturi izdvojila gotovo 330 tisu\u0107a eura, dvostruko vi\u0161e nego prije \u010detiri godine. Korisnici tih sredstava su i lepoglavske udruge u kulturi. Vara\u017edinska \u017eupanija provodi i niz va\u017enih projekata, obnovljen je dvorac Opeka, priprema se i obnova dvorca \u0160aulovec, u pripremi je i dokumentacija za obnovu dvorca Bela a u planu je i obnova vara\u017edinske pala\u010de Erd\u00f6dy. U planu je ure\u0111enje i cijelog niza interpretacijskih centara, od spilje Vindija i Vara\u017edinskih Toplica do Gaveznice u Lepoglavi. Ti \u0107e centri privu\u0107i nove posjetitelje i omogu\u0107iti im da kroz jedinstveno iskustvo bolje upoznaju vrijedno lokalno naslje\u0111e \u2013 rekao je na sve\u010danom otvorenju Marijan \u0160kvari\u0107, izaslanik \u017eupana Vara\u017edinske \u017eupanije.<\/p>\n\n\n\n<figure class=\"wp-block-gallery has-nested-images columns-4 is-cropped wp-block-gallery-3 is-layout-flex\">\n<figure class=\"wp-block-image size-large\"><a href=\"https:\/\/www.lepoglava.hr\/festival-cipke\/wp-content\/uploads\/2025\/09\/festival_cipka_lep_24_12092025_photocopyright-by-darko-gorenak-godar.jpg\"><img decoding=\"async\" loading=\"lazy\" width=\"1024\" height=\"683\" data-id=\"3578\"  src=\"https:\/\/www.lepoglava.hr\/festival-cipke\/wp-content\/uploads\/2025\/09\/festival_cipka_lep_24_12092025_photocopyright-by-darko-gorenak-godar-1024x683.jpg\" alt=\"\" class=\"wp-image-3578\" srcset=\"https:\/\/www.lepoglava.hr\/festival-cipke\/wp-content\/uploads\/2025\/09\/festival_cipka_lep_24_12092025_photocopyright-by-darko-gorenak-godar-1024x683.jpg 1024w, https:\/\/www.lepoglava.hr\/festival-cipke\/wp-content\/uploads\/2025\/09\/festival_cipka_lep_24_12092025_photocopyright-by-darko-gorenak-godar-300x200.jpg 300w, https:\/\/www.lepoglava.hr\/festival-cipke\/wp-content\/uploads\/2025\/09\/festival_cipka_lep_24_12092025_photocopyright-by-darko-gorenak-godar-768x512.jpg 768w, https:\/\/www.lepoglava.hr\/festival-cipke\/wp-content\/uploads\/2025\/09\/festival_cipka_lep_24_12092025_photocopyright-by-darko-gorenak-godar-1536x1024.jpg 1536w, https:\/\/www.lepoglava.hr\/festival-cipke\/wp-content\/uploads\/2025\/09\/festival_cipka_lep_24_12092025_photocopyright-by-darko-gorenak-godar.jpg 1920w\" sizes=\"(max-width: 1024px) 100vw, 1024px\" \/><\/a><\/figure>\n\n\n\n<figure class=\"wp-block-image size-large\"><a href=\"https:\/\/www.lepoglava.hr\/festival-cipke\/wp-content\/uploads\/2025\/09\/festival_cipka_lep_20_12092025_photocopyright-by-darko-gorenak-godar.jpg\"><img decoding=\"async\" loading=\"lazy\" width=\"1024\" height=\"683\" data-id=\"3574\"  src=\"https:\/\/www.lepoglava.hr\/festival-cipke\/wp-content\/uploads\/2025\/09\/festival_cipka_lep_20_12092025_photocopyright-by-darko-gorenak-godar-1024x683.jpg\" alt=\"\" class=\"wp-image-3574\" srcset=\"https:\/\/www.lepoglava.hr\/festival-cipke\/wp-content\/uploads\/2025\/09\/festival_cipka_lep_20_12092025_photocopyright-by-darko-gorenak-godar-1024x683.jpg 1024w, https:\/\/www.lepoglava.hr\/festival-cipke\/wp-content\/uploads\/2025\/09\/festival_cipka_lep_20_12092025_photocopyright-by-darko-gorenak-godar-300x200.jpg 300w, https:\/\/www.lepoglava.hr\/festival-cipke\/wp-content\/uploads\/2025\/09\/festival_cipka_lep_20_12092025_photocopyright-by-darko-gorenak-godar-768x512.jpg 768w, https:\/\/www.lepoglava.hr\/festival-cipke\/wp-content\/uploads\/2025\/09\/festival_cipka_lep_20_12092025_photocopyright-by-darko-gorenak-godar-1536x1024.jpg 1536w, https:\/\/www.lepoglava.hr\/festival-cipke\/wp-content\/uploads\/2025\/09\/festival_cipka_lep_20_12092025_photocopyright-by-darko-gorenak-godar.jpg 1920w\" sizes=\"(max-width: 1024px) 100vw, 1024px\" \/><\/a><\/figure>\n\n\n\n<figure class=\"wp-block-image size-large\"><a href=\"https:\/\/www.lepoglava.hr\/festival-cipke\/wp-content\/uploads\/2025\/09\/festival_cipka_lep_21_12092025_photocopyright-by-darko-gorenak-godar.jpg\"><img decoding=\"async\" loading=\"lazy\" width=\"1024\" height=\"683\" data-id=\"3575\"  src=\"https:\/\/www.lepoglava.hr\/festival-cipke\/wp-content\/uploads\/2025\/09\/festival_cipka_lep_21_12092025_photocopyright-by-darko-gorenak-godar-1024x683.jpg\" alt=\"\" class=\"wp-image-3575\" srcset=\"https:\/\/www.lepoglava.hr\/festival-cipke\/wp-content\/uploads\/2025\/09\/festival_cipka_lep_21_12092025_photocopyright-by-darko-gorenak-godar-1024x683.jpg 1024w, https:\/\/www.lepoglava.hr\/festival-cipke\/wp-content\/uploads\/2025\/09\/festival_cipka_lep_21_12092025_photocopyright-by-darko-gorenak-godar-300x200.jpg 300w, https:\/\/www.lepoglava.hr\/festival-cipke\/wp-content\/uploads\/2025\/09\/festival_cipka_lep_21_12092025_photocopyright-by-darko-gorenak-godar-768x512.jpg 768w, https:\/\/www.lepoglava.hr\/festival-cipke\/wp-content\/uploads\/2025\/09\/festival_cipka_lep_21_12092025_photocopyright-by-darko-gorenak-godar-1536x1024.jpg 1536w, https:\/\/www.lepoglava.hr\/festival-cipke\/wp-content\/uploads\/2025\/09\/festival_cipka_lep_21_12092025_photocopyright-by-darko-gorenak-godar.jpg 1920w\" sizes=\"(max-width: 1024px) 100vw, 1024px\" \/><\/a><\/figure>\n\n\n\n<figure class=\"wp-block-image size-large\"><a href=\"https:\/\/www.lepoglava.hr\/festival-cipke\/wp-content\/uploads\/2025\/09\/festival_cipka_lep_19_12092025_photocopyright-by-darko-gorenak-godar.jpg\"><img decoding=\"async\" loading=\"lazy\" width=\"1024\" height=\"683\" data-id=\"3573\"  src=\"https:\/\/www.lepoglava.hr\/festival-cipke\/wp-content\/uploads\/2025\/09\/festival_cipka_lep_19_12092025_photocopyright-by-darko-gorenak-godar-1024x683.jpg\" alt=\"\" class=\"wp-image-3573\" srcset=\"https:\/\/www.lepoglava.hr\/festival-cipke\/wp-content\/uploads\/2025\/09\/festival_cipka_lep_19_12092025_photocopyright-by-darko-gorenak-godar-1024x683.jpg 1024w, https:\/\/www.lepoglava.hr\/festival-cipke\/wp-content\/uploads\/2025\/09\/festival_cipka_lep_19_12092025_photocopyright-by-darko-gorenak-godar-300x200.jpg 300w, https:\/\/www.lepoglava.hr\/festival-cipke\/wp-content\/uploads\/2025\/09\/festival_cipka_lep_19_12092025_photocopyright-by-darko-gorenak-godar-768x512.jpg 768w, https:\/\/www.lepoglava.hr\/festival-cipke\/wp-content\/uploads\/2025\/09\/festival_cipka_lep_19_12092025_photocopyright-by-darko-gorenak-godar-1536x1024.jpg 1536w, https:\/\/www.lepoglava.hr\/festival-cipke\/wp-content\/uploads\/2025\/09\/festival_cipka_lep_19_12092025_photocopyright-by-darko-gorenak-godar.jpg 1920w\" sizes=\"(max-width: 1024px) 100vw, 1024px\" \/><\/a><\/figure>\n\n\n\n<figure class=\"wp-block-image size-large\"><a href=\"https:\/\/www.lepoglava.hr\/festival-cipke\/wp-content\/uploads\/2025\/09\/festival_cipka_lep_18_12092025_photocopyright-by-darko-gorenak-godar.jpg\"><img decoding=\"async\" loading=\"lazy\" width=\"1024\" height=\"683\" data-id=\"3572\"  src=\"https:\/\/www.lepoglava.hr\/festival-cipke\/wp-content\/uploads\/2025\/09\/festival_cipka_lep_18_12092025_photocopyright-by-darko-gorenak-godar-1024x683.jpg\" alt=\"\" class=\"wp-image-3572\" srcset=\"https:\/\/www.lepoglava.hr\/festival-cipke\/wp-content\/uploads\/2025\/09\/festival_cipka_lep_18_12092025_photocopyright-by-darko-gorenak-godar-1024x683.jpg 1024w, https:\/\/www.lepoglava.hr\/festival-cipke\/wp-content\/uploads\/2025\/09\/festival_cipka_lep_18_12092025_photocopyright-by-darko-gorenak-godar-300x200.jpg 300w, https:\/\/www.lepoglava.hr\/festival-cipke\/wp-content\/uploads\/2025\/09\/festival_cipka_lep_18_12092025_photocopyright-by-darko-gorenak-godar-768x512.jpg 768w, https:\/\/www.lepoglava.hr\/festival-cipke\/wp-content\/uploads\/2025\/09\/festival_cipka_lep_18_12092025_photocopyright-by-darko-gorenak-godar-1536x1024.jpg 1536w, https:\/\/www.lepoglava.hr\/festival-cipke\/wp-content\/uploads\/2025\/09\/festival_cipka_lep_18_12092025_photocopyright-by-darko-gorenak-godar.jpg 1920w\" sizes=\"(max-width: 1024px) 100vw, 1024px\" \/><\/a><\/figure>\n\n\n\n<figure class=\"wp-block-image size-large\"><a href=\"https:\/\/www.lepoglava.hr\/festival-cipke\/wp-content\/uploads\/2025\/09\/festival_cipka_lep_25_12092025_photocopyright-by-darko-gorenak-godar.jpg\"><img decoding=\"async\" loading=\"lazy\" width=\"1024\" height=\"683\" data-id=\"3579\"  src=\"https:\/\/www.lepoglava.hr\/festival-cipke\/wp-content\/uploads\/2025\/09\/festival_cipka_lep_25_12092025_photocopyright-by-darko-gorenak-godar-1024x683.jpg\" alt=\"\" class=\"wp-image-3579\" srcset=\"https:\/\/www.lepoglava.hr\/festival-cipke\/wp-content\/uploads\/2025\/09\/festival_cipka_lep_25_12092025_photocopyright-by-darko-gorenak-godar-1024x683.jpg 1024w, https:\/\/www.lepoglava.hr\/festival-cipke\/wp-content\/uploads\/2025\/09\/festival_cipka_lep_25_12092025_photocopyright-by-darko-gorenak-godar-300x200.jpg 300w, https:\/\/www.lepoglava.hr\/festival-cipke\/wp-content\/uploads\/2025\/09\/festival_cipka_lep_25_12092025_photocopyright-by-darko-gorenak-godar-768x512.jpg 768w, https:\/\/www.lepoglava.hr\/festival-cipke\/wp-content\/uploads\/2025\/09\/festival_cipka_lep_25_12092025_photocopyright-by-darko-gorenak-godar-1536x1024.jpg 1536w, https:\/\/www.lepoglava.hr\/festival-cipke\/wp-content\/uploads\/2025\/09\/festival_cipka_lep_25_12092025_photocopyright-by-darko-gorenak-godar.jpg 1920w\" sizes=\"(max-width: 1024px) 100vw, 1024px\" \/><\/a><\/figure>\n\n\n\n<figure class=\"wp-block-image size-large\"><a href=\"https:\/\/www.lepoglava.hr\/festival-cipke\/wp-content\/uploads\/2025\/09\/festival_cipka_lep_17_12092025_photocopyright-by-darko-gorenak-godar.jpg\"><img decoding=\"async\" loading=\"lazy\" width=\"1024\" height=\"683\" data-id=\"3571\"  src=\"https:\/\/www.lepoglava.hr\/festival-cipke\/wp-content\/uploads\/2025\/09\/festival_cipka_lep_17_12092025_photocopyright-by-darko-gorenak-godar-1024x683.jpg\" alt=\"\" class=\"wp-image-3571\" srcset=\"https:\/\/www.lepoglava.hr\/festival-cipke\/wp-content\/uploads\/2025\/09\/festival_cipka_lep_17_12092025_photocopyright-by-darko-gorenak-godar-1024x683.jpg 1024w, https:\/\/www.lepoglava.hr\/festival-cipke\/wp-content\/uploads\/2025\/09\/festival_cipka_lep_17_12092025_photocopyright-by-darko-gorenak-godar-300x200.jpg 300w, https:\/\/www.lepoglava.hr\/festival-cipke\/wp-content\/uploads\/2025\/09\/festival_cipka_lep_17_12092025_photocopyright-by-darko-gorenak-godar-768x512.jpg 768w, https:\/\/www.lepoglava.hr\/festival-cipke\/wp-content\/uploads\/2025\/09\/festival_cipka_lep_17_12092025_photocopyright-by-darko-gorenak-godar-1536x1024.jpg 1536w, https:\/\/www.lepoglava.hr\/festival-cipke\/wp-content\/uploads\/2025\/09\/festival_cipka_lep_17_12092025_photocopyright-by-darko-gorenak-godar.jpg 1920w\" sizes=\"(max-width: 1024px) 100vw, 1024px\" \/><\/a><\/figure>\n\n\n\n<figure class=\"wp-block-image size-large\"><a href=\"https:\/\/www.lepoglava.hr\/festival-cipke\/wp-content\/uploads\/2025\/09\/festival_cipka_lep_16_12092025_photocopyright-by-darko-gorenak-godar.jpg\"><img decoding=\"async\" loading=\"lazy\" width=\"1024\" height=\"683\" data-id=\"3570\"  src=\"https:\/\/www.lepoglava.hr\/festival-cipke\/wp-content\/uploads\/2025\/09\/festival_cipka_lep_16_12092025_photocopyright-by-darko-gorenak-godar-1024x683.jpg\" alt=\"\" class=\"wp-image-3570\" srcset=\"https:\/\/www.lepoglava.hr\/festival-cipke\/wp-content\/uploads\/2025\/09\/festival_cipka_lep_16_12092025_photocopyright-by-darko-gorenak-godar-1024x683.jpg 1024w, https:\/\/www.lepoglava.hr\/festival-cipke\/wp-content\/uploads\/2025\/09\/festival_cipka_lep_16_12092025_photocopyright-by-darko-gorenak-godar-300x200.jpg 300w, https:\/\/www.lepoglava.hr\/festival-cipke\/wp-content\/uploads\/2025\/09\/festival_cipka_lep_16_12092025_photocopyright-by-darko-gorenak-godar-768x512.jpg 768w, https:\/\/www.lepoglava.hr\/festival-cipke\/wp-content\/uploads\/2025\/09\/festival_cipka_lep_16_12092025_photocopyright-by-darko-gorenak-godar-1536x1024.jpg 1536w, https:\/\/www.lepoglava.hr\/festival-cipke\/wp-content\/uploads\/2025\/09\/festival_cipka_lep_16_12092025_photocopyright-by-darko-gorenak-godar.jpg 1920w\" sizes=\"(max-width: 1024px) 100vw, 1024px\" \/><\/a><\/figure>\n\n\n\n<figure class=\"wp-block-image size-large\"><a href=\"https:\/\/www.lepoglava.hr\/festival-cipke\/wp-content\/uploads\/2025\/09\/festival_cipka_lep_15_12092025_photocopyright-by-darko-gorenak-godar.jpg\"><img decoding=\"async\" loading=\"lazy\" width=\"1024\" height=\"683\" data-id=\"3569\"  src=\"https:\/\/www.lepoglava.hr\/festival-cipke\/wp-content\/uploads\/2025\/09\/festival_cipka_lep_15_12092025_photocopyright-by-darko-gorenak-godar-1024x683.jpg\" alt=\"\" class=\"wp-image-3569\" srcset=\"https:\/\/www.lepoglava.hr\/festival-cipke\/wp-content\/uploads\/2025\/09\/festival_cipka_lep_15_12092025_photocopyright-by-darko-gorenak-godar-1024x683.jpg 1024w, https:\/\/www.lepoglava.hr\/festival-cipke\/wp-content\/uploads\/2025\/09\/festival_cipka_lep_15_12092025_photocopyright-by-darko-gorenak-godar-300x200.jpg 300w, https:\/\/www.lepoglava.hr\/festival-cipke\/wp-content\/uploads\/2025\/09\/festival_cipka_lep_15_12092025_photocopyright-by-darko-gorenak-godar-768x512.jpg 768w, https:\/\/www.lepoglava.hr\/festival-cipke\/wp-content\/uploads\/2025\/09\/festival_cipka_lep_15_12092025_photocopyright-by-darko-gorenak-godar-1536x1024.jpg 1536w, https:\/\/www.lepoglava.hr\/festival-cipke\/wp-content\/uploads\/2025\/09\/festival_cipka_lep_15_12092025_photocopyright-by-darko-gorenak-godar.jpg 1920w\" sizes=\"(max-width: 1024px) 100vw, 1024px\" \/><\/a><\/figure>\n\n\n\n<figure class=\"wp-block-image size-large\"><a href=\"https:\/\/www.lepoglava.hr\/festival-cipke\/wp-content\/uploads\/2025\/09\/festival_cipka_lep_22_12092025_photocopyright-by-darko-gorenak-godar.jpg\"><img decoding=\"async\" loading=\"lazy\" width=\"1024\" height=\"683\" data-id=\"3576\"  src=\"https:\/\/www.lepoglava.hr\/festival-cipke\/wp-content\/uploads\/2025\/09\/festival_cipka_lep_22_12092025_photocopyright-by-darko-gorenak-godar-1024x683.jpg\" alt=\"\" class=\"wp-image-3576\" srcset=\"https:\/\/www.lepoglava.hr\/festival-cipke\/wp-content\/uploads\/2025\/09\/festival_cipka_lep_22_12092025_photocopyright-by-darko-gorenak-godar-1024x683.jpg 1024w, https:\/\/www.lepoglava.hr\/festival-cipke\/wp-content\/uploads\/2025\/09\/festival_cipka_lep_22_12092025_photocopyright-by-darko-gorenak-godar-300x200.jpg 300w, https:\/\/www.lepoglava.hr\/festival-cipke\/wp-content\/uploads\/2025\/09\/festival_cipka_lep_22_12092025_photocopyright-by-darko-gorenak-godar-768x512.jpg 768w, https:\/\/www.lepoglava.hr\/festival-cipke\/wp-content\/uploads\/2025\/09\/festival_cipka_lep_22_12092025_photocopyright-by-darko-gorenak-godar-1536x1024.jpg 1536w, https:\/\/www.lepoglava.hr\/festival-cipke\/wp-content\/uploads\/2025\/09\/festival_cipka_lep_22_12092025_photocopyright-by-darko-gorenak-godar.jpg 1920w\" sizes=\"(max-width: 1024px) 100vw, 1024px\" \/><\/a><\/figure>\n\n\n\n<figure class=\"wp-block-image size-large\"><a href=\"https:\/\/www.lepoglava.hr\/festival-cipke\/wp-content\/uploads\/2025\/09\/festival_cipka_lep_13_12092025_photocopyright-by-darko-gorenak-godar.jpg\"><img decoding=\"async\" loading=\"lazy\" width=\"1024\" height=\"683\" data-id=\"3567\"  src=\"https:\/\/www.lepoglava.hr\/festival-cipke\/wp-content\/uploads\/2025\/09\/festival_cipka_lep_13_12092025_photocopyright-by-darko-gorenak-godar-1024x683.jpg\" alt=\"\" class=\"wp-image-3567\" srcset=\"https:\/\/www.lepoglava.hr\/festival-cipke\/wp-content\/uploads\/2025\/09\/festival_cipka_lep_13_12092025_photocopyright-by-darko-gorenak-godar-1024x683.jpg 1024w, https:\/\/www.lepoglava.hr\/festival-cipke\/wp-content\/uploads\/2025\/09\/festival_cipka_lep_13_12092025_photocopyright-by-darko-gorenak-godar-300x200.jpg 300w, https:\/\/www.lepoglava.hr\/festival-cipke\/wp-content\/uploads\/2025\/09\/festival_cipka_lep_13_12092025_photocopyright-by-darko-gorenak-godar-768x512.jpg 768w, https:\/\/www.lepoglava.hr\/festival-cipke\/wp-content\/uploads\/2025\/09\/festival_cipka_lep_13_12092025_photocopyright-by-darko-gorenak-godar-1536x1024.jpg 1536w, https:\/\/www.lepoglava.hr\/festival-cipke\/wp-content\/uploads\/2025\/09\/festival_cipka_lep_13_12092025_photocopyright-by-darko-gorenak-godar.jpg 1920w\" sizes=\"(max-width: 1024px) 100vw, 1024px\" \/><\/a><\/figure>\n\n\n\n<figure class=\"wp-block-image size-large\"><a href=\"https:\/\/www.lepoglava.hr\/festival-cipke\/wp-content\/uploads\/2025\/09\/festival_cipka_lep_01_12092025_photocopyright-by-darko-gorenak-godar.jpg\"><img decoding=\"async\" loading=\"lazy\" width=\"1024\" height=\"697\" data-id=\"3555\"  src=\"https:\/\/www.lepoglava.hr\/festival-cipke\/wp-content\/uploads\/2025\/09\/festival_cipka_lep_01_12092025_photocopyright-by-darko-gorenak-godar-1024x697.jpg\" alt=\"\" class=\"wp-image-3555\" srcset=\"https:\/\/www.lepoglava.hr\/festival-cipke\/wp-content\/uploads\/2025\/09\/festival_cipka_lep_01_12092025_photocopyright-by-darko-gorenak-godar-1024x697.jpg 1024w, https:\/\/www.lepoglava.hr\/festival-cipke\/wp-content\/uploads\/2025\/09\/festival_cipka_lep_01_12092025_photocopyright-by-darko-gorenak-godar-300x204.jpg 300w, https:\/\/www.lepoglava.hr\/festival-cipke\/wp-content\/uploads\/2025\/09\/festival_cipka_lep_01_12092025_photocopyright-by-darko-gorenak-godar-768x523.jpg 768w, https:\/\/www.lepoglava.hr\/festival-cipke\/wp-content\/uploads\/2025\/09\/festival_cipka_lep_01_12092025_photocopyright-by-darko-gorenak-godar-1536x1046.jpg 1536w, https:\/\/www.lepoglava.hr\/festival-cipke\/wp-content\/uploads\/2025\/09\/festival_cipka_lep_01_12092025_photocopyright-by-darko-gorenak-godar.jpg 1920w\" sizes=\"(max-width: 1024px) 100vw, 1024px\" \/><\/a><\/figure>\n\n\n\n<figure class=\"wp-block-image size-large\"><a href=\"https:\/\/www.lepoglava.hr\/festival-cipke\/wp-content\/uploads\/2025\/09\/festival_cipka_lep_03_12092025_photocopyright-by-darko-gorenak-godar.jpg\"><img decoding=\"async\" loading=\"lazy\" width=\"1024\" height=\"683\" data-id=\"3557\"  src=\"https:\/\/www.lepoglava.hr\/festival-cipke\/wp-content\/uploads\/2025\/09\/festival_cipka_lep_03_12092025_photocopyright-by-darko-gorenak-godar-1024x683.jpg\" alt=\"\" class=\"wp-image-3557\" srcset=\"https:\/\/www.lepoglava.hr\/festival-cipke\/wp-content\/uploads\/2025\/09\/festival_cipka_lep_03_12092025_photocopyright-by-darko-gorenak-godar-1024x683.jpg 1024w, https:\/\/www.lepoglava.hr\/festival-cipke\/wp-content\/uploads\/2025\/09\/festival_cipka_lep_03_12092025_photocopyright-by-darko-gorenak-godar-300x200.jpg 300w, https:\/\/www.lepoglava.hr\/festival-cipke\/wp-content\/uploads\/2025\/09\/festival_cipka_lep_03_12092025_photocopyright-by-darko-gorenak-godar-768x512.jpg 768w, https:\/\/www.lepoglava.hr\/festival-cipke\/wp-content\/uploads\/2025\/09\/festival_cipka_lep_03_12092025_photocopyright-by-darko-gorenak-godar-1536x1025.jpg 1536w, https:\/\/www.lepoglava.hr\/festival-cipke\/wp-content\/uploads\/2025\/09\/festival_cipka_lep_03_12092025_photocopyright-by-darko-gorenak-godar.jpg 1920w\" sizes=\"(max-width: 1024px) 100vw, 1024px\" \/><\/a><\/figure>\n\n\n\n<figure class=\"wp-block-image size-large\"><a href=\"https:\/\/www.lepoglava.hr\/festival-cipke\/wp-content\/uploads\/2025\/09\/festival_cipka_lep_07_12092025_photocopyright-by-darko-gorenak-godar.jpg\"><img decoding=\"async\" loading=\"lazy\" width=\"1024\" height=\"683\" data-id=\"3561\"  src=\"https:\/\/www.lepoglava.hr\/festival-cipke\/wp-content\/uploads\/2025\/09\/festival_cipka_lep_07_12092025_photocopyright-by-darko-gorenak-godar-1024x683.jpg\" alt=\"\" class=\"wp-image-3561\" srcset=\"https:\/\/www.lepoglava.hr\/festival-cipke\/wp-content\/uploads\/2025\/09\/festival_cipka_lep_07_12092025_photocopyright-by-darko-gorenak-godar-1024x683.jpg 1024w, https:\/\/www.lepoglava.hr\/festival-cipke\/wp-content\/uploads\/2025\/09\/festival_cipka_lep_07_12092025_photocopyright-by-darko-gorenak-godar-300x200.jpg 300w, https:\/\/www.lepoglava.hr\/festival-cipke\/wp-content\/uploads\/2025\/09\/festival_cipka_lep_07_12092025_photocopyright-by-darko-gorenak-godar-768x512.jpg 768w, https:\/\/www.lepoglava.hr\/festival-cipke\/wp-content\/uploads\/2025\/09\/festival_cipka_lep_07_12092025_photocopyright-by-darko-gorenak-godar-1536x1024.jpg 1536w, https:\/\/www.lepoglava.hr\/festival-cipke\/wp-content\/uploads\/2025\/09\/festival_cipka_lep_07_12092025_photocopyright-by-darko-gorenak-godar.jpg 1920w\" sizes=\"(max-width: 1024px) 100vw, 1024px\" \/><\/a><\/figure>\n\n\n\n<figure class=\"wp-block-image size-large\"><a href=\"https:\/\/www.lepoglava.hr\/festival-cipke\/wp-content\/uploads\/2025\/09\/festival_cipka_lep_23_12092025_photocopyright-by-darko-gorenak-godar-1.jpg\"><img decoding=\"async\" loading=\"lazy\" width=\"1024\" height=\"683\" data-id=\"3577\"  src=\"https:\/\/www.lepoglava.hr\/festival-cipke\/wp-content\/uploads\/2025\/09\/festival_cipka_lep_23_12092025_photocopyright-by-darko-gorenak-godar-1-1024x683.jpg\" alt=\"\" class=\"wp-image-3577\" srcset=\"https:\/\/www.lepoglava.hr\/festival-cipke\/wp-content\/uploads\/2025\/09\/festival_cipka_lep_23_12092025_photocopyright-by-darko-gorenak-godar-1-1024x683.jpg 1024w, https:\/\/www.lepoglava.hr\/festival-cipke\/wp-content\/uploads\/2025\/09\/festival_cipka_lep_23_12092025_photocopyright-by-darko-gorenak-godar-1-300x200.jpg 300w, https:\/\/www.lepoglava.hr\/festival-cipke\/wp-content\/uploads\/2025\/09\/festival_cipka_lep_23_12092025_photocopyright-by-darko-gorenak-godar-1-768x512.jpg 768w, https:\/\/www.lepoglava.hr\/festival-cipke\/wp-content\/uploads\/2025\/09\/festival_cipka_lep_23_12092025_photocopyright-by-darko-gorenak-godar-1-1536x1024.jpg 1536w, https:\/\/www.lepoglava.hr\/festival-cipke\/wp-content\/uploads\/2025\/09\/festival_cipka_lep_23_12092025_photocopyright-by-darko-gorenak-godar-1.jpg 1920w\" sizes=\"(max-width: 1024px) 100vw, 1024px\" \/><\/a><\/figure>\n\n\n\n<figure class=\"wp-block-image size-large\"><a href=\"https:\/\/www.lepoglava.hr\/festival-cipke\/wp-content\/uploads\/2025\/09\/festival_cipka_lep_06_12092025_photocopyright-by-darko-gorenak-godar.jpg\"><img decoding=\"async\" loading=\"lazy\" width=\"1024\" height=\"683\" data-id=\"3560\"  src=\"https:\/\/www.lepoglava.hr\/festival-cipke\/wp-content\/uploads\/2025\/09\/festival_cipka_lep_06_12092025_photocopyright-by-darko-gorenak-godar-1024x683.jpg\" alt=\"\" class=\"wp-image-3560\" srcset=\"https:\/\/www.lepoglava.hr\/festival-cipke\/wp-content\/uploads\/2025\/09\/festival_cipka_lep_06_12092025_photocopyright-by-darko-gorenak-godar-1024x683.jpg 1024w, https:\/\/www.lepoglava.hr\/festival-cipke\/wp-content\/uploads\/2025\/09\/festival_cipka_lep_06_12092025_photocopyright-by-darko-gorenak-godar-300x200.jpg 300w, https:\/\/www.lepoglava.hr\/festival-cipke\/wp-content\/uploads\/2025\/09\/festival_cipka_lep_06_12092025_photocopyright-by-darko-gorenak-godar-768x512.jpg 768w, https:\/\/www.lepoglava.hr\/festival-cipke\/wp-content\/uploads\/2025\/09\/festival_cipka_lep_06_12092025_photocopyright-by-darko-gorenak-godar-1536x1025.jpg 1536w, https:\/\/www.lepoglava.hr\/festival-cipke\/wp-content\/uploads\/2025\/09\/festival_cipka_lep_06_12092025_photocopyright-by-darko-gorenak-godar.jpg 1920w\" sizes=\"(max-width: 1024px) 100vw, 1024px\" \/><\/a><\/figure>\n<\/figure>\n\n\n\n<p class=\"has-text-align-center\"><strong>Stare vje\u0161tine za novo doba<\/strong><\/p>\n\n\n\n<p>O vrijednosti \u010dipke i o\u010duvanju te prezentaciji tradicijske ba\u0161tine na sve\u010danom je otvorenju govorila <strong>Tatjana Horvati\u0107, <\/strong>voditeljica Slu\u017ebe za pokretnu, etnografsku i nematerijalnu kulturnu ba\u0161tinu, izaslanica ministrice kulture i medija <strong>Nine Obuljen Kor\u017einek<\/strong>.<\/p>\n\n\n\n<p>-Lepoglavska \u010dipka nije samo ukras na no\u0161njama, ona je svjedo\u010danstvo duha, identiteta i neizmjerne ljepote koju su kroz stolje\u0107a stvarale marljive ruke \u017eena. U svakom njezinom motivu utkana je strpljivost, predanost i ljubav. \u010cipka nastaje u ti\u0161ini, ali glasno govori o kulturi, povijesti i \u017eenskoj snazi. Lepoglavska \u010dipka nas u\u010di da je umjetnost \u010desto skrivena u svakodnevnom, u jednostavnom, u onome \u0161to se prenosi iz ruke u ruku, od srca do srca \u2013 istaknula je izaslanica ministrice kulture i medija, koja se je tom prilikom posebno osvrnula na Konvenciju o za\u0161titi nematerijalne kulturne ba\u0161tine, kojom UNESCO poti\u010de lokalne zajednice da prepoznaju i \u010duvaju svoje lokalne vrijednosti koje su sve vi\u0161e ugro\u017eene u ubrzanom ritmu svakodnevice.<\/p>\n\n\n\n<p>Zahvalu doma\u0107inima uputio je i predstavnik Crne Gore, ovogodi\u0161nje zemlje \u2013 partnera, veleposlanik Crne Gore, Njegova ekscelencija <strong>Dejan Vukovi\u0107<\/strong>.<\/p>\n\n\n\n<p>-Upu\u0107ujem organizatorima komplimente za organizaciju ovog autenti\u010dnog festivala i zahvaljujem im \u0161to su ove godine upravo Crnu Goru odabrali za zemlju \u2013 partnera, \u010dime na\u0161i dobrosusjedski odnosi dobivaju uzvi\u0161enu dimenziju, umjetni\u010dku notu prijateljstva i lijepu priliku da predstavimo rasko\u0161nu riznicu bogatog naslje\u0111a Crne Gore. Ona je ponosna na svoju vjekovnu multikulturalnost. Vjerujem da \u0107e vas o\u010darati ljepota dobrotske \u010dipke te da \u0107ete osjetiti dah renesanse i baroka Boke Kotorske i udahnuti \u0161arm Mediterana. Ve\u010dera\u0161nji mozaik interkulturalnog pro\u017eimanja svih zemalja sudionica daje posebnu dra\u017e ovom festivalu i upu\u0107uje sna\u017enu poruku mira, zajedni\u0161tva, solidarnosti i prosperiteta \u2013 poru\u010dio je veleposlanik Crne Gore Dejan Vukovi\u0107.<\/p>\n\n\n\n<p>O zna\u010daju kulturnog povezivanja i o\u010duvanja vrijedne kulturne ba\u0161tine na sve\u010danom otvorenju govorila je i <strong>Dobrila Vlahovi\u0107<\/strong>, direktorica Direktorata za kulturnu ba\u0161tinu Ministarstva kulture i medija Crne Gore.<\/p>\n\n\n\n<p>-Ovaj festival nije samo susret tradicije i kreativnosti, ve\u0107 i most povezivanja na\u0161ih dvaju naroda. Na ovom festivalu susre\u0107u se dvije susjedne i prijateljske zemlje, koje brinu o brizi i ljubavi prema vrijednoj nematerijalnoj kulturnoj ba\u0161tini, u kojoj je svaka nit trag na\u0161eg identiteta, ali i dio vrijedne europske kulturne matrice. Lepoglava je u svijetu prepoznata upravo po svojoj \u010dipki, po posebnoj tehnici izrade i jedinstvenim motivima \u2013 rekla je Dobrila Vlahovi\u0107, direktorica Direktorata za kulturnu ba\u0161tinu Ministarstva kulture i medija Crne Gore.<\/p>\n\n\n\n<p>Ministar pravosu\u0111a, uprave i digitalne transformacije <strong>Damir Habijan<\/strong>, izaslanik Predsjednika Vlade <strong>Andreja Plenkovi\u0107a<\/strong>, posebno je istaknuo kako lepoglavska \u010dipka i vrijedna tradicijska ba\u0161tina ovoga kraja daju dodanu vrijednost turisti\u010dkoj ponudi kontinentalne Hrvatske.<\/p>\n\n\n\n<p>&#8211; Turisti\u010dku ponudu \u0107e sigurno obogatiti i budu\u0107i Centar za posjetitelje u Gaveznici te Park prirode \u201eZagorske gore\u201c. Broj zemalja sudionica na ovom me\u0111unarodnom festivalu najbolje pokazuje da je \u010dipka simbol povezivanja. Danas, kada \u017eivimo u digitalnom, ubrzanom dobu, jo\u0161 vi\u0161e moramo \u010duvati vje\u0161tinu izrade \u010dipke, koja zahtijeva veliko strpljenje i puno vremena. Siguran sam da \u0107e vje\u0161tina njene izrade ostati sa\u010duvana i u digitalnom dobu \u2013 naglasio je Damir Habijan, ministar pravosu\u0111a, uprave i digitalne transformacije.<\/p>\n\n\n\n<p class=\"has-text-align-center\"><strong>Zahvalnice \u010dipkaricama<\/strong><\/p>\n\n\n\n<p>Na sve\u010danom otvaranju gradona\u010delnik \u017deljko \u0160o\u0161tari\u0107 i <strong>Robert Dukari\u0107<\/strong>, predsjednik Gradskog vije\u0107a Lepoglave uru\u010dili su zahvalnice za doprinos ugledu, o\u010duvanju i promociji lepoglavske \u010dipke u zemlji i inozemstvu \u010dipkarskim udrugama koje djeluju u Lepoglavi. Zahvalnice su uru\u010dene predsjednici Udruge Ekomuzej Lepoglave i upraviteljici Zadruge lepoglavske \u010dipke <strong>Karmen \u0160o\u0161tari\u0107<\/strong> i predsjednici \u010cipkarskog dru\u0161tva Danica Br\u00f6sler <strong>Verici Dubove\u010dak<\/strong>, a posebnu zahvalu primila je i najstarija lepoglavska \u010dipkarica \u2013 <strong>Magdica Je\u017eek<\/strong>.<\/p>\n\n\n\n<p><a><\/a>Ovogodi\u0161nji Me\u0111unarodni festival \u010dipke u Lepoglavi otvorio je izaslanik predsjednika Republike Hrvatske <strong>Zdravko Zima<\/strong>, posebni savjetnik Predsjednika za kulturu.<\/p>\n\n\n\n<p>-Ovaj me\u0111unarodni festival ima dugogodi\u0161nju tradiciju, postao je i za\u0161titni znak ovoga grada. Ono \u0161to su za Vara\u017edin Vara\u017edinske barokne ve\u010deri, a za Dubrovnik Dubrova\u010dke ljetne igre, to je za Lepoglavu njezin \u010dipkarski festival, jedan od najva\u017enijih festivala u na\u0161oj zemlji ali i jedan od najuglednijih te vrste u svijetu \u2013 naglasio je izaslanik predsjednika Republike Zdravko Zima na otvorenju 29. Me\u0111unarodnog festivala \u010dipke u Lepoglavi.<\/p>\n\n\n\n<p>U umjetni\u010dkom dijelu sve\u010danosti otvaranja nastupila je Limena glazba Lepoglava te na\u0161a ugledna sopranistica <strong>Valentina Fija\u010dko Kobi\u0107<\/strong> u pratnji pijanista <strong>Marija \u010copora<\/strong>.<\/p>\n\n\n\n<p>Atraktivni program ovogodi\u0161njeg festivala \u010dipke u Lepoglavi bit \u0107e nastavljen u subotu, kada \u0107e u 10 sati, ispred restorana Ivan\u010dica biti otvoren 16. Tradicionalni sajam. Posjetitelji me\u0111unarodnog festivala \u010dipke od 14 sati mo\u0107i \u0107e u\u017eivati i u bogatom programu koji priprema ovogodi\u0161nja zemlja \u2013 partner Crna Gora. U programu \u0107e se od 16 sati predstaviti Kulturno \u2013 umjetni\u010dko dru\u0161tvo Mijat Ma\u0161kovi\u0107 iz Kola\u0161ina, a u lepoglavskoj crkvi \u0107e u 19 sati nastupiti mezzosopranistica <strong>Blanka Tkal\u010di\u0107<\/strong> i sopranistica <strong>Eva Osonja\u010dki<\/strong>, uz klavirsku pratnju <strong>Danijela Ota<\/strong>.<\/p>\n\n\n\n<p>Me\u0111unarodni festival \u010dipke u Lepoglavi odr\u017eava se pod visokim pokroviteljstvom predsjednika Republike Hrvatske Zorana Milanovi\u0107a, te pod pokroviteljstvom Ministarstva kulture i medija, Ministarstva turizma i sporta, Ministarstva poljoprivrede, Hrvatskog povjerenstva za UNESCO, Hrvatske turisti\u010dke zajednice, Turisti\u010dke zajednice Vara\u017edinske \u017eupanije, Vara\u017edinske \u017eupanije i Grada Lepoglave.<\/p>\n","protected":false},"excerpt":{"rendered":"<p>Podizanjem festivalske zastave, uza zvuke fanfara, u Lepoglavi je u petak, 12. rujna, sve\u010dano otvoren 29. Me\u0111unarodni festival \u010dipke, na &hellip;<\/p>\n<p class=\"read-more\"> <a class=\"\" href=\"https:\/\/www.lepoglava.hr\/festival-cipke\/svecano-otvoren-29-medunarodni-festival-cipke-cipka-nastaje-u-tisini-ali-glasno-govori-o-kulturi-povijesti-i-zenskoj-snazi\/\"> <span class=\"screen-reader-text\">Sve\u010dano otvoren 29. Me\u0111unarodni festival \u010dipke: \u010cipka nastaje u ti\u0161ini, ali glasno govori o kulturi, povijesti i \u017eenskoj snazi<\/span> Vi\u0161e \u00bb<\/a><\/p>\n","protected":false},"author":5,"featured_media":3568,"comment_status":"closed","ping_status":"open","sticky":false,"template":"","format":"standard","meta":{"site-sidebar-layout":"default","site-content-layout":"default","ast-global-header-display":"","ast-banner-title-visibility":"","ast-main-header-display":"","ast-hfb-above-header-display":"","ast-hfb-below-header-display":"","ast-hfb-mobile-header-display":"","site-post-title":"","ast-breadcrumbs-content":"","ast-featured-img":"","footer-sml-layout":"","theme-transparent-header-meta":"","adv-header-id-meta":"","stick-header-meta":"","header-above-stick-meta":"","header-main-stick-meta":"","header-below-stick-meta":"","pgc_sgb_lightbox_settings":""},"categories":[3],"tags":[],"yoast_head":"<!-- This site is optimized with the Yoast SEO plugin v20.11 - https:\/\/yoast.com\/wordpress\/plugins\/seo\/ -->\n<title>Sve\u010dano otvoren 29. Me\u0111unarodni festival \u010dipke: \u010cipka nastaje u ti\u0161ini, ali glasno govori o kulturi, povijesti i \u017eenskoj snazi - 29. me\u0111unarodni festival \u010dipke<\/title>\n<meta name=\"robots\" content=\"index, follow, max-snippet:-1, max-image-preview:large, max-video-preview:-1\" \/>\n<link rel=\"canonical\" href=\"https:\/\/www.lepoglava.hr\/festival-cipke\/svecano-otvoren-29-medunarodni-festival-cipke-cipka-nastaje-u-tisini-ali-glasno-govori-o-kulturi-povijesti-i-zenskoj-snazi\/\" \/>\n<meta property=\"og:locale\" content=\"hr_HR\" \/>\n<meta property=\"og:type\" content=\"article\" \/>\n<meta property=\"og:title\" content=\"Sve\u010dano otvoren 29. Me\u0111unarodni festival \u010dipke: \u010cipka nastaje u ti\u0161ini, ali glasno govori o kulturi, povijesti i \u017eenskoj snazi - 29. me\u0111unarodni festival \u010dipke\" \/>\n<meta property=\"og:description\" content=\"Podizanjem festivalske zastave, uza zvuke fanfara, u Lepoglavi je u petak, 12. rujna, sve\u010dano otvoren 29. Me\u0111unarodni festival \u010dipke, na &hellip; Sve\u010dano otvoren 29. Me\u0111unarodni festival \u010dipke: \u010cipka nastaje u ti\u0161ini, ali glasno govori o kulturi, povijesti i \u017eenskoj snazi Vi\u0161e \u00bb\" \/>\n<meta property=\"og:url\" content=\"https:\/\/www.lepoglava.hr\/festival-cipke\/svecano-otvoren-29-medunarodni-festival-cipke-cipka-nastaje-u-tisini-ali-glasno-govori-o-kulturi-povijesti-i-zenskoj-snazi\/\" \/>\n<meta property=\"og:site_name\" content=\"29. me\u0111unarodni festival \u010dipke\" \/>\n<meta property=\"article:published_time\" content=\"2025-09-13T10:42:47+00:00\" \/>\n<meta property=\"article:modified_time\" content=\"2025-09-13T10:44:45+00:00\" \/>\n<meta property=\"og:image\" content=\"https:\/\/www.lepoglava.hr\/festival-cipke\/wp-content\/uploads\/2025\/09\/festival_cipka_lep_14_12092025_photocopyright-by-darko-gorenak-godar.jpg\" \/>\n\t<meta property=\"og:image:width\" content=\"1920\" \/>\n\t<meta property=\"og:image:height\" content=\"1280\" \/>\n\t<meta property=\"og:image:type\" content=\"image\/jpeg\" \/>\n<meta name=\"author\" content=\"ulimarus\" \/>\n<meta name=\"twitter:card\" content=\"summary_large_image\" \/>\n<meta name=\"twitter:label1\" content=\"Napisao\/la\" \/>\n\t<meta name=\"twitter:data1\" content=\"ulimarus\" \/>\n\t<meta name=\"twitter:label2\" content=\"Procijenjeno vrijeme \u010ditanja\" \/>\n\t<meta name=\"twitter:data2\" content=\"12 minuta\" \/>\n<script type=\"application\/ld+json\" class=\"yoast-schema-graph\">{\"@context\":\"https:\/\/schema.org\",\"@graph\":[{\"@type\":\"Article\",\"@id\":\"https:\/\/www.lepoglava.hr\/festival-cipke\/svecano-otvoren-29-medunarodni-festival-cipke-cipka-nastaje-u-tisini-ali-glasno-govori-o-kulturi-povijesti-i-zenskoj-snazi\/#article\",\"isPartOf\":{\"@id\":\"https:\/\/www.lepoglava.hr\/festival-cipke\/svecano-otvoren-29-medunarodni-festival-cipke-cipka-nastaje-u-tisini-ali-glasno-govori-o-kulturi-povijesti-i-zenskoj-snazi\/\"},\"author\":{\"name\":\"ulimarus\",\"@id\":\"https:\/\/www.lepoglava.hr\/festival-cipke\/#\/schema\/person\/afb90b44ec6c12f33e98a7f5c6c611e1\"},\"headline\":\"Sve\u010dano otvoren 29. Me\u0111unarodni festival \u010dipke: \u010cipka nastaje u ti\u0161ini, ali glasno govori o kulturi, povijesti i \u017eenskoj snazi\",\"datePublished\":\"2025-09-13T10:42:47+00:00\",\"dateModified\":\"2025-09-13T10:44:45+00:00\",\"mainEntityOfPage\":{\"@id\":\"https:\/\/www.lepoglava.hr\/festival-cipke\/svecano-otvoren-29-medunarodni-festival-cipke-cipka-nastaje-u-tisini-ali-glasno-govori-o-kulturi-povijesti-i-zenskoj-snazi\/\"},\"wordCount\":1456,\"publisher\":{\"@id\":\"https:\/\/www.lepoglava.hr\/festival-cipke\/#organization\"},\"articleSection\":[\"Novosti\"],\"inLanguage\":\"hr\"},{\"@type\":\"WebPage\",\"@id\":\"https:\/\/www.lepoglava.hr\/festival-cipke\/svecano-otvoren-29-medunarodni-festival-cipke-cipka-nastaje-u-tisini-ali-glasno-govori-o-kulturi-povijesti-i-zenskoj-snazi\/\",\"url\":\"https:\/\/www.lepoglava.hr\/festival-cipke\/svecano-otvoren-29-medunarodni-festival-cipke-cipka-nastaje-u-tisini-ali-glasno-govori-o-kulturi-povijesti-i-zenskoj-snazi\/\",\"name\":\"Sve\u010dano otvoren 29. Me\u0111unarodni festival \u010dipke: \u010cipka nastaje u ti\u0161ini, ali glasno govori o kulturi, povijesti i \u017eenskoj snazi - 29. me\u0111unarodni festival \u010dipke\",\"isPartOf\":{\"@id\":\"https:\/\/www.lepoglava.hr\/festival-cipke\/#website\"},\"datePublished\":\"2025-09-13T10:42:47+00:00\",\"dateModified\":\"2025-09-13T10:44:45+00:00\",\"breadcrumb\":{\"@id\":\"https:\/\/www.lepoglava.hr\/festival-cipke\/svecano-otvoren-29-medunarodni-festival-cipke-cipka-nastaje-u-tisini-ali-glasno-govori-o-kulturi-povijesti-i-zenskoj-snazi\/#breadcrumb\"},\"inLanguage\":\"hr\",\"potentialAction\":[{\"@type\":\"ReadAction\",\"target\":[\"https:\/\/www.lepoglava.hr\/festival-cipke\/svecano-otvoren-29-medunarodni-festival-cipke-cipka-nastaje-u-tisini-ali-glasno-govori-o-kulturi-povijesti-i-zenskoj-snazi\/\"]}]},{\"@type\":\"BreadcrumbList\",\"@id\":\"https:\/\/www.lepoglava.hr\/festival-cipke\/svecano-otvoren-29-medunarodni-festival-cipke-cipka-nastaje-u-tisini-ali-glasno-govori-o-kulturi-povijesti-i-zenskoj-snazi\/#breadcrumb\",\"itemListElement\":[{\"@type\":\"ListItem\",\"position\":1,\"name\":\"Po\u010detna stranica\",\"item\":\"https:\/\/www.lepoglava.hr\/festival-cipke\/\"},{\"@type\":\"ListItem\",\"position\":2,\"name\":\"Sve\u010dano otvoren 29. Me\u0111unarodni festival \u010dipke: \u010cipka nastaje u ti\u0161ini, ali glasno govori o kulturi, povijesti i \u017eenskoj snazi\"}]},{\"@type\":\"WebSite\",\"@id\":\"https:\/\/www.lepoglava.hr\/festival-cipke\/#website\",\"url\":\"https:\/\/www.lepoglava.hr\/festival-cipke\/\",\"name\":\"29. me\u0111unarodni festival \u010dipke\",\"description\":\"29. me\u0111unarodni festival \u010dipke - Lepoglava\",\"publisher\":{\"@id\":\"https:\/\/www.lepoglava.hr\/festival-cipke\/#organization\"},\"potentialAction\":[{\"@type\":\"SearchAction\",\"target\":{\"@type\":\"EntryPoint\",\"urlTemplate\":\"https:\/\/www.lepoglava.hr\/festival-cipke\/?s={search_term_string}\"},\"query-input\":\"required name=search_term_string\"}],\"inLanguage\":\"hr\"},{\"@type\":\"Organization\",\"@id\":\"https:\/\/www.lepoglava.hr\/festival-cipke\/#organization\",\"name\":\"Grad Lepoglava\",\"url\":\"https:\/\/www.lepoglava.hr\/festival-cipke\/\",\"logo\":{\"@type\":\"ImageObject\",\"inLanguage\":\"hr\",\"@id\":\"https:\/\/www.lepoglava.hr\/festival-cipke\/#\/schema\/logo\/image\/\",\"url\":\"https:\/\/www.lepoglava.hr\/festival-cipke\/wp-content\/uploads\/2020\/08\/lepoglava-logo.png\",\"contentUrl\":\"https:\/\/www.lepoglava.hr\/festival-cipke\/wp-content\/uploads\/2020\/08\/lepoglava-logo.png\",\"width\":202,\"height\":58,\"caption\":\"Grad Lepoglava\"},\"image\":{\"@id\":\"https:\/\/www.lepoglava.hr\/festival-cipke\/#\/schema\/logo\/image\/\"}},{\"@type\":\"Person\",\"@id\":\"https:\/\/www.lepoglava.hr\/festival-cipke\/#\/schema\/person\/afb90b44ec6c12f33e98a7f5c6c611e1\",\"name\":\"ulimarus\"}]}<\/script>\n<!-- \/ Yoast SEO plugin. -->","yoast_head_json":{"title":"Sve\u010dano otvoren 29. Me\u0111unarodni festival \u010dipke: \u010cipka nastaje u ti\u0161ini, ali glasno govori o kulturi, povijesti i \u017eenskoj snazi - 29. me\u0111unarodni festival \u010dipke","robots":{"index":"index","follow":"follow","max-snippet":"max-snippet:-1","max-image-preview":"max-image-preview:large","max-video-preview":"max-video-preview:-1"},"canonical":"https:\/\/www.lepoglava.hr\/festival-cipke\/svecano-otvoren-29-medunarodni-festival-cipke-cipka-nastaje-u-tisini-ali-glasno-govori-o-kulturi-povijesti-i-zenskoj-snazi\/","og_locale":"hr_HR","og_type":"article","og_title":"Sve\u010dano otvoren 29. Me\u0111unarodni festival \u010dipke: \u010cipka nastaje u ti\u0161ini, ali glasno govori o kulturi, povijesti i \u017eenskoj snazi - 29. me\u0111unarodni festival \u010dipke","og_description":"Podizanjem festivalske zastave, uza zvuke fanfara, u Lepoglavi je u petak, 12. rujna, sve\u010dano otvoren 29. Me\u0111unarodni festival \u010dipke, na &hellip; Sve\u010dano otvoren 29. Me\u0111unarodni festival \u010dipke: \u010cipka nastaje u ti\u0161ini, ali glasno govori o kulturi, povijesti i \u017eenskoj snazi Vi\u0161e \u00bb","og_url":"https:\/\/www.lepoglava.hr\/festival-cipke\/svecano-otvoren-29-medunarodni-festival-cipke-cipka-nastaje-u-tisini-ali-glasno-govori-o-kulturi-povijesti-i-zenskoj-snazi\/","og_site_name":"29. me\u0111unarodni festival \u010dipke","article_published_time":"2025-09-13T10:42:47+00:00","article_modified_time":"2025-09-13T10:44:45+00:00","og_image":[{"width":1920,"height":1280,"url":"https:\/\/www.lepoglava.hr\/festival-cipke\/wp-content\/uploads\/2025\/09\/festival_cipka_lep_14_12092025_photocopyright-by-darko-gorenak-godar.jpg","type":"image\/jpeg"}],"author":"ulimarus","twitter_card":"summary_large_image","twitter_misc":{"Napisao\/la":"ulimarus","Procijenjeno vrijeme \u010ditanja":"12 minuta"},"schema":{"@context":"https:\/\/schema.org","@graph":[{"@type":"Article","@id":"https:\/\/www.lepoglava.hr\/festival-cipke\/svecano-otvoren-29-medunarodni-festival-cipke-cipka-nastaje-u-tisini-ali-glasno-govori-o-kulturi-povijesti-i-zenskoj-snazi\/#article","isPartOf":{"@id":"https:\/\/www.lepoglava.hr\/festival-cipke\/svecano-otvoren-29-medunarodni-festival-cipke-cipka-nastaje-u-tisini-ali-glasno-govori-o-kulturi-povijesti-i-zenskoj-snazi\/"},"author":{"name":"ulimarus","@id":"https:\/\/www.lepoglava.hr\/festival-cipke\/#\/schema\/person\/afb90b44ec6c12f33e98a7f5c6c611e1"},"headline":"Sve\u010dano otvoren 29. Me\u0111unarodni festival \u010dipke: \u010cipka nastaje u ti\u0161ini, ali glasno govori o kulturi, povijesti i \u017eenskoj snazi","datePublished":"2025-09-13T10:42:47+00:00","dateModified":"2025-09-13T10:44:45+00:00","mainEntityOfPage":{"@id":"https:\/\/www.lepoglava.hr\/festival-cipke\/svecano-otvoren-29-medunarodni-festival-cipke-cipka-nastaje-u-tisini-ali-glasno-govori-o-kulturi-povijesti-i-zenskoj-snazi\/"},"wordCount":1456,"publisher":{"@id":"https:\/\/www.lepoglava.hr\/festival-cipke\/#organization"},"articleSection":["Novosti"],"inLanguage":"hr"},{"@type":"WebPage","@id":"https:\/\/www.lepoglava.hr\/festival-cipke\/svecano-otvoren-29-medunarodni-festival-cipke-cipka-nastaje-u-tisini-ali-glasno-govori-o-kulturi-povijesti-i-zenskoj-snazi\/","url":"https:\/\/www.lepoglava.hr\/festival-cipke\/svecano-otvoren-29-medunarodni-festival-cipke-cipka-nastaje-u-tisini-ali-glasno-govori-o-kulturi-povijesti-i-zenskoj-snazi\/","name":"Sve\u010dano otvoren 29. Me\u0111unarodni festival \u010dipke: \u010cipka nastaje u ti\u0161ini, ali glasno govori o kulturi, povijesti i \u017eenskoj snazi - 29. me\u0111unarodni festival \u010dipke","isPartOf":{"@id":"https:\/\/www.lepoglava.hr\/festival-cipke\/#website"},"datePublished":"2025-09-13T10:42:47+00:00","dateModified":"2025-09-13T10:44:45+00:00","breadcrumb":{"@id":"https:\/\/www.lepoglava.hr\/festival-cipke\/svecano-otvoren-29-medunarodni-festival-cipke-cipka-nastaje-u-tisini-ali-glasno-govori-o-kulturi-povijesti-i-zenskoj-snazi\/#breadcrumb"},"inLanguage":"hr","potentialAction":[{"@type":"ReadAction","target":["https:\/\/www.lepoglava.hr\/festival-cipke\/svecano-otvoren-29-medunarodni-festival-cipke-cipka-nastaje-u-tisini-ali-glasno-govori-o-kulturi-povijesti-i-zenskoj-snazi\/"]}]},{"@type":"BreadcrumbList","@id":"https:\/\/www.lepoglava.hr\/festival-cipke\/svecano-otvoren-29-medunarodni-festival-cipke-cipka-nastaje-u-tisini-ali-glasno-govori-o-kulturi-povijesti-i-zenskoj-snazi\/#breadcrumb","itemListElement":[{"@type":"ListItem","position":1,"name":"Po\u010detna stranica","item":"https:\/\/www.lepoglava.hr\/festival-cipke\/"},{"@type":"ListItem","position":2,"name":"Sve\u010dano otvoren 29. Me\u0111unarodni festival \u010dipke: \u010cipka nastaje u ti\u0161ini, ali glasno govori o kulturi, povijesti i \u017eenskoj snazi"}]},{"@type":"WebSite","@id":"https:\/\/www.lepoglava.hr\/festival-cipke\/#website","url":"https:\/\/www.lepoglava.hr\/festival-cipke\/","name":"29. me\u0111unarodni festival \u010dipke","description":"29. me\u0111unarodni festival \u010dipke - Lepoglava","publisher":{"@id":"https:\/\/www.lepoglava.hr\/festival-cipke\/#organization"},"potentialAction":[{"@type":"SearchAction","target":{"@type":"EntryPoint","urlTemplate":"https:\/\/www.lepoglava.hr\/festival-cipke\/?s={search_term_string}"},"query-input":"required name=search_term_string"}],"inLanguage":"hr"},{"@type":"Organization","@id":"https:\/\/www.lepoglava.hr\/festival-cipke\/#organization","name":"Grad Lepoglava","url":"https:\/\/www.lepoglava.hr\/festival-cipke\/","logo":{"@type":"ImageObject","inLanguage":"hr","@id":"https:\/\/www.lepoglava.hr\/festival-cipke\/#\/schema\/logo\/image\/","url":"https:\/\/www.lepoglava.hr\/festival-cipke\/wp-content\/uploads\/2020\/08\/lepoglava-logo.png","contentUrl":"https:\/\/www.lepoglava.hr\/festival-cipke\/wp-content\/uploads\/2020\/08\/lepoglava-logo.png","width":202,"height":58,"caption":"Grad Lepoglava"},"image":{"@id":"https:\/\/www.lepoglava.hr\/festival-cipke\/#\/schema\/logo\/image\/"}},{"@type":"Person","@id":"https:\/\/www.lepoglava.hr\/festival-cipke\/#\/schema\/person\/afb90b44ec6c12f33e98a7f5c6c611e1","name":"ulimarus"}]}},"_links":{"self":[{"href":"https:\/\/www.lepoglava.hr\/festival-cipke\/wp-json\/wp\/v2\/posts\/3552"}],"collection":[{"href":"https:\/\/www.lepoglava.hr\/festival-cipke\/wp-json\/wp\/v2\/posts"}],"about":[{"href":"https:\/\/www.lepoglava.hr\/festival-cipke\/wp-json\/wp\/v2\/types\/post"}],"author":[{"embeddable":true,"href":"https:\/\/www.lepoglava.hr\/festival-cipke\/wp-json\/wp\/v2\/users\/5"}],"replies":[{"embeddable":true,"href":"https:\/\/www.lepoglava.hr\/festival-cipke\/wp-json\/wp\/v2\/comments?post=3552"}],"version-history":[{"count":3,"href":"https:\/\/www.lepoglava.hr\/festival-cipke\/wp-json\/wp\/v2\/posts\/3552\/revisions"}],"predecessor-version":[{"id":3580,"href":"https:\/\/www.lepoglava.hr\/festival-cipke\/wp-json\/wp\/v2\/posts\/3552\/revisions\/3580"}],"wp:featuredmedia":[{"embeddable":true,"href":"https:\/\/www.lepoglava.hr\/festival-cipke\/wp-json\/wp\/v2\/media\/3568"}],"wp:attachment":[{"href":"https:\/\/www.lepoglava.hr\/festival-cipke\/wp-json\/wp\/v2\/media?parent=3552"}],"wp:term":[{"taxonomy":"category","embeddable":true,"href":"https:\/\/www.lepoglava.hr\/festival-cipke\/wp-json\/wp\/v2\/categories?post=3552"},{"taxonomy":"post_tag","embeddable":true,"href":"https:\/\/www.lepoglava.hr\/festival-cipke\/wp-json\/wp\/v2\/tags?post=3552"}],"curies":[{"name":"wp","href":"https:\/\/api.w.org\/{rel}","templated":true}]}}