{"id":357,"date":"2016-09-23T00:00:00","date_gmt":"2016-09-23T00:00:00","guid":{"rendered":"https:\/\/www.lepoglava.hr\/festival-cipke\/2016\/09\/23\/lepoglava-je-europska-cipkarska-prijestolnica\/"},"modified":"2016-09-23T00:00:00","modified_gmt":"2016-09-23T00:00:00","slug":"lepoglava-je-europska-cipkarska-prijestolnica","status":"publish","type":"post","link":"https:\/\/www.lepoglava.hr\/festival-cipke\/lepoglava-je-europska-cipkarska-prijestolnica\/","title":{"rendered":"Lepoglava je europska \u010dipkarska prijestolnica"},"content":{"rendered":"<p>Na sino\u0107njoj sve\u010danosti u Lepoglavi otvoren je jubilarni &#8211; 20. me\u0111unarodni festival \u010dipke. Lepoglava \u0107e tako sve do nedjelje, 25. rujna, biti prijestolnica europskog \u010dipkarstva, a tijekom \u010detiri festivalska dana posjetitelji ovog uglednog festivala imat \u0107e prigodu vidjeti tridesetak izlo\u017ebi \u010dipki iz devet zemalja Europe.<br \/>\nOvogodi\u0161nji me\u0111unarodni festival \u010dipke otvorio je \u017eupan Vara\u017edinske \u017eupanije Predrag \u0160tromar, izaslanik visoke pokroviteljice Festivala &#8211; predsjednice Republike Hrvatske Kolinde Grabar Kitarovi\u0107.<\/p>\n<p>\n&#8211; Lepoglava je mali grad velikog srca koji kuca za \u010dipku i \u010dipkarstvo, taj izuzetno vrijedan dio na\u0161e bogate tradicijske i kulturne ba\u0161tine, zahvaljuju\u0107i kojoj je na\u0161a Lepoglava finim nitima \u010dipke povezana s cijelim svijetom. Tijekom dva festivalska desetlje\u0107a \u010dipka nas je povezala s tridesetak gradova svijeta, a na\u0161 je festival od malog, lokalnog festivala prerastao u va\u017eno mjesto susreta raznih \u010dipkarskih tradicija iz cijele Europe. Stoga mo\u017eemo s pravom re\u0107i kako je Lepoglava u ove festivalske dane \u2013 europska \u010dipkarska prijestolnica \u2013 istaknuo je na sve\u010danom otvorenju 20. me\u0111unarodnog festivala \u010dipke gradona\u010delnik Lepoglave dipl. ing. Marijan \u0160kvari\u0107. Lepoglavski gradona\u010delnik tom je prigodom podsjetio na dugu i vrijednu kulturnu tradiciju lepoglavskog kraja, koja \u0107e biti dostojno predstavljena u novom Centru za posjetitelje.\u00a0<\/p>\n<p>\n&#8211; Posebno \u017eelim zahvaliti Kraljevini Belgiji, ovogodi\u0161njoj zemlji \u2013 partneru na\u0161eg festivala, zemlji s kojom nas povezuje duga i bogata \u010dipkarska tradicija \u2013 naglasio je gradona\u010delnik Lepoglave te na podr\u0161ci zahvalio i visokoj pokroviteljici festivala \u2013 predsjednici Kolindi Grabar Kitarovi\u0107, te pokroviteljima \u2013 Ministarstvu kulture, Ministarstvu turizma, Ministarstvu poljoprivrede, Vara\u017edinskoj \u017eupaniji te Hrvatskom povjerenstvu za UNESCO.\u00a0<\/p>\n<p>\nNa uzornoj organizaciji Festivala na sve\u010danom je otvorenju organizatorima \u010destitao mr. sc. Pavao Parat, direktor Regionalnog centra sjeverna Hrvatska Zagreba\u010dke banke, koja je generalni pokrovitelj 20. me\u0111unarodnog festivala \u010dipke.\u00a0<\/p>\n<p>\n\u010cestitku organizatorima uputio je na hrvatskom jeziku i veleposlanik Kraljevine Belgije, Njegova Ekselencija Philippe Benoit.\u00a0<br \/>\n&#8211; Iznimno smo po\u010da\u0161\u0107eni \u0161to u ovom prekrasnom gradu zajedno mo\u017eemo slaviti \u010dipku te predstaviti na\u0161u tradicionalnu \u010dipku, ali i moderne \u010dipkarske tehnike. Zadovoljstvo nam je da na ovom uglednom festivalu mo\u017eemo predstaviti na\u0161u zemlju, njenu kulturu i gastronomiju. Kraljevina Belgija s Republikom Hrvatskom ostvaruje odli\u010dne bilateralne odnose, no na\u0161a povezanost se\u017ee daleko u povijest, upravo zahvaljuju\u0107i \u010dipki na bati\u0107e. Ona je va\u017ean dio kulturne tradicije na\u0161e zemlje, a ovaj je festival nova prigoda da produbimo na\u0161e odnose te da zajedno radimo na o\u010duvanju i promociji \u010dipke i \u010dipkarstva, tog vrijednog dijela zajedni\u010dke europske ba\u0161tine \u2013 poru\u010dio je veleposlanik Benoit te izrazio nadu kako \u0107e odli\u010dna kulturna suradnja pomo\u0107i i u daljnjem razvoju gospodarske suradnje izme\u0111u Kraljevine Belgije i Republike Hrvatske.\u00a0<\/p>\n<p>\nZna\u010daj lepoglavske \u010dipke te bogate kulturne i obrazovno \u2013 znanstvene tradicije grada Lepoglave naglasio je i mr. sc. Adam Pintari\u0107, izaslanik ministra kulture Republike Hrvatske.\u00a0<br \/>\n&#8211; Lepoglavska \u010dipka i ostav\u0161tina lepoglavskih pavlina zorno pokazuju pripadnost istom europskom kulturnom krugu. Zahvaljuju\u0107i \u010dipki i ovom me\u0111unarodnom festivalu Lepoglava mijenja svoj imid\u017e i svoj identitet uspje\u0161no gradi kao grad kulture \u2013 rekao je izaslanik ministra kulture.\u00a0<\/p>\n<p>\nZna\u010daj me\u0111unarodnog festivala u Lepoglavi na sve\u010danosti je posebno istaknuo i Ivo Ba\u0161i\u0107, izaslanik ministra turizma.\u00a0&#8211; Me\u0111unarodni festival \u010dipke u Lepoglavi iz godine u godinu ima nove sadr\u017eaje i nove prijatelje. Zato je u dvadeset festivalskih godina prerastao u festival s me\u0111unarodnim ugledom koji na najbolji na\u010din reprezentira bogatu kulturnu tradiciju Lepoglave, ali i cijele Vara\u017edinske \u017eupanije. Neraskidivim nitima \u010dipke Lepoglava je danas povezana s cijelim svijetom, stoga s pravom mo\u017eemo biti ponosni na ovaj festival i vrijednosti koje promi\u010de \u2013 naglasio je vara\u017edinski \u017eupan Predrag \u0160tromar, izaslanik predsjednice Kolinde Grabar Kitarovi\u0107.<\/p>\n<p>\nU programu sve\u010danog otvaranja 20. me\u0111unarodnog festivala \u010dipke nastupile su sopranistica Sandra Bagari\u0107 i mezzosopranistica Blanka Tkal\u010di\u0107, uz klavirsku pratnju prof. Darka Domitrovi\u0107a.\u00a0<br \/>\nUgledni gosti festivala, me\u0111u kojima su bili i veleposlanica Australije, Njena ekselencija Susan Cox, \u010dlanovi diplomatskog zbora, saborski zastupnici, biskup Vara\u017edinske \u017eupanije msgr. Josip Mrzljak, te predstavnici jedinica lokalne i regionalne samouprave razgledali su izlo\u017ebe ovogodi\u0161njeg festivala te u\u017eivali u posebno atraktivnom programu \u2013 igri svjetla na pavlinskom samostanu u Lepoglavi.<\/p>\n","protected":false},"excerpt":{"rendered":"<p>Na sino\u0107njoj sve\u010danosti u Lepoglavi otvoren je jubilarni &#8211; 20. me\u0111unarodni festival \u010dipke. Lepoglava \u0107e tako sve do nedjelje, 25. &hellip;<\/p>\n<p class=\"read-more\"> <a class=\"\" href=\"https:\/\/www.lepoglava.hr\/festival-cipke\/lepoglava-je-europska-cipkarska-prijestolnica\/\"> <span class=\"screen-reader-text\">Lepoglava je europska \u010dipkarska prijestolnica<\/span> Vi\u0161e \u00bb<\/a><\/p>\n","protected":false},"author":4,"featured_media":358,"comment_status":"closed","ping_status":"open","sticky":false,"template":"","format":"standard","meta":{"site-sidebar-layout":"default","site-content-layout":"default","ast-global-header-display":"","ast-banner-title-visibility":"","ast-main-header-display":"","ast-hfb-above-header-display":"","ast-hfb-below-header-display":"","ast-hfb-mobile-header-display":"","site-post-title":"","ast-breadcrumbs-content":"","ast-featured-img":"","footer-sml-layout":"","theme-transparent-header-meta":"","adv-header-id-meta":"","stick-header-meta":"","header-above-stick-meta":"","header-main-stick-meta":"","header-below-stick-meta":"","pgc_sgb_lightbox_settings":""},"categories":[3],"tags":[8],"yoast_head":"<!-- This site is optimized with the Yoast SEO plugin v20.11 - https:\/\/yoast.com\/wordpress\/plugins\/seo\/ -->\n<title>Lepoglava je europska \u010dipkarska prijestolnica - 29. me\u0111unarodni festival \u010dipke<\/title>\n<meta name=\"robots\" content=\"index, follow, max-snippet:-1, max-image-preview:large, max-video-preview:-1\" \/>\n<link rel=\"canonical\" href=\"https:\/\/www.lepoglava.hr\/festival-cipke\/lepoglava-je-europska-cipkarska-prijestolnica\/\" \/>\n<meta property=\"og:locale\" content=\"hr_HR\" \/>\n<meta property=\"og:type\" content=\"article\" \/>\n<meta property=\"og:title\" content=\"Lepoglava je europska \u010dipkarska prijestolnica - 29. me\u0111unarodni festival \u010dipke\" \/>\n<meta property=\"og:description\" content=\"Na sino\u0107njoj sve\u010danosti u Lepoglavi otvoren je jubilarni &#8211; 20. me\u0111unarodni festival \u010dipke. Lepoglava \u0107e tako sve do nedjelje, 25. &hellip; Lepoglava je europska \u010dipkarska prijestolnica Vi\u0161e \u00bb\" \/>\n<meta property=\"og:url\" content=\"https:\/\/www.lepoglava.hr\/festival-cipke\/lepoglava-je-europska-cipkarska-prijestolnica\/\" \/>\n<meta property=\"og:site_name\" content=\"29. me\u0111unarodni festival \u010dipke\" \/>\n<meta property=\"article:published_time\" content=\"2016-09-23T00:00:00+00:00\" \/>\n<meta property=\"og:image\" content=\"https:\/\/www.lepoglava.hr\/festival-cipke\/wp-content\/uploads\/2020\/08\/cipka-2016.jpg\" \/>\n\t<meta property=\"og:image:width\" content=\"1920\" \/>\n\t<meta property=\"og:image:height\" content=\"1280\" \/>\n\t<meta property=\"og:image:type\" content=\"image\/jpeg\" \/>\n<meta name=\"author\" content=\"zgrubisa\" \/>\n<meta name=\"twitter:card\" content=\"summary_large_image\" \/>\n<meta name=\"twitter:label1\" content=\"Napisao\/la\" \/>\n\t<meta name=\"twitter:data1\" content=\"zgrubisa\" \/>\n\t<meta name=\"twitter:label2\" content=\"Procijenjeno vrijeme \u010ditanja\" \/>\n\t<meta name=\"twitter:data2\" content=\"3 minute\" \/>\n<script type=\"application\/ld+json\" class=\"yoast-schema-graph\">{\"@context\":\"https:\/\/schema.org\",\"@graph\":[{\"@type\":\"Article\",\"@id\":\"https:\/\/www.lepoglava.hr\/festival-cipke\/lepoglava-je-europska-cipkarska-prijestolnica\/#article\",\"isPartOf\":{\"@id\":\"https:\/\/www.lepoglava.hr\/festival-cipke\/lepoglava-je-europska-cipkarska-prijestolnica\/\"},\"author\":{\"name\":\"zgrubisa\",\"@id\":\"https:\/\/www.lepoglava.hr\/festival-cipke\/#\/schema\/person\/d67f6fec2e7e80fcac8a8597f3e676b9\"},\"headline\":\"Lepoglava je europska \u010dipkarska prijestolnica\",\"datePublished\":\"2016-09-23T00:00:00+00:00\",\"dateModified\":\"2016-09-23T00:00:00+00:00\",\"mainEntityOfPage\":{\"@id\":\"https:\/\/www.lepoglava.hr\/festival-cipke\/lepoglava-je-europska-cipkarska-prijestolnica\/\"},\"wordCount\":703,\"publisher\":{\"@id\":\"https:\/\/www.lepoglava.hr\/festival-cipke\/#organization\"},\"keywords\":[\"Festival 2016\"],\"articleSection\":[\"Novosti\"],\"inLanguage\":\"hr\"},{\"@type\":\"WebPage\",\"@id\":\"https:\/\/www.lepoglava.hr\/festival-cipke\/lepoglava-je-europska-cipkarska-prijestolnica\/\",\"url\":\"https:\/\/www.lepoglava.hr\/festival-cipke\/lepoglava-je-europska-cipkarska-prijestolnica\/\",\"name\":\"Lepoglava je europska \u010dipkarska prijestolnica - 29. me\u0111unarodni festival \u010dipke\",\"isPartOf\":{\"@id\":\"https:\/\/www.lepoglava.hr\/festival-cipke\/#website\"},\"datePublished\":\"2016-09-23T00:00:00+00:00\",\"dateModified\":\"2016-09-23T00:00:00+00:00\",\"breadcrumb\":{\"@id\":\"https:\/\/www.lepoglava.hr\/festival-cipke\/lepoglava-je-europska-cipkarska-prijestolnica\/#breadcrumb\"},\"inLanguage\":\"hr\",\"potentialAction\":[{\"@type\":\"ReadAction\",\"target\":[\"https:\/\/www.lepoglava.hr\/festival-cipke\/lepoglava-je-europska-cipkarska-prijestolnica\/\"]}]},{\"@type\":\"BreadcrumbList\",\"@id\":\"https:\/\/www.lepoglava.hr\/festival-cipke\/lepoglava-je-europska-cipkarska-prijestolnica\/#breadcrumb\",\"itemListElement\":[{\"@type\":\"ListItem\",\"position\":1,\"name\":\"Po\u010detna stranica\",\"item\":\"https:\/\/www.lepoglava.hr\/festival-cipke\/\"},{\"@type\":\"ListItem\",\"position\":2,\"name\":\"Lepoglava je europska \u010dipkarska prijestolnica\"}]},{\"@type\":\"WebSite\",\"@id\":\"https:\/\/www.lepoglava.hr\/festival-cipke\/#website\",\"url\":\"https:\/\/www.lepoglava.hr\/festival-cipke\/\",\"name\":\"29. me\u0111unarodni festival \u010dipke\",\"description\":\"29. me\u0111unarodni festival \u010dipke - Lepoglava\",\"publisher\":{\"@id\":\"https:\/\/www.lepoglava.hr\/festival-cipke\/#organization\"},\"potentialAction\":[{\"@type\":\"SearchAction\",\"target\":{\"@type\":\"EntryPoint\",\"urlTemplate\":\"https:\/\/www.lepoglava.hr\/festival-cipke\/?s={search_term_string}\"},\"query-input\":\"required name=search_term_string\"}],\"inLanguage\":\"hr\"},{\"@type\":\"Organization\",\"@id\":\"https:\/\/www.lepoglava.hr\/festival-cipke\/#organization\",\"name\":\"Grad Lepoglava\",\"url\":\"https:\/\/www.lepoglava.hr\/festival-cipke\/\",\"logo\":{\"@type\":\"ImageObject\",\"inLanguage\":\"hr\",\"@id\":\"https:\/\/www.lepoglava.hr\/festival-cipke\/#\/schema\/logo\/image\/\",\"url\":\"https:\/\/www.lepoglava.hr\/festival-cipke\/wp-content\/uploads\/2020\/08\/lepoglava-logo.png\",\"contentUrl\":\"https:\/\/www.lepoglava.hr\/festival-cipke\/wp-content\/uploads\/2020\/08\/lepoglava-logo.png\",\"width\":202,\"height\":58,\"caption\":\"Grad Lepoglava\"},\"image\":{\"@id\":\"https:\/\/www.lepoglava.hr\/festival-cipke\/#\/schema\/logo\/image\/\"}},{\"@type\":\"Person\",\"@id\":\"https:\/\/www.lepoglava.hr\/festival-cipke\/#\/schema\/person\/d67f6fec2e7e80fcac8a8597f3e676b9\",\"name\":\"zgrubisa\"}]}<\/script>\n<!-- \/ Yoast SEO plugin. -->","yoast_head_json":{"title":"Lepoglava je europska \u010dipkarska prijestolnica - 29. me\u0111unarodni festival \u010dipke","robots":{"index":"index","follow":"follow","max-snippet":"max-snippet:-1","max-image-preview":"max-image-preview:large","max-video-preview":"max-video-preview:-1"},"canonical":"https:\/\/www.lepoglava.hr\/festival-cipke\/lepoglava-je-europska-cipkarska-prijestolnica\/","og_locale":"hr_HR","og_type":"article","og_title":"Lepoglava je europska \u010dipkarska prijestolnica - 29. me\u0111unarodni festival \u010dipke","og_description":"Na sino\u0107njoj sve\u010danosti u Lepoglavi otvoren je jubilarni &#8211; 20. me\u0111unarodni festival \u010dipke. Lepoglava \u0107e tako sve do nedjelje, 25. &hellip; Lepoglava je europska \u010dipkarska prijestolnica Vi\u0161e \u00bb","og_url":"https:\/\/www.lepoglava.hr\/festival-cipke\/lepoglava-je-europska-cipkarska-prijestolnica\/","og_site_name":"29. me\u0111unarodni festival \u010dipke","article_published_time":"2016-09-23T00:00:00+00:00","og_image":[{"width":1920,"height":1280,"url":"https:\/\/www.lepoglava.hr\/festival-cipke\/wp-content\/uploads\/2020\/08\/cipka-2016.jpg","type":"image\/jpeg"}],"author":"zgrubisa","twitter_card":"summary_large_image","twitter_misc":{"Napisao\/la":"zgrubisa","Procijenjeno vrijeme \u010ditanja":"3 minute"},"schema":{"@context":"https:\/\/schema.org","@graph":[{"@type":"Article","@id":"https:\/\/www.lepoglava.hr\/festival-cipke\/lepoglava-je-europska-cipkarska-prijestolnica\/#article","isPartOf":{"@id":"https:\/\/www.lepoglava.hr\/festival-cipke\/lepoglava-je-europska-cipkarska-prijestolnica\/"},"author":{"name":"zgrubisa","@id":"https:\/\/www.lepoglava.hr\/festival-cipke\/#\/schema\/person\/d67f6fec2e7e80fcac8a8597f3e676b9"},"headline":"Lepoglava je europska \u010dipkarska prijestolnica","datePublished":"2016-09-23T00:00:00+00:00","dateModified":"2016-09-23T00:00:00+00:00","mainEntityOfPage":{"@id":"https:\/\/www.lepoglava.hr\/festival-cipke\/lepoglava-je-europska-cipkarska-prijestolnica\/"},"wordCount":703,"publisher":{"@id":"https:\/\/www.lepoglava.hr\/festival-cipke\/#organization"},"keywords":["Festival 2016"],"articleSection":["Novosti"],"inLanguage":"hr"},{"@type":"WebPage","@id":"https:\/\/www.lepoglava.hr\/festival-cipke\/lepoglava-je-europska-cipkarska-prijestolnica\/","url":"https:\/\/www.lepoglava.hr\/festival-cipke\/lepoglava-je-europska-cipkarska-prijestolnica\/","name":"Lepoglava je europska \u010dipkarska prijestolnica - 29. me\u0111unarodni festival \u010dipke","isPartOf":{"@id":"https:\/\/www.lepoglava.hr\/festival-cipke\/#website"},"datePublished":"2016-09-23T00:00:00+00:00","dateModified":"2016-09-23T00:00:00+00:00","breadcrumb":{"@id":"https:\/\/www.lepoglava.hr\/festival-cipke\/lepoglava-je-europska-cipkarska-prijestolnica\/#breadcrumb"},"inLanguage":"hr","potentialAction":[{"@type":"ReadAction","target":["https:\/\/www.lepoglava.hr\/festival-cipke\/lepoglava-je-europska-cipkarska-prijestolnica\/"]}]},{"@type":"BreadcrumbList","@id":"https:\/\/www.lepoglava.hr\/festival-cipke\/lepoglava-je-europska-cipkarska-prijestolnica\/#breadcrumb","itemListElement":[{"@type":"ListItem","position":1,"name":"Po\u010detna stranica","item":"https:\/\/www.lepoglava.hr\/festival-cipke\/"},{"@type":"ListItem","position":2,"name":"Lepoglava je europska \u010dipkarska prijestolnica"}]},{"@type":"WebSite","@id":"https:\/\/www.lepoglava.hr\/festival-cipke\/#website","url":"https:\/\/www.lepoglava.hr\/festival-cipke\/","name":"29. me\u0111unarodni festival \u010dipke","description":"29. me\u0111unarodni festival \u010dipke - Lepoglava","publisher":{"@id":"https:\/\/www.lepoglava.hr\/festival-cipke\/#organization"},"potentialAction":[{"@type":"SearchAction","target":{"@type":"EntryPoint","urlTemplate":"https:\/\/www.lepoglava.hr\/festival-cipke\/?s={search_term_string}"},"query-input":"required name=search_term_string"}],"inLanguage":"hr"},{"@type":"Organization","@id":"https:\/\/www.lepoglava.hr\/festival-cipke\/#organization","name":"Grad Lepoglava","url":"https:\/\/www.lepoglava.hr\/festival-cipke\/","logo":{"@type":"ImageObject","inLanguage":"hr","@id":"https:\/\/www.lepoglava.hr\/festival-cipke\/#\/schema\/logo\/image\/","url":"https:\/\/www.lepoglava.hr\/festival-cipke\/wp-content\/uploads\/2020\/08\/lepoglava-logo.png","contentUrl":"https:\/\/www.lepoglava.hr\/festival-cipke\/wp-content\/uploads\/2020\/08\/lepoglava-logo.png","width":202,"height":58,"caption":"Grad Lepoglava"},"image":{"@id":"https:\/\/www.lepoglava.hr\/festival-cipke\/#\/schema\/logo\/image\/"}},{"@type":"Person","@id":"https:\/\/www.lepoglava.hr\/festival-cipke\/#\/schema\/person\/d67f6fec2e7e80fcac8a8597f3e676b9","name":"zgrubisa"}]}},"_links":{"self":[{"href":"https:\/\/www.lepoglava.hr\/festival-cipke\/wp-json\/wp\/v2\/posts\/357"}],"collection":[{"href":"https:\/\/www.lepoglava.hr\/festival-cipke\/wp-json\/wp\/v2\/posts"}],"about":[{"href":"https:\/\/www.lepoglava.hr\/festival-cipke\/wp-json\/wp\/v2\/types\/post"}],"author":[{"embeddable":true,"href":"https:\/\/www.lepoglava.hr\/festival-cipke\/wp-json\/wp\/v2\/users\/4"}],"replies":[{"embeddable":true,"href":"https:\/\/www.lepoglava.hr\/festival-cipke\/wp-json\/wp\/v2\/comments?post=357"}],"version-history":[{"count":0,"href":"https:\/\/www.lepoglava.hr\/festival-cipke\/wp-json\/wp\/v2\/posts\/357\/revisions"}],"wp:featuredmedia":[{"embeddable":true,"href":"https:\/\/www.lepoglava.hr\/festival-cipke\/wp-json\/wp\/v2\/media\/358"}],"wp:attachment":[{"href":"https:\/\/www.lepoglava.hr\/festival-cipke\/wp-json\/wp\/v2\/media?parent=357"}],"wp:term":[{"taxonomy":"category","embeddable":true,"href":"https:\/\/www.lepoglava.hr\/festival-cipke\/wp-json\/wp\/v2\/categories?post=357"},{"taxonomy":"post_tag","embeddable":true,"href":"https:\/\/www.lepoglava.hr\/festival-cipke\/wp-json\/wp\/v2\/tags?post=357"}],"curies":[{"name":"wp","href":"https:\/\/api.w.org\/{rel}","templated":true}]}}