{"id":3581,"date":"2025-09-13T10:50:50","date_gmt":"2025-09-13T10:50:50","guid":{"rendered":"https:\/\/www.lepoglava.hr\/festival-cipke\/?p=3581"},"modified":"2025-09-13T10:51:06","modified_gmt":"2025-09-13T10:51:06","slug":"otvorena-izlozba-lepoglavski-festivala-u-filateliji-3","status":"publish","type":"post","link":"https:\/\/www.lepoglava.hr\/festival-cipke\/otvorena-izlozba-lepoglavski-festivala-u-filateliji-3\/","title":{"rendered":"Otvorena izlo\u017eba: &#8220;Lepoglavski festivali u filateliji &#8211; 3&#8221;"},"content":{"rendered":"\n<p><strong>U pavlinskom samostanu u petak, 12. rujna, uo\u010di sve\u010danog otvaranja 29. Me\u0111unarodnog festivala \u010dipke, otvorena je vrijedna filatelisti\u010dka izlo\u017eba &#8220;Lepoglavski festivali u filateliji &#8211; 3&#8221;.<\/strong><\/p>\n\n\n\n<p>Autor izlo\u017ebe <strong>Milan Pavlekovi\u0107<\/strong>, predsjednik Vara\u017edinskog kluba kolekcionara ovom izlo\u017ebom prikazao je prvih 16 godina Me\u0111unarodnog festivala \u010dipke, od 1997. do 2012. godine, a ovom izlo\u017ebom zavr\u0161ava se i posljednja filatelisti\u010dka slagalica za svih 29 festivala \u010dipke.<\/p>\n\n\n\n<p>U devet vitrina izlo\u017een je dio po\u0161tanskih maraka, po\u0161tanskih \u017eigova i dopisnica s motivima lepoglavske \u010dipke i me\u0111unarodnog festivala \u010dipke u Lepoglavi, kao trajni podsjetnik na dio filatelisti\u010dke pro\u0161losti koja&nbsp;promovira Lepoglavu, \u010dipku ali i njenu bogatu povijesnu ba\u0161tinu i prirodne ljepote.<\/p>\n\n\n\n<figure class=\"wp-block-gallery has-nested-images columns-default is-cropped wp-block-gallery-1 is-layout-flex\">\n<figure class=\"wp-block-image size-large\"><a href=\"https:\/\/www.lepoglava.hr\/festival-cipke\/wp-content\/uploads\/2025\/09\/festival_cipka_lep_46_12092025_photocopyright-by-darko-gorenak-godar.jpg\"><img decoding=\"async\" loading=\"lazy\" width=\"1024\" height=\"683\" data-id=\"3587\"  src=\"https:\/\/www.lepoglava.hr\/festival-cipke\/wp-content\/uploads\/2025\/09\/festival_cipka_lep_46_12092025_photocopyright-by-darko-gorenak-godar-1024x683.jpg\" alt=\"\" class=\"wp-image-3587\" srcset=\"https:\/\/www.lepoglava.hr\/festival-cipke\/wp-content\/uploads\/2025\/09\/festival_cipka_lep_46_12092025_photocopyright-by-darko-gorenak-godar-1024x683.jpg 1024w, https:\/\/www.lepoglava.hr\/festival-cipke\/wp-content\/uploads\/2025\/09\/festival_cipka_lep_46_12092025_photocopyright-by-darko-gorenak-godar-300x200.jpg 300w, https:\/\/www.lepoglava.hr\/festival-cipke\/wp-content\/uploads\/2025\/09\/festival_cipka_lep_46_12092025_photocopyright-by-darko-gorenak-godar-768x512.jpg 768w, https:\/\/www.lepoglava.hr\/festival-cipke\/wp-content\/uploads\/2025\/09\/festival_cipka_lep_46_12092025_photocopyright-by-darko-gorenak-godar-1536x1024.jpg 1536w, https:\/\/www.lepoglava.hr\/festival-cipke\/wp-content\/uploads\/2025\/09\/festival_cipka_lep_46_12092025_photocopyright-by-darko-gorenak-godar.jpg 1920w\" sizes=\"(max-width: 1024px) 100vw, 1024px\" \/><\/a><\/figure>\n\n\n\n<figure class=\"wp-block-image size-large\"><a href=\"https:\/\/www.lepoglava.hr\/festival-cipke\/wp-content\/uploads\/2025\/09\/festival_cipka_lep_45_12092025_photocopyright-by-darko-gorenak-godar.jpg\"><img decoding=\"async\" loading=\"lazy\" width=\"1024\" height=\"683\" data-id=\"3586\"  src=\"https:\/\/www.lepoglava.hr\/festival-cipke\/wp-content\/uploads\/2025\/09\/festival_cipka_lep_45_12092025_photocopyright-by-darko-gorenak-godar-1024x683.jpg\" alt=\"\" class=\"wp-image-3586\" srcset=\"https:\/\/www.lepoglava.hr\/festival-cipke\/wp-content\/uploads\/2025\/09\/festival_cipka_lep_45_12092025_photocopyright-by-darko-gorenak-godar-1024x683.jpg 1024w, https:\/\/www.lepoglava.hr\/festival-cipke\/wp-content\/uploads\/2025\/09\/festival_cipka_lep_45_12092025_photocopyright-by-darko-gorenak-godar-300x200.jpg 300w, https:\/\/www.lepoglava.hr\/festival-cipke\/wp-content\/uploads\/2025\/09\/festival_cipka_lep_45_12092025_photocopyright-by-darko-gorenak-godar-768x512.jpg 768w, https:\/\/www.lepoglava.hr\/festival-cipke\/wp-content\/uploads\/2025\/09\/festival_cipka_lep_45_12092025_photocopyright-by-darko-gorenak-godar-1536x1024.jpg 1536w, https:\/\/www.lepoglava.hr\/festival-cipke\/wp-content\/uploads\/2025\/09\/festival_cipka_lep_45_12092025_photocopyright-by-darko-gorenak-godar.jpg 1920w\" sizes=\"(max-width: 1024px) 100vw, 1024px\" \/><\/a><\/figure>\n\n\n\n<figure class=\"wp-block-image size-large\"><a href=\"https:\/\/www.lepoglava.hr\/festival-cipke\/wp-content\/uploads\/2025\/09\/festival_cipka_lep_44_12092025_photocopyright-by-darko-gorenak-godar.jpg\"><img decoding=\"async\" loading=\"lazy\" width=\"1024\" height=\"683\" data-id=\"3585\"  src=\"https:\/\/www.lepoglava.hr\/festival-cipke\/wp-content\/uploads\/2025\/09\/festival_cipka_lep_44_12092025_photocopyright-by-darko-gorenak-godar-1024x683.jpg\" alt=\"\" class=\"wp-image-3585\" srcset=\"https:\/\/www.lepoglava.hr\/festival-cipke\/wp-content\/uploads\/2025\/09\/festival_cipka_lep_44_12092025_photocopyright-by-darko-gorenak-godar-1024x683.jpg 1024w, https:\/\/www.lepoglava.hr\/festival-cipke\/wp-content\/uploads\/2025\/09\/festival_cipka_lep_44_12092025_photocopyright-by-darko-gorenak-godar-300x200.jpg 300w, https:\/\/www.lepoglava.hr\/festival-cipke\/wp-content\/uploads\/2025\/09\/festival_cipka_lep_44_12092025_photocopyright-by-darko-gorenak-godar-768x512.jpg 768w, https:\/\/www.lepoglava.hr\/festival-cipke\/wp-content\/uploads\/2025\/09\/festival_cipka_lep_44_12092025_photocopyright-by-darko-gorenak-godar-1536x1025.jpg 1536w, https:\/\/www.lepoglava.hr\/festival-cipke\/wp-content\/uploads\/2025\/09\/festival_cipka_lep_44_12092025_photocopyright-by-darko-gorenak-godar.jpg 1920w\" sizes=\"(max-width: 1024px) 100vw, 1024px\" \/><\/a><\/figure>\n\n\n\n<figure class=\"wp-block-image size-large\"><a href=\"https:\/\/www.lepoglava.hr\/festival-cipke\/wp-content\/uploads\/2025\/09\/festival_cipka_lep_43_12092025_photocopyright-by-darko-gorenak-godar.jpg\"><img decoding=\"async\" loading=\"lazy\" width=\"1024\" height=\"683\" data-id=\"3584\"  src=\"https:\/\/www.lepoglava.hr\/festival-cipke\/wp-content\/uploads\/2025\/09\/festival_cipka_lep_43_12092025_photocopyright-by-darko-gorenak-godar-1024x683.jpg\" alt=\"\" class=\"wp-image-3584\" srcset=\"https:\/\/www.lepoglava.hr\/festival-cipke\/wp-content\/uploads\/2025\/09\/festival_cipka_lep_43_12092025_photocopyright-by-darko-gorenak-godar-1024x683.jpg 1024w, https:\/\/www.lepoglava.hr\/festival-cipke\/wp-content\/uploads\/2025\/09\/festival_cipka_lep_43_12092025_photocopyright-by-darko-gorenak-godar-300x200.jpg 300w, https:\/\/www.lepoglava.hr\/festival-cipke\/wp-content\/uploads\/2025\/09\/festival_cipka_lep_43_12092025_photocopyright-by-darko-gorenak-godar-768x512.jpg 768w, https:\/\/www.lepoglava.hr\/festival-cipke\/wp-content\/uploads\/2025\/09\/festival_cipka_lep_43_12092025_photocopyright-by-darko-gorenak-godar-1536x1024.jpg 1536w, https:\/\/www.lepoglava.hr\/festival-cipke\/wp-content\/uploads\/2025\/09\/festival_cipka_lep_43_12092025_photocopyright-by-darko-gorenak-godar.jpg 1920w\" sizes=\"(max-width: 1024px) 100vw, 1024px\" \/><\/a><\/figure>\n\n\n\n<figure class=\"wp-block-image size-large\"><a href=\"https:\/\/www.lepoglava.hr\/festival-cipke\/wp-content\/uploads\/2025\/09\/festival_cipka_lep_42_12092025_photocopyright-by-darko-gorenak-godar.jpg\"><img decoding=\"async\" loading=\"lazy\" width=\"1024\" height=\"683\" data-id=\"3583\"  src=\"https:\/\/www.lepoglava.hr\/festival-cipke\/wp-content\/uploads\/2025\/09\/festival_cipka_lep_42_12092025_photocopyright-by-darko-gorenak-godar-1024x683.jpg\" alt=\"\" class=\"wp-image-3583\" srcset=\"https:\/\/www.lepoglava.hr\/festival-cipke\/wp-content\/uploads\/2025\/09\/festival_cipka_lep_42_12092025_photocopyright-by-darko-gorenak-godar-1024x683.jpg 1024w, https:\/\/www.lepoglava.hr\/festival-cipke\/wp-content\/uploads\/2025\/09\/festival_cipka_lep_42_12092025_photocopyright-by-darko-gorenak-godar-300x200.jpg 300w, https:\/\/www.lepoglava.hr\/festival-cipke\/wp-content\/uploads\/2025\/09\/festival_cipka_lep_42_12092025_photocopyright-by-darko-gorenak-godar-768x512.jpg 768w, https:\/\/www.lepoglava.hr\/festival-cipke\/wp-content\/uploads\/2025\/09\/festival_cipka_lep_42_12092025_photocopyright-by-darko-gorenak-godar-1536x1024.jpg 1536w, https:\/\/www.lepoglava.hr\/festival-cipke\/wp-content\/uploads\/2025\/09\/festival_cipka_lep_42_12092025_photocopyright-by-darko-gorenak-godar.jpg 1920w\" sizes=\"(max-width: 1024px) 100vw, 1024px\" \/><\/a><\/figure>\n<\/figure>\n\n\n\n<p>Na izlo\u017ebi posjetitelji mogu vidjeti i filatelisti\u010dke raritete koji &#8220;pri\u010daju najljep\u0161u \u010dipkarsku pri\u010du&#8221;.<\/p>\n\n\n\n<p>I ove su godine, na dan otvaranja izlo\u017ebe, posjetitelji dobili prigodnu razglednicu, tiskanu u ograni\u010denoj ediciji, s posebnim \u017eigom koji je izradila Hrvatska po\u0161ta.<\/p>\n\n\n\n<p>U samostanu je u petak bio otvoren i &#8220;po\u0161tanski ured&#8221; pa su posjetitelji s festivala mogli poslati razglednice koje \u0107e imati poseban pe\u010dat, a tradicionalno su i sve po\u0161iljke iz po\u0161tanskog ureda u Lepoglavi 12. rujna poslane s prigodnim \u017eigom.<\/p>\n\n\n\n<p>Na izlo\u017ebi u samostanu su izlo\u017eeni i likovni radovi u\u010denika osnovnih \u0161kola i djece iz dje\u010djih vrti\u0107a na temu \u010dipke i me\u0111unarodnog festivala \u010dipke.<\/p>\n\n\n\n<p>Autor izlo\u017ebe Milan Pavlekovi\u0107 posebno je zahvalio Turisti\u010dkoj zajednici grada Lepoglave i TKIC-u koji ve\u0107 godinama podr\u017eavaju ovu vrijednu filatelisti\u010dku izlo\u017ebu.<\/p>\n\n\n\n<p>Izlo\u017ebu je otvorio <strong>Vladimir Hrg<\/strong>, predstavnik Hrvatske po\u0161te, koji je tom prilikom istaknuo kako je od 1991. godine do danas Hrvatska po\u0161ta izdala \u010dak 10 po\u0161tanskih maraka s motivom iz Lepoglave, \u010dime je promovirana vrijedna kulturna ba\u0161tina lepoglavskog kraja.<\/p>\n\n\n\n<p><\/p>\n","protected":false},"excerpt":{"rendered":"<p>U pavlinskom samostanu u petak, 12. rujna, uo\u010di sve\u010danog otvaranja 29. Me\u0111unarodnog festivala \u010dipke, otvorena je vrijedna filatelisti\u010dka izlo\u017eba &#8220;Lepoglavski &hellip;<\/p>\n<p class=\"read-more\"> <a class=\"\" href=\"https:\/\/www.lepoglava.hr\/festival-cipke\/otvorena-izlozba-lepoglavski-festivala-u-filateliji-3\/\"> <span class=\"screen-reader-text\">Otvorena izlo\u017eba: &#8220;Lepoglavski festivali u filateliji &#8211; 3&#8221;<\/span> Vi\u0161e \u00bb<\/a><\/p>\n","protected":false},"author":5,"featured_media":3588,"comment_status":"closed","ping_status":"open","sticky":false,"template":"","format":"standard","meta":{"site-sidebar-layout":"default","site-content-layout":"default","ast-global-header-display":"","ast-banner-title-visibility":"","ast-main-header-display":"","ast-hfb-above-header-display":"","ast-hfb-below-header-display":"","ast-hfb-mobile-header-display":"","site-post-title":"","ast-breadcrumbs-content":"","ast-featured-img":"","footer-sml-layout":"","theme-transparent-header-meta":"","adv-header-id-meta":"","stick-header-meta":"","header-above-stick-meta":"","header-main-stick-meta":"","header-below-stick-meta":"","pgc_sgb_lightbox_settings":""},"categories":[3],"tags":[],"yoast_head":"<!-- This site is optimized with the Yoast SEO plugin v20.11 - https:\/\/yoast.com\/wordpress\/plugins\/seo\/ -->\n<title>Otvorena izlo\u017eba: &quot;Lepoglavski festivali u filateliji - 3&quot; - 29. me\u0111unarodni festival \u010dipke<\/title>\n<meta name=\"robots\" content=\"index, follow, max-snippet:-1, max-image-preview:large, max-video-preview:-1\" \/>\n<link rel=\"canonical\" href=\"https:\/\/www.lepoglava.hr\/festival-cipke\/otvorena-izlozba-lepoglavski-festivala-u-filateliji-3\/\" \/>\n<meta property=\"og:locale\" content=\"hr_HR\" \/>\n<meta property=\"og:type\" content=\"article\" \/>\n<meta property=\"og:title\" content=\"Otvorena izlo\u017eba: &quot;Lepoglavski festivali u filateliji - 3&quot; - 29. me\u0111unarodni festival \u010dipke\" \/>\n<meta property=\"og:description\" content=\"U pavlinskom samostanu u petak, 12. rujna, uo\u010di sve\u010danog otvaranja 29. Me\u0111unarodnog festivala \u010dipke, otvorena je vrijedna filatelisti\u010dka izlo\u017eba &#8220;Lepoglavski &hellip; Otvorena izlo\u017eba: &#8220;Lepoglavski festivali u filateliji &#8211; 3&#8221; Vi\u0161e \u00bb\" \/>\n<meta property=\"og:url\" content=\"https:\/\/www.lepoglava.hr\/festival-cipke\/otvorena-izlozba-lepoglavski-festivala-u-filateliji-3\/\" \/>\n<meta property=\"og:site_name\" content=\"29. me\u0111unarodni festival \u010dipke\" \/>\n<meta property=\"article:published_time\" content=\"2025-09-13T10:50:50+00:00\" \/>\n<meta property=\"article:modified_time\" content=\"2025-09-13T10:51:06+00:00\" \/>\n<meta property=\"og:image\" content=\"https:\/\/www.lepoglava.hr\/festival-cipke\/wp-content\/uploads\/2025\/09\/festival_cipka_lep_47_12092025_photocopyright-by-darko-gorenak-godar.jpg\" \/>\n\t<meta property=\"og:image:width\" content=\"1920\" \/>\n\t<meta property=\"og:image:height\" content=\"1280\" \/>\n\t<meta property=\"og:image:type\" content=\"image\/jpeg\" \/>\n<meta name=\"author\" content=\"ulimarus\" \/>\n<meta name=\"twitter:card\" content=\"summary_large_image\" \/>\n<meta name=\"twitter:label1\" content=\"Napisao\/la\" \/>\n\t<meta name=\"twitter:data1\" content=\"ulimarus\" \/>\n<script type=\"application\/ld+json\" class=\"yoast-schema-graph\">{\"@context\":\"https:\/\/schema.org\",\"@graph\":[{\"@type\":\"Article\",\"@id\":\"https:\/\/www.lepoglava.hr\/festival-cipke\/otvorena-izlozba-lepoglavski-festivala-u-filateliji-3\/#article\",\"isPartOf\":{\"@id\":\"https:\/\/www.lepoglava.hr\/festival-cipke\/otvorena-izlozba-lepoglavski-festivala-u-filateliji-3\/\"},\"author\":{\"name\":\"ulimarus\",\"@id\":\"https:\/\/www.lepoglava.hr\/festival-cipke\/#\/schema\/person\/afb90b44ec6c12f33e98a7f5c6c611e1\"},\"headline\":\"Otvorena izlo\u017eba: &#8220;Lepoglavski festivali u filateliji &#8211; 3&#8221;\",\"datePublished\":\"2025-09-13T10:50:50+00:00\",\"dateModified\":\"2025-09-13T10:51:06+00:00\",\"mainEntityOfPage\":{\"@id\":\"https:\/\/www.lepoglava.hr\/festival-cipke\/otvorena-izlozba-lepoglavski-festivala-u-filateliji-3\/\"},\"wordCount\":311,\"publisher\":{\"@id\":\"https:\/\/www.lepoglava.hr\/festival-cipke\/#organization\"},\"articleSection\":[\"Novosti\"],\"inLanguage\":\"hr\"},{\"@type\":\"WebPage\",\"@id\":\"https:\/\/www.lepoglava.hr\/festival-cipke\/otvorena-izlozba-lepoglavski-festivala-u-filateliji-3\/\",\"url\":\"https:\/\/www.lepoglava.hr\/festival-cipke\/otvorena-izlozba-lepoglavski-festivala-u-filateliji-3\/\",\"name\":\"Otvorena izlo\u017eba: \\\"Lepoglavski festivali u filateliji - 3\\\" - 29. me\u0111unarodni festival \u010dipke\",\"isPartOf\":{\"@id\":\"https:\/\/www.lepoglava.hr\/festival-cipke\/#website\"},\"datePublished\":\"2025-09-13T10:50:50+00:00\",\"dateModified\":\"2025-09-13T10:51:06+00:00\",\"breadcrumb\":{\"@id\":\"https:\/\/www.lepoglava.hr\/festival-cipke\/otvorena-izlozba-lepoglavski-festivala-u-filateliji-3\/#breadcrumb\"},\"inLanguage\":\"hr\",\"potentialAction\":[{\"@type\":\"ReadAction\",\"target\":[\"https:\/\/www.lepoglava.hr\/festival-cipke\/otvorena-izlozba-lepoglavski-festivala-u-filateliji-3\/\"]}]},{\"@type\":\"BreadcrumbList\",\"@id\":\"https:\/\/www.lepoglava.hr\/festival-cipke\/otvorena-izlozba-lepoglavski-festivala-u-filateliji-3\/#breadcrumb\",\"itemListElement\":[{\"@type\":\"ListItem\",\"position\":1,\"name\":\"Po\u010detna stranica\",\"item\":\"https:\/\/www.lepoglava.hr\/festival-cipke\/\"},{\"@type\":\"ListItem\",\"position\":2,\"name\":\"Otvorena izlo\u017eba: &#8220;Lepoglavski festivali u filateliji &#8211; 3&#8221;\"}]},{\"@type\":\"WebSite\",\"@id\":\"https:\/\/www.lepoglava.hr\/festival-cipke\/#website\",\"url\":\"https:\/\/www.lepoglava.hr\/festival-cipke\/\",\"name\":\"29. me\u0111unarodni festival \u010dipke\",\"description\":\"29. me\u0111unarodni festival \u010dipke - Lepoglava\",\"publisher\":{\"@id\":\"https:\/\/www.lepoglava.hr\/festival-cipke\/#organization\"},\"potentialAction\":[{\"@type\":\"SearchAction\",\"target\":{\"@type\":\"EntryPoint\",\"urlTemplate\":\"https:\/\/www.lepoglava.hr\/festival-cipke\/?s={search_term_string}\"},\"query-input\":\"required name=search_term_string\"}],\"inLanguage\":\"hr\"},{\"@type\":\"Organization\",\"@id\":\"https:\/\/www.lepoglava.hr\/festival-cipke\/#organization\",\"name\":\"Grad Lepoglava\",\"url\":\"https:\/\/www.lepoglava.hr\/festival-cipke\/\",\"logo\":{\"@type\":\"ImageObject\",\"inLanguage\":\"hr\",\"@id\":\"https:\/\/www.lepoglava.hr\/festival-cipke\/#\/schema\/logo\/image\/\",\"url\":\"https:\/\/www.lepoglava.hr\/festival-cipke\/wp-content\/uploads\/2020\/08\/lepoglava-logo.png\",\"contentUrl\":\"https:\/\/www.lepoglava.hr\/festival-cipke\/wp-content\/uploads\/2020\/08\/lepoglava-logo.png\",\"width\":202,\"height\":58,\"caption\":\"Grad Lepoglava\"},\"image\":{\"@id\":\"https:\/\/www.lepoglava.hr\/festival-cipke\/#\/schema\/logo\/image\/\"}},{\"@type\":\"Person\",\"@id\":\"https:\/\/www.lepoglava.hr\/festival-cipke\/#\/schema\/person\/afb90b44ec6c12f33e98a7f5c6c611e1\",\"name\":\"ulimarus\"}]}<\/script>\n<!-- \/ Yoast SEO plugin. -->","yoast_head_json":{"title":"Otvorena izlo\u017eba: \"Lepoglavski festivali u filateliji - 3\" - 29. me\u0111unarodni festival \u010dipke","robots":{"index":"index","follow":"follow","max-snippet":"max-snippet:-1","max-image-preview":"max-image-preview:large","max-video-preview":"max-video-preview:-1"},"canonical":"https:\/\/www.lepoglava.hr\/festival-cipke\/otvorena-izlozba-lepoglavski-festivala-u-filateliji-3\/","og_locale":"hr_HR","og_type":"article","og_title":"Otvorena izlo\u017eba: \"Lepoglavski festivali u filateliji - 3\" - 29. me\u0111unarodni festival \u010dipke","og_description":"U pavlinskom samostanu u petak, 12. rujna, uo\u010di sve\u010danog otvaranja 29. Me\u0111unarodnog festivala \u010dipke, otvorena je vrijedna filatelisti\u010dka izlo\u017eba &#8220;Lepoglavski &hellip; Otvorena izlo\u017eba: &#8220;Lepoglavski festivali u filateliji &#8211; 3&#8221; Vi\u0161e \u00bb","og_url":"https:\/\/www.lepoglava.hr\/festival-cipke\/otvorena-izlozba-lepoglavski-festivala-u-filateliji-3\/","og_site_name":"29. me\u0111unarodni festival \u010dipke","article_published_time":"2025-09-13T10:50:50+00:00","article_modified_time":"2025-09-13T10:51:06+00:00","og_image":[{"width":1920,"height":1280,"url":"https:\/\/www.lepoglava.hr\/festival-cipke\/wp-content\/uploads\/2025\/09\/festival_cipka_lep_47_12092025_photocopyright-by-darko-gorenak-godar.jpg","type":"image\/jpeg"}],"author":"ulimarus","twitter_card":"summary_large_image","twitter_misc":{"Napisao\/la":"ulimarus"},"schema":{"@context":"https:\/\/schema.org","@graph":[{"@type":"Article","@id":"https:\/\/www.lepoglava.hr\/festival-cipke\/otvorena-izlozba-lepoglavski-festivala-u-filateliji-3\/#article","isPartOf":{"@id":"https:\/\/www.lepoglava.hr\/festival-cipke\/otvorena-izlozba-lepoglavski-festivala-u-filateliji-3\/"},"author":{"name":"ulimarus","@id":"https:\/\/www.lepoglava.hr\/festival-cipke\/#\/schema\/person\/afb90b44ec6c12f33e98a7f5c6c611e1"},"headline":"Otvorena izlo\u017eba: &#8220;Lepoglavski festivali u filateliji &#8211; 3&#8221;","datePublished":"2025-09-13T10:50:50+00:00","dateModified":"2025-09-13T10:51:06+00:00","mainEntityOfPage":{"@id":"https:\/\/www.lepoglava.hr\/festival-cipke\/otvorena-izlozba-lepoglavski-festivala-u-filateliji-3\/"},"wordCount":311,"publisher":{"@id":"https:\/\/www.lepoglava.hr\/festival-cipke\/#organization"},"articleSection":["Novosti"],"inLanguage":"hr"},{"@type":"WebPage","@id":"https:\/\/www.lepoglava.hr\/festival-cipke\/otvorena-izlozba-lepoglavski-festivala-u-filateliji-3\/","url":"https:\/\/www.lepoglava.hr\/festival-cipke\/otvorena-izlozba-lepoglavski-festivala-u-filateliji-3\/","name":"Otvorena izlo\u017eba: \"Lepoglavski festivali u filateliji - 3\" - 29. me\u0111unarodni festival \u010dipke","isPartOf":{"@id":"https:\/\/www.lepoglava.hr\/festival-cipke\/#website"},"datePublished":"2025-09-13T10:50:50+00:00","dateModified":"2025-09-13T10:51:06+00:00","breadcrumb":{"@id":"https:\/\/www.lepoglava.hr\/festival-cipke\/otvorena-izlozba-lepoglavski-festivala-u-filateliji-3\/#breadcrumb"},"inLanguage":"hr","potentialAction":[{"@type":"ReadAction","target":["https:\/\/www.lepoglava.hr\/festival-cipke\/otvorena-izlozba-lepoglavski-festivala-u-filateliji-3\/"]}]},{"@type":"BreadcrumbList","@id":"https:\/\/www.lepoglava.hr\/festival-cipke\/otvorena-izlozba-lepoglavski-festivala-u-filateliji-3\/#breadcrumb","itemListElement":[{"@type":"ListItem","position":1,"name":"Po\u010detna stranica","item":"https:\/\/www.lepoglava.hr\/festival-cipke\/"},{"@type":"ListItem","position":2,"name":"Otvorena izlo\u017eba: &#8220;Lepoglavski festivali u filateliji &#8211; 3&#8221;"}]},{"@type":"WebSite","@id":"https:\/\/www.lepoglava.hr\/festival-cipke\/#website","url":"https:\/\/www.lepoglava.hr\/festival-cipke\/","name":"29. me\u0111unarodni festival \u010dipke","description":"29. me\u0111unarodni festival \u010dipke - Lepoglava","publisher":{"@id":"https:\/\/www.lepoglava.hr\/festival-cipke\/#organization"},"potentialAction":[{"@type":"SearchAction","target":{"@type":"EntryPoint","urlTemplate":"https:\/\/www.lepoglava.hr\/festival-cipke\/?s={search_term_string}"},"query-input":"required name=search_term_string"}],"inLanguage":"hr"},{"@type":"Organization","@id":"https:\/\/www.lepoglava.hr\/festival-cipke\/#organization","name":"Grad Lepoglava","url":"https:\/\/www.lepoglava.hr\/festival-cipke\/","logo":{"@type":"ImageObject","inLanguage":"hr","@id":"https:\/\/www.lepoglava.hr\/festival-cipke\/#\/schema\/logo\/image\/","url":"https:\/\/www.lepoglava.hr\/festival-cipke\/wp-content\/uploads\/2020\/08\/lepoglava-logo.png","contentUrl":"https:\/\/www.lepoglava.hr\/festival-cipke\/wp-content\/uploads\/2020\/08\/lepoglava-logo.png","width":202,"height":58,"caption":"Grad Lepoglava"},"image":{"@id":"https:\/\/www.lepoglava.hr\/festival-cipke\/#\/schema\/logo\/image\/"}},{"@type":"Person","@id":"https:\/\/www.lepoglava.hr\/festival-cipke\/#\/schema\/person\/afb90b44ec6c12f33e98a7f5c6c611e1","name":"ulimarus"}]}},"_links":{"self":[{"href":"https:\/\/www.lepoglava.hr\/festival-cipke\/wp-json\/wp\/v2\/posts\/3581"}],"collection":[{"href":"https:\/\/www.lepoglava.hr\/festival-cipke\/wp-json\/wp\/v2\/posts"}],"about":[{"href":"https:\/\/www.lepoglava.hr\/festival-cipke\/wp-json\/wp\/v2\/types\/post"}],"author":[{"embeddable":true,"href":"https:\/\/www.lepoglava.hr\/festival-cipke\/wp-json\/wp\/v2\/users\/5"}],"replies":[{"embeddable":true,"href":"https:\/\/www.lepoglava.hr\/festival-cipke\/wp-json\/wp\/v2\/comments?post=3581"}],"version-history":[{"count":3,"href":"https:\/\/www.lepoglava.hr\/festival-cipke\/wp-json\/wp\/v2\/posts\/3581\/revisions"}],"predecessor-version":[{"id":3591,"href":"https:\/\/www.lepoglava.hr\/festival-cipke\/wp-json\/wp\/v2\/posts\/3581\/revisions\/3591"}],"wp:featuredmedia":[{"embeddable":true,"href":"https:\/\/www.lepoglava.hr\/festival-cipke\/wp-json\/wp\/v2\/media\/3588"}],"wp:attachment":[{"href":"https:\/\/www.lepoglava.hr\/festival-cipke\/wp-json\/wp\/v2\/media?parent=3581"}],"wp:term":[{"taxonomy":"category","embeddable":true,"href":"https:\/\/www.lepoglava.hr\/festival-cipke\/wp-json\/wp\/v2\/categories?post=3581"},{"taxonomy":"post_tag","embeddable":true,"href":"https:\/\/www.lepoglava.hr\/festival-cipke\/wp-json\/wp\/v2\/tags?post=3581"}],"curies":[{"name":"wp","href":"https:\/\/api.w.org\/{rel}","templated":true}]}}