{"id":3592,"date":"2025-09-13T10:57:42","date_gmt":"2025-09-13T10:57:42","guid":{"rendered":"https:\/\/www.lepoglava.hr\/festival-cipke\/?p=3592"},"modified":"2025-09-13T10:58:51","modified_gmt":"2025-09-13T10:58:51","slug":"modna-revija-i-radionice-na-danu-europske-bastine","status":"publish","type":"post","link":"https:\/\/www.lepoglava.hr\/festival-cipke\/modna-revija-i-radionice-na-danu-europske-bastine\/","title":{"rendered":"Modna revija i radionice na Danu europske ba\u0161tine"},"content":{"rendered":"\n<h2 class=\"wp-block-heading has-text-align-center\"><strong>U\u010denici kolekcijom inspiriranom \u010dipkom ispri\u010dali pri\u010du o identitetu, vremenu i prostoru<\/strong><\/h2>\n\n\n\n<p><strong>U Domu kulture na Tawanu i ove su godine, prvog dana Me\u0111unarodnog festivala \u010dipke odr\u017eane edukacijske radionice i modne revije u sklopu Dana europske ba\u0161tine.<\/strong><\/p>\n\n\n\n<p>Ovoga je puta zajedni\u010dka tema bila &#8220;Graditeljska ba\u0161tina: prozor prema pro\u0161losti, pogled u budu\u0107nost&#8221;, pa su u\u010denici Srednje strukovne \u0161kole iz Vara\u017edina pod vodstvom svojih mentora predstavili kolekciju odjevnih predmeta u kojoj su detaljima ispri\u010dali pri\u010du o pro\u0161lim vremenima, ali i otvorili prostor za budu\u0107nost utkav\u0161i u svaki predmet siluete i teksture graditeljske ba\u0161tine kao i minimalisti\u010dke linije modernih interpretacija.<\/p>\n\n\n\n<figure class=\"wp-block-gallery has-nested-images columns-default is-cropped wp-block-gallery-1 is-layout-flex\">\n<figure class=\"wp-block-image size-large\"><a href=\"https:\/\/www.lepoglava.hr\/festival-cipke\/wp-content\/uploads\/2025\/09\/festival_cipka_lep_27_12092025_photocopyright-by-darko-gorenak-godar.jpg\"><img decoding=\"async\" loading=\"lazy\" width=\"1024\" height=\"682\" data-id=\"3596\"  src=\"https:\/\/www.lepoglava.hr\/festival-cipke\/wp-content\/uploads\/2025\/09\/festival_cipka_lep_27_12092025_photocopyright-by-darko-gorenak-godar-1024x682.jpg\" alt=\"\" class=\"wp-image-3596\" srcset=\"https:\/\/www.lepoglava.hr\/festival-cipke\/wp-content\/uploads\/2025\/09\/festival_cipka_lep_27_12092025_photocopyright-by-darko-gorenak-godar-1024x682.jpg 1024w, https:\/\/www.lepoglava.hr\/festival-cipke\/wp-content\/uploads\/2025\/09\/festival_cipka_lep_27_12092025_photocopyright-by-darko-gorenak-godar-300x200.jpg 300w, https:\/\/www.lepoglava.hr\/festival-cipke\/wp-content\/uploads\/2025\/09\/festival_cipka_lep_27_12092025_photocopyright-by-darko-gorenak-godar-768x512.jpg 768w, https:\/\/www.lepoglava.hr\/festival-cipke\/wp-content\/uploads\/2025\/09\/festival_cipka_lep_27_12092025_photocopyright-by-darko-gorenak-godar-1536x1023.jpg 1536w, https:\/\/www.lepoglava.hr\/festival-cipke\/wp-content\/uploads\/2025\/09\/festival_cipka_lep_27_12092025_photocopyright-by-darko-gorenak-godar.jpg 1920w\" sizes=\"(max-width: 1024px) 100vw, 1024px\" \/><\/a><\/figure>\n\n\n\n<figure class=\"wp-block-image size-large\"><a href=\"https:\/\/www.lepoglava.hr\/festival-cipke\/wp-content\/uploads\/2025\/09\/festival_cipka_lep_31_12092025_photocopyright-by-darko-gorenak-godar.jpg\"><img decoding=\"async\" loading=\"lazy\" width=\"1024\" height=\"681\" data-id=\"3600\"  src=\"https:\/\/www.lepoglava.hr\/festival-cipke\/wp-content\/uploads\/2025\/09\/festival_cipka_lep_31_12092025_photocopyright-by-darko-gorenak-godar-1024x681.jpg\" alt=\"\" class=\"wp-image-3600\" srcset=\"https:\/\/www.lepoglava.hr\/festival-cipke\/wp-content\/uploads\/2025\/09\/festival_cipka_lep_31_12092025_photocopyright-by-darko-gorenak-godar-1024x681.jpg 1024w, https:\/\/www.lepoglava.hr\/festival-cipke\/wp-content\/uploads\/2025\/09\/festival_cipka_lep_31_12092025_photocopyright-by-darko-gorenak-godar-300x200.jpg 300w, https:\/\/www.lepoglava.hr\/festival-cipke\/wp-content\/uploads\/2025\/09\/festival_cipka_lep_31_12092025_photocopyright-by-darko-gorenak-godar-768x511.jpg 768w, https:\/\/www.lepoglava.hr\/festival-cipke\/wp-content\/uploads\/2025\/09\/festival_cipka_lep_31_12092025_photocopyright-by-darko-gorenak-godar-1536x1022.jpg 1536w, https:\/\/www.lepoglava.hr\/festival-cipke\/wp-content\/uploads\/2025\/09\/festival_cipka_lep_31_12092025_photocopyright-by-darko-gorenak-godar.jpg 1920w\" sizes=\"(max-width: 1024px) 100vw, 1024px\" \/><\/a><\/figure>\n\n\n\n<figure class=\"wp-block-image size-large\"><a href=\"https:\/\/www.lepoglava.hr\/festival-cipke\/wp-content\/uploads\/2025\/09\/festival_cipka_lep_28_12092025_photocopyright-by-darko-gorenak-godar.jpg\"><img decoding=\"async\" loading=\"lazy\" width=\"1024\" height=\"681\" data-id=\"3597\"  src=\"https:\/\/www.lepoglava.hr\/festival-cipke\/wp-content\/uploads\/2025\/09\/festival_cipka_lep_28_12092025_photocopyright-by-darko-gorenak-godar-1024x681.jpg\" alt=\"\" class=\"wp-image-3597\" srcset=\"https:\/\/www.lepoglava.hr\/festival-cipke\/wp-content\/uploads\/2025\/09\/festival_cipka_lep_28_12092025_photocopyright-by-darko-gorenak-godar-1024x681.jpg 1024w, https:\/\/www.lepoglava.hr\/festival-cipke\/wp-content\/uploads\/2025\/09\/festival_cipka_lep_28_12092025_photocopyright-by-darko-gorenak-godar-300x200.jpg 300w, https:\/\/www.lepoglava.hr\/festival-cipke\/wp-content\/uploads\/2025\/09\/festival_cipka_lep_28_12092025_photocopyright-by-darko-gorenak-godar-768x511.jpg 768w, https:\/\/www.lepoglava.hr\/festival-cipke\/wp-content\/uploads\/2025\/09\/festival_cipka_lep_28_12092025_photocopyright-by-darko-gorenak-godar-1536x1022.jpg 1536w, https:\/\/www.lepoglava.hr\/festival-cipke\/wp-content\/uploads\/2025\/09\/festival_cipka_lep_28_12092025_photocopyright-by-darko-gorenak-godar.jpg 1920w\" sizes=\"(max-width: 1024px) 100vw, 1024px\" \/><\/a><\/figure>\n\n\n\n<figure class=\"wp-block-image size-large\"><a href=\"https:\/\/www.lepoglava.hr\/festival-cipke\/wp-content\/uploads\/2025\/09\/festival_cipka_lep_29_12092025_photocopyright-by-darko-gorenak-godar.jpg\"><img decoding=\"async\" loading=\"lazy\" width=\"1024\" height=\"681\" data-id=\"3598\"  src=\"https:\/\/www.lepoglava.hr\/festival-cipke\/wp-content\/uploads\/2025\/09\/festival_cipka_lep_29_12092025_photocopyright-by-darko-gorenak-godar-1024x681.jpg\" alt=\"\" class=\"wp-image-3598\" srcset=\"https:\/\/www.lepoglava.hr\/festival-cipke\/wp-content\/uploads\/2025\/09\/festival_cipka_lep_29_12092025_photocopyright-by-darko-gorenak-godar-1024x681.jpg 1024w, https:\/\/www.lepoglava.hr\/festival-cipke\/wp-content\/uploads\/2025\/09\/festival_cipka_lep_29_12092025_photocopyright-by-darko-gorenak-godar-300x200.jpg 300w, https:\/\/www.lepoglava.hr\/festival-cipke\/wp-content\/uploads\/2025\/09\/festival_cipka_lep_29_12092025_photocopyright-by-darko-gorenak-godar-768x511.jpg 768w, https:\/\/www.lepoglava.hr\/festival-cipke\/wp-content\/uploads\/2025\/09\/festival_cipka_lep_29_12092025_photocopyright-by-darko-gorenak-godar-1536x1022.jpg 1536w, https:\/\/www.lepoglava.hr\/festival-cipke\/wp-content\/uploads\/2025\/09\/festival_cipka_lep_29_12092025_photocopyright-by-darko-gorenak-godar.jpg 1920w\" sizes=\"(max-width: 1024px) 100vw, 1024px\" \/><\/a><\/figure>\n\n\n\n<figure class=\"wp-block-image size-large\"><a href=\"https:\/\/www.lepoglava.hr\/festival-cipke\/wp-content\/uploads\/2025\/09\/festival_cipka_lep_30_12092025_photocopyright-by-darko-gorenak-godar.jpg\"><img decoding=\"async\" loading=\"lazy\" width=\"1024\" height=\"683\" data-id=\"3599\"  src=\"https:\/\/www.lepoglava.hr\/festival-cipke\/wp-content\/uploads\/2025\/09\/festival_cipka_lep_30_12092025_photocopyright-by-darko-gorenak-godar-1024x683.jpg\" alt=\"\" class=\"wp-image-3599\" srcset=\"https:\/\/www.lepoglava.hr\/festival-cipke\/wp-content\/uploads\/2025\/09\/festival_cipka_lep_30_12092025_photocopyright-by-darko-gorenak-godar-1024x683.jpg 1024w, https:\/\/www.lepoglava.hr\/festival-cipke\/wp-content\/uploads\/2025\/09\/festival_cipka_lep_30_12092025_photocopyright-by-darko-gorenak-godar-300x200.jpg 300w, https:\/\/www.lepoglava.hr\/festival-cipke\/wp-content\/uploads\/2025\/09\/festival_cipka_lep_30_12092025_photocopyright-by-darko-gorenak-godar-768x512.jpg 768w, https:\/\/www.lepoglava.hr\/festival-cipke\/wp-content\/uploads\/2025\/09\/festival_cipka_lep_30_12092025_photocopyright-by-darko-gorenak-godar-1536x1024.jpg 1536w, https:\/\/www.lepoglava.hr\/festival-cipke\/wp-content\/uploads\/2025\/09\/festival_cipka_lep_30_12092025_photocopyright-by-darko-gorenak-godar.jpg 1920w\" sizes=\"(max-width: 1024px) 100vw, 1024px\" \/><\/a><\/figure>\n\n\n\n<figure class=\"wp-block-image size-large\"><a href=\"https:\/\/www.lepoglava.hr\/festival-cipke\/wp-content\/uploads\/2025\/09\/festival_cipka_lep_32_12092025_photocopyright-by-darko-gorenak-godar.jpg\"><img decoding=\"async\" loading=\"lazy\" width=\"1024\" height=\"683\" data-id=\"3601\"  src=\"https:\/\/www.lepoglava.hr\/festival-cipke\/wp-content\/uploads\/2025\/09\/festival_cipka_lep_32_12092025_photocopyright-by-darko-gorenak-godar-1024x683.jpg\" alt=\"\" class=\"wp-image-3601\" srcset=\"https:\/\/www.lepoglava.hr\/festival-cipke\/wp-content\/uploads\/2025\/09\/festival_cipka_lep_32_12092025_photocopyright-by-darko-gorenak-godar-1024x683.jpg 1024w, https:\/\/www.lepoglava.hr\/festival-cipke\/wp-content\/uploads\/2025\/09\/festival_cipka_lep_32_12092025_photocopyright-by-darko-gorenak-godar-300x200.jpg 300w, https:\/\/www.lepoglava.hr\/festival-cipke\/wp-content\/uploads\/2025\/09\/festival_cipka_lep_32_12092025_photocopyright-by-darko-gorenak-godar-768x512.jpg 768w, https:\/\/www.lepoglava.hr\/festival-cipke\/wp-content\/uploads\/2025\/09\/festival_cipka_lep_32_12092025_photocopyright-by-darko-gorenak-godar-1536x1024.jpg 1536w, https:\/\/www.lepoglava.hr\/festival-cipke\/wp-content\/uploads\/2025\/09\/festival_cipka_lep_32_12092025_photocopyright-by-darko-gorenak-godar.jpg 1920w\" sizes=\"(max-width: 1024px) 100vw, 1024px\" \/><\/a><\/figure>\n\n\n\n<figure class=\"wp-block-image size-large\"><a href=\"https:\/\/www.lepoglava.hr\/festival-cipke\/wp-content\/uploads\/2025\/09\/festival_cipka_lep_33_12092025_photocopyright-by-darko-gorenak-godar.jpg\"><img decoding=\"async\" loading=\"lazy\" width=\"1024\" height=\"683\" data-id=\"3602\"  src=\"https:\/\/www.lepoglava.hr\/festival-cipke\/wp-content\/uploads\/2025\/09\/festival_cipka_lep_33_12092025_photocopyright-by-darko-gorenak-godar-1024x683.jpg\" alt=\"\" class=\"wp-image-3602\" srcset=\"https:\/\/www.lepoglava.hr\/festival-cipke\/wp-content\/uploads\/2025\/09\/festival_cipka_lep_33_12092025_photocopyright-by-darko-gorenak-godar-1024x683.jpg 1024w, https:\/\/www.lepoglava.hr\/festival-cipke\/wp-content\/uploads\/2025\/09\/festival_cipka_lep_33_12092025_photocopyright-by-darko-gorenak-godar-300x200.jpg 300w, https:\/\/www.lepoglava.hr\/festival-cipke\/wp-content\/uploads\/2025\/09\/festival_cipka_lep_33_12092025_photocopyright-by-darko-gorenak-godar-768x512.jpg 768w, https:\/\/www.lepoglava.hr\/festival-cipke\/wp-content\/uploads\/2025\/09\/festival_cipka_lep_33_12092025_photocopyright-by-darko-gorenak-godar-1536x1024.jpg 1536w, https:\/\/www.lepoglava.hr\/festival-cipke\/wp-content\/uploads\/2025\/09\/festival_cipka_lep_33_12092025_photocopyright-by-darko-gorenak-godar.jpg 1920w\" sizes=\"(max-width: 1024px) 100vw, 1024px\" \/><\/a><\/figure>\n<\/figure>\n\n\n\n<p>Kolekcija, koju su predstavili na Tawanu, simbolizira prozor kao motiv koji spaja vrijeme odnosno okvir kroz koji gledamo ono \u0161to je bilo i ono \u0161to dolazi, dok boje prate suvremene modne trendove, a krojevi su strukturirani poput arhitektonskih planova, s pa\u017eljivo izbalansiranim proporcijama koje podsje\u0107aju na povijest ali s modernim tvistom.<\/p>\n\n\n\n<p>Ova kolekcija, koju su pripremili u\u010denici Srednje strukovne \u0161kole iz Vara\u017edina koji polaze smjer Dizajner odje\u0107e pod vodstvom mentorice profesorice <strong>Ane Detoni<\/strong>, ne nosi samo odjevne predmete nego i pri\u010du o identitetu, vremenu i prostoru.<\/p>\n\n\n\n<p>Za atraktivne komade inspirirala ih je lepoglavska \u010dipka, \u010dija se vje\u0161tina izrade nalazi na UNESCO-ovoj Reprezentativnoj listi nematerijalne ba\u0161tine \u010dovje\u010danstva od 2009. godine.<\/p>\n\n\n\n<p>Osim u\u010denika, kolekciju inspiriranu \u010dipkom predstavili su i polaznici dje\u010djih vrti\u0107a u Lepoglavi, a kako lepoglavska \u010dipka nastaje posjetitelji su mogli vidjeti na radionicama koje su odr\u017eale majstorice-\u010dipkarice.<\/p>\n\n\n\n<p>U radionicama, koje su osmi\u0161ljene kako bi se pribli\u017eile tradicijske i suvremene tehnike izrade tekstila, potaknula kreativnost i osvijestila va\u017enost o\u010duvanja umjetni\u010dkih zanata sudionici su izra\u0111ivali ovratnike s aplikacijama, ogrlice od ko\u017ee, mini ukrasne jastu\u010dnice i modne dodatke. uvodno predavanje odr\u017eala je dr.sc. <strong>Mirjana Posavec<\/strong>, ravnateljica O\u0160 Ivana Rangera u Kamenici, a sudionike je pozdravio i gradona\u010delnik Lepoglave <strong>\u017deljko \u0160o\u0161tari\u0107<\/strong>.<\/p>\n\n\n\n<p>Program za Dan europske ba\u0161tine na Me\u0111unarodnom festivalu u Lepoglavi zajedno su organizirali Turisti\u010dko-kulturno informativni centar, Turisti\u010dka zajednica grada Lepoglave, Grad Lepoglava, Srednja strukovna \u0161kola iz Vara\u017edina, O\u0160 Ivana Rangera iz Kamenice i lepoglavski dje\u010dji vrti\u0107.<\/p>\n","protected":false},"excerpt":{"rendered":"<p>U\u010denici kolekcijom inspiriranom \u010dipkom ispri\u010dali pri\u010du o identitetu, vremenu i prostoru U Domu kulture na Tawanu i ove su godine, &hellip;<\/p>\n<p class=\"read-more\"> <a class=\"\" href=\"https:\/\/www.lepoglava.hr\/festival-cipke\/modna-revija-i-radionice-na-danu-europske-bastine\/\"> <span class=\"screen-reader-text\">Modna revija i radionice na Danu europske ba\u0161tine<\/span> Vi\u0161e \u00bb<\/a><\/p>\n","protected":false},"author":5,"featured_media":3595,"comment_status":"closed","ping_status":"open","sticky":false,"template":"","format":"standard","meta":{"site-sidebar-layout":"default","site-content-layout":"default","ast-global-header-display":"","ast-banner-title-visibility":"","ast-main-header-display":"","ast-hfb-above-header-display":"","ast-hfb-below-header-display":"","ast-hfb-mobile-header-display":"","site-post-title":"","ast-breadcrumbs-content":"","ast-featured-img":"","footer-sml-layout":"","theme-transparent-header-meta":"","adv-header-id-meta":"","stick-header-meta":"","header-above-stick-meta":"","header-main-stick-meta":"","header-below-stick-meta":"","pgc_sgb_lightbox_settings":""},"categories":[3],"tags":[],"yoast_head":"<!-- This site is optimized with the Yoast SEO plugin v20.11 - https:\/\/yoast.com\/wordpress\/plugins\/seo\/ -->\n<title>Modna revija i radionice na Danu europske ba\u0161tine - 29. me\u0111unarodni festival \u010dipke<\/title>\n<meta name=\"robots\" content=\"index, follow, max-snippet:-1, max-image-preview:large, max-video-preview:-1\" \/>\n<link rel=\"canonical\" href=\"https:\/\/www.lepoglava.hr\/festival-cipke\/modna-revija-i-radionice-na-danu-europske-bastine\/\" \/>\n<meta property=\"og:locale\" content=\"hr_HR\" \/>\n<meta property=\"og:type\" content=\"article\" \/>\n<meta property=\"og:title\" content=\"Modna revija i radionice na Danu europske ba\u0161tine - 29. me\u0111unarodni festival \u010dipke\" \/>\n<meta property=\"og:description\" content=\"U\u010denici kolekcijom inspiriranom \u010dipkom ispri\u010dali pri\u010du o identitetu, vremenu i prostoru U Domu kulture na Tawanu i ove su godine, &hellip; Modna revija i radionice na Danu europske ba\u0161tine Vi\u0161e \u00bb\" \/>\n<meta property=\"og:url\" content=\"https:\/\/www.lepoglava.hr\/festival-cipke\/modna-revija-i-radionice-na-danu-europske-bastine\/\" \/>\n<meta property=\"og:site_name\" content=\"29. me\u0111unarodni festival \u010dipke\" \/>\n<meta property=\"article:published_time\" content=\"2025-09-13T10:57:42+00:00\" \/>\n<meta property=\"article:modified_time\" content=\"2025-09-13T10:58:51+00:00\" \/>\n<meta property=\"og:image\" content=\"https:\/\/www.lepoglava.hr\/festival-cipke\/wp-content\/uploads\/2025\/09\/festival_cipka_lep_26_12092025_photocopyright-by-darko-gorenak-godar.jpg\" \/>\n\t<meta property=\"og:image:width\" content=\"1920\" \/>\n\t<meta property=\"og:image:height\" content=\"1279\" \/>\n\t<meta property=\"og:image:type\" content=\"image\/jpeg\" \/>\n<meta name=\"author\" content=\"ulimarus\" \/>\n<meta name=\"twitter:card\" content=\"summary_large_image\" \/>\n<meta name=\"twitter:label1\" content=\"Napisao\/la\" \/>\n\t<meta name=\"twitter:data1\" content=\"ulimarus\" \/>\n\t<meta name=\"twitter:label2\" content=\"Procijenjeno vrijeme \u010ditanja\" \/>\n\t<meta name=\"twitter:data2\" content=\"4 minute\" \/>\n<script type=\"application\/ld+json\" class=\"yoast-schema-graph\">{\"@context\":\"https:\/\/schema.org\",\"@graph\":[{\"@type\":\"Article\",\"@id\":\"https:\/\/www.lepoglava.hr\/festival-cipke\/modna-revija-i-radionice-na-danu-europske-bastine\/#article\",\"isPartOf\":{\"@id\":\"https:\/\/www.lepoglava.hr\/festival-cipke\/modna-revija-i-radionice-na-danu-europske-bastine\/\"},\"author\":{\"name\":\"ulimarus\",\"@id\":\"https:\/\/www.lepoglava.hr\/festival-cipke\/#\/schema\/person\/afb90b44ec6c12f33e98a7f5c6c611e1\"},\"headline\":\"Modna revija i radionice na Danu europske ba\u0161tine\",\"datePublished\":\"2025-09-13T10:57:42+00:00\",\"dateModified\":\"2025-09-13T10:58:51+00:00\",\"mainEntityOfPage\":{\"@id\":\"https:\/\/www.lepoglava.hr\/festival-cipke\/modna-revija-i-radionice-na-danu-europske-bastine\/\"},\"wordCount\":388,\"publisher\":{\"@id\":\"https:\/\/www.lepoglava.hr\/festival-cipke\/#organization\"},\"articleSection\":[\"Novosti\"],\"inLanguage\":\"hr\"},{\"@type\":\"WebPage\",\"@id\":\"https:\/\/www.lepoglava.hr\/festival-cipke\/modna-revija-i-radionice-na-danu-europske-bastine\/\",\"url\":\"https:\/\/www.lepoglava.hr\/festival-cipke\/modna-revija-i-radionice-na-danu-europske-bastine\/\",\"name\":\"Modna revija i radionice na Danu europske ba\u0161tine - 29. me\u0111unarodni festival \u010dipke\",\"isPartOf\":{\"@id\":\"https:\/\/www.lepoglava.hr\/festival-cipke\/#website\"},\"datePublished\":\"2025-09-13T10:57:42+00:00\",\"dateModified\":\"2025-09-13T10:58:51+00:00\",\"breadcrumb\":{\"@id\":\"https:\/\/www.lepoglava.hr\/festival-cipke\/modna-revija-i-radionice-na-danu-europske-bastine\/#breadcrumb\"},\"inLanguage\":\"hr\",\"potentialAction\":[{\"@type\":\"ReadAction\",\"target\":[\"https:\/\/www.lepoglava.hr\/festival-cipke\/modna-revija-i-radionice-na-danu-europske-bastine\/\"]}]},{\"@type\":\"BreadcrumbList\",\"@id\":\"https:\/\/www.lepoglava.hr\/festival-cipke\/modna-revija-i-radionice-na-danu-europske-bastine\/#breadcrumb\",\"itemListElement\":[{\"@type\":\"ListItem\",\"position\":1,\"name\":\"Po\u010detna stranica\",\"item\":\"https:\/\/www.lepoglava.hr\/festival-cipke\/\"},{\"@type\":\"ListItem\",\"position\":2,\"name\":\"Modna revija i radionice na Danu europske ba\u0161tine\"}]},{\"@type\":\"WebSite\",\"@id\":\"https:\/\/www.lepoglava.hr\/festival-cipke\/#website\",\"url\":\"https:\/\/www.lepoglava.hr\/festival-cipke\/\",\"name\":\"29. me\u0111unarodni festival \u010dipke\",\"description\":\"29. me\u0111unarodni festival \u010dipke - Lepoglava\",\"publisher\":{\"@id\":\"https:\/\/www.lepoglava.hr\/festival-cipke\/#organization\"},\"potentialAction\":[{\"@type\":\"SearchAction\",\"target\":{\"@type\":\"EntryPoint\",\"urlTemplate\":\"https:\/\/www.lepoglava.hr\/festival-cipke\/?s={search_term_string}\"},\"query-input\":\"required name=search_term_string\"}],\"inLanguage\":\"hr\"},{\"@type\":\"Organization\",\"@id\":\"https:\/\/www.lepoglava.hr\/festival-cipke\/#organization\",\"name\":\"Grad Lepoglava\",\"url\":\"https:\/\/www.lepoglava.hr\/festival-cipke\/\",\"logo\":{\"@type\":\"ImageObject\",\"inLanguage\":\"hr\",\"@id\":\"https:\/\/www.lepoglava.hr\/festival-cipke\/#\/schema\/logo\/image\/\",\"url\":\"https:\/\/www.lepoglava.hr\/festival-cipke\/wp-content\/uploads\/2020\/08\/lepoglava-logo.png\",\"contentUrl\":\"https:\/\/www.lepoglava.hr\/festival-cipke\/wp-content\/uploads\/2020\/08\/lepoglava-logo.png\",\"width\":202,\"height\":58,\"caption\":\"Grad Lepoglava\"},\"image\":{\"@id\":\"https:\/\/www.lepoglava.hr\/festival-cipke\/#\/schema\/logo\/image\/\"}},{\"@type\":\"Person\",\"@id\":\"https:\/\/www.lepoglava.hr\/festival-cipke\/#\/schema\/person\/afb90b44ec6c12f33e98a7f5c6c611e1\",\"name\":\"ulimarus\"}]}<\/script>\n<!-- \/ Yoast SEO plugin. -->","yoast_head_json":{"title":"Modna revija i radionice na Danu europske ba\u0161tine - 29. me\u0111unarodni festival \u010dipke","robots":{"index":"index","follow":"follow","max-snippet":"max-snippet:-1","max-image-preview":"max-image-preview:large","max-video-preview":"max-video-preview:-1"},"canonical":"https:\/\/www.lepoglava.hr\/festival-cipke\/modna-revija-i-radionice-na-danu-europske-bastine\/","og_locale":"hr_HR","og_type":"article","og_title":"Modna revija i radionice na Danu europske ba\u0161tine - 29. me\u0111unarodni festival \u010dipke","og_description":"U\u010denici kolekcijom inspiriranom \u010dipkom ispri\u010dali pri\u010du o identitetu, vremenu i prostoru U Domu kulture na Tawanu i ove su godine, &hellip; Modna revija i radionice na Danu europske ba\u0161tine Vi\u0161e \u00bb","og_url":"https:\/\/www.lepoglava.hr\/festival-cipke\/modna-revija-i-radionice-na-danu-europske-bastine\/","og_site_name":"29. me\u0111unarodni festival \u010dipke","article_published_time":"2025-09-13T10:57:42+00:00","article_modified_time":"2025-09-13T10:58:51+00:00","og_image":[{"width":1920,"height":1279,"url":"https:\/\/www.lepoglava.hr\/festival-cipke\/wp-content\/uploads\/2025\/09\/festival_cipka_lep_26_12092025_photocopyright-by-darko-gorenak-godar.jpg","type":"image\/jpeg"}],"author":"ulimarus","twitter_card":"summary_large_image","twitter_misc":{"Napisao\/la":"ulimarus","Procijenjeno vrijeme \u010ditanja":"4 minute"},"schema":{"@context":"https:\/\/schema.org","@graph":[{"@type":"Article","@id":"https:\/\/www.lepoglava.hr\/festival-cipke\/modna-revija-i-radionice-na-danu-europske-bastine\/#article","isPartOf":{"@id":"https:\/\/www.lepoglava.hr\/festival-cipke\/modna-revija-i-radionice-na-danu-europske-bastine\/"},"author":{"name":"ulimarus","@id":"https:\/\/www.lepoglava.hr\/festival-cipke\/#\/schema\/person\/afb90b44ec6c12f33e98a7f5c6c611e1"},"headline":"Modna revija i radionice na Danu europske ba\u0161tine","datePublished":"2025-09-13T10:57:42+00:00","dateModified":"2025-09-13T10:58:51+00:00","mainEntityOfPage":{"@id":"https:\/\/www.lepoglava.hr\/festival-cipke\/modna-revija-i-radionice-na-danu-europske-bastine\/"},"wordCount":388,"publisher":{"@id":"https:\/\/www.lepoglava.hr\/festival-cipke\/#organization"},"articleSection":["Novosti"],"inLanguage":"hr"},{"@type":"WebPage","@id":"https:\/\/www.lepoglava.hr\/festival-cipke\/modna-revija-i-radionice-na-danu-europske-bastine\/","url":"https:\/\/www.lepoglava.hr\/festival-cipke\/modna-revija-i-radionice-na-danu-europske-bastine\/","name":"Modna revija i radionice na Danu europske ba\u0161tine - 29. me\u0111unarodni festival \u010dipke","isPartOf":{"@id":"https:\/\/www.lepoglava.hr\/festival-cipke\/#website"},"datePublished":"2025-09-13T10:57:42+00:00","dateModified":"2025-09-13T10:58:51+00:00","breadcrumb":{"@id":"https:\/\/www.lepoglava.hr\/festival-cipke\/modna-revija-i-radionice-na-danu-europske-bastine\/#breadcrumb"},"inLanguage":"hr","potentialAction":[{"@type":"ReadAction","target":["https:\/\/www.lepoglava.hr\/festival-cipke\/modna-revija-i-radionice-na-danu-europske-bastine\/"]}]},{"@type":"BreadcrumbList","@id":"https:\/\/www.lepoglava.hr\/festival-cipke\/modna-revija-i-radionice-na-danu-europske-bastine\/#breadcrumb","itemListElement":[{"@type":"ListItem","position":1,"name":"Po\u010detna stranica","item":"https:\/\/www.lepoglava.hr\/festival-cipke\/"},{"@type":"ListItem","position":2,"name":"Modna revija i radionice na Danu europske ba\u0161tine"}]},{"@type":"WebSite","@id":"https:\/\/www.lepoglava.hr\/festival-cipke\/#website","url":"https:\/\/www.lepoglava.hr\/festival-cipke\/","name":"29. me\u0111unarodni festival \u010dipke","description":"29. me\u0111unarodni festival \u010dipke - Lepoglava","publisher":{"@id":"https:\/\/www.lepoglava.hr\/festival-cipke\/#organization"},"potentialAction":[{"@type":"SearchAction","target":{"@type":"EntryPoint","urlTemplate":"https:\/\/www.lepoglava.hr\/festival-cipke\/?s={search_term_string}"},"query-input":"required name=search_term_string"}],"inLanguage":"hr"},{"@type":"Organization","@id":"https:\/\/www.lepoglava.hr\/festival-cipke\/#organization","name":"Grad Lepoglava","url":"https:\/\/www.lepoglava.hr\/festival-cipke\/","logo":{"@type":"ImageObject","inLanguage":"hr","@id":"https:\/\/www.lepoglava.hr\/festival-cipke\/#\/schema\/logo\/image\/","url":"https:\/\/www.lepoglava.hr\/festival-cipke\/wp-content\/uploads\/2020\/08\/lepoglava-logo.png","contentUrl":"https:\/\/www.lepoglava.hr\/festival-cipke\/wp-content\/uploads\/2020\/08\/lepoglava-logo.png","width":202,"height":58,"caption":"Grad Lepoglava"},"image":{"@id":"https:\/\/www.lepoglava.hr\/festival-cipke\/#\/schema\/logo\/image\/"}},{"@type":"Person","@id":"https:\/\/www.lepoglava.hr\/festival-cipke\/#\/schema\/person\/afb90b44ec6c12f33e98a7f5c6c611e1","name":"ulimarus"}]}},"_links":{"self":[{"href":"https:\/\/www.lepoglava.hr\/festival-cipke\/wp-json\/wp\/v2\/posts\/3592"}],"collection":[{"href":"https:\/\/www.lepoglava.hr\/festival-cipke\/wp-json\/wp\/v2\/posts"}],"about":[{"href":"https:\/\/www.lepoglava.hr\/festival-cipke\/wp-json\/wp\/v2\/types\/post"}],"author":[{"embeddable":true,"href":"https:\/\/www.lepoglava.hr\/festival-cipke\/wp-json\/wp\/v2\/users\/5"}],"replies":[{"embeddable":true,"href":"https:\/\/www.lepoglava.hr\/festival-cipke\/wp-json\/wp\/v2\/comments?post=3592"}],"version-history":[{"count":4,"href":"https:\/\/www.lepoglava.hr\/festival-cipke\/wp-json\/wp\/v2\/posts\/3592\/revisions"}],"predecessor-version":[{"id":3612,"href":"https:\/\/www.lepoglava.hr\/festival-cipke\/wp-json\/wp\/v2\/posts\/3592\/revisions\/3612"}],"wp:featuredmedia":[{"embeddable":true,"href":"https:\/\/www.lepoglava.hr\/festival-cipke\/wp-json\/wp\/v2\/media\/3595"}],"wp:attachment":[{"href":"https:\/\/www.lepoglava.hr\/festival-cipke\/wp-json\/wp\/v2\/media?parent=3592"}],"wp:term":[{"taxonomy":"category","embeddable":true,"href":"https:\/\/www.lepoglava.hr\/festival-cipke\/wp-json\/wp\/v2\/categories?post=3592"},{"taxonomy":"post_tag","embeddable":true,"href":"https:\/\/www.lepoglava.hr\/festival-cipke\/wp-json\/wp\/v2\/tags?post=3592"}],"curies":[{"name":"wp","href":"https:\/\/api.w.org\/{rel}","templated":true}]}}