{"id":3657,"date":"2025-09-15T09:47:31","date_gmt":"2025-09-15T09:47:31","guid":{"rendered":"https:\/\/www.lepoglava.hr\/festival-cipke\/?p=3657"},"modified":"2025-09-15T09:47:33","modified_gmt":"2025-09-15T09:47:33","slug":"sjajnim-koncertom-4-tenora-zavrsio-ovogodisnji-festival","status":"publish","type":"post","link":"https:\/\/www.lepoglava.hr\/festival-cipke\/sjajnim-koncertom-4-tenora-zavrsio-ovogodisnji-festival\/","title":{"rendered":"Sjajnim koncertom \u201e4 tenora\u201c zavr\u0161io ovogodi\u0161nji festival"},"content":{"rendered":"\n<p>Sjajnim koncertom kvarteta \u201e4 tenora\u201c u prepunom sve\u010danom \u0161atoru, u nedjelju, 14. rujna, zavr\u0161io je program ovogodi\u0161njeg 29. Me\u0111unarodnog festivala \u010dipke u Lepoglavi.<\/p>\n\n\n\n<figure class=\"wp-block-gallery has-nested-images columns-default is-cropped wp-block-gallery-1 is-layout-flex\">\n<figure class=\"wp-block-image size-large\"><a href=\"https:\/\/www.lepoglava.hr\/festival-cipke\/wp-content\/uploads\/2025\/09\/festival_cipka_lep_01_14092025_photocopyright-by-darko-gorenak-godar.jpg\"><img decoding=\"async\" loading=\"lazy\" width=\"1024\" height=\"683\" data-id=\"3662\"  src=\"https:\/\/www.lepoglava.hr\/festival-cipke\/wp-content\/uploads\/2025\/09\/festival_cipka_lep_01_14092025_photocopyright-by-darko-gorenak-godar-1024x683.jpg\" alt=\"\" class=\"wp-image-3662\" srcset=\"https:\/\/www.lepoglava.hr\/festival-cipke\/wp-content\/uploads\/2025\/09\/festival_cipka_lep_01_14092025_photocopyright-by-darko-gorenak-godar-1024x683.jpg 1024w, https:\/\/www.lepoglava.hr\/festival-cipke\/wp-content\/uploads\/2025\/09\/festival_cipka_lep_01_14092025_photocopyright-by-darko-gorenak-godar-300x200.jpg 300w, https:\/\/www.lepoglava.hr\/festival-cipke\/wp-content\/uploads\/2025\/09\/festival_cipka_lep_01_14092025_photocopyright-by-darko-gorenak-godar-768x512.jpg 768w, https:\/\/www.lepoglava.hr\/festival-cipke\/wp-content\/uploads\/2025\/09\/festival_cipka_lep_01_14092025_photocopyright-by-darko-gorenak-godar-1536x1024.jpg 1536w, https:\/\/www.lepoglava.hr\/festival-cipke\/wp-content\/uploads\/2025\/09\/festival_cipka_lep_01_14092025_photocopyright-by-darko-gorenak-godar.jpg 1920w\" sizes=\"(max-width: 1024px) 100vw, 1024px\" \/><\/a><\/figure>\n\n\n\n<figure class=\"wp-block-image size-large\"><a href=\"https:\/\/www.lepoglava.hr\/festival-cipke\/wp-content\/uploads\/2025\/09\/festival_cipka_lep_02_14092025_photocopyright-by-darko-gorenak-godar-1.jpg\"><img decoding=\"async\" loading=\"lazy\" width=\"1024\" height=\"683\" data-id=\"3663\"  src=\"https:\/\/www.lepoglava.hr\/festival-cipke\/wp-content\/uploads\/2025\/09\/festival_cipka_lep_02_14092025_photocopyright-by-darko-gorenak-godar-1-1024x683.jpg\" alt=\"\" class=\"wp-image-3663\" srcset=\"https:\/\/www.lepoglava.hr\/festival-cipke\/wp-content\/uploads\/2025\/09\/festival_cipka_lep_02_14092025_photocopyright-by-darko-gorenak-godar-1-1024x683.jpg 1024w, https:\/\/www.lepoglava.hr\/festival-cipke\/wp-content\/uploads\/2025\/09\/festival_cipka_lep_02_14092025_photocopyright-by-darko-gorenak-godar-1-300x200.jpg 300w, https:\/\/www.lepoglava.hr\/festival-cipke\/wp-content\/uploads\/2025\/09\/festival_cipka_lep_02_14092025_photocopyright-by-darko-gorenak-godar-1-768x512.jpg 768w, https:\/\/www.lepoglava.hr\/festival-cipke\/wp-content\/uploads\/2025\/09\/festival_cipka_lep_02_14092025_photocopyright-by-darko-gorenak-godar-1-1536x1024.jpg 1536w, https:\/\/www.lepoglava.hr\/festival-cipke\/wp-content\/uploads\/2025\/09\/festival_cipka_lep_02_14092025_photocopyright-by-darko-gorenak-godar-1.jpg 1920w\" sizes=\"(max-width: 1024px) 100vw, 1024px\" \/><\/a><\/figure>\n\n\n\n<figure class=\"wp-block-image size-large\"><img decoding=\"async\" loading=\"lazy\" width=\"1024\" height=\"683\" data-id=\"3665\"  src=\"https:\/\/www.lepoglava.hr\/festival-cipke\/wp-content\/uploads\/2025\/09\/festival_cipka_lep_03_14092025_photocopyright-by-darko-gorenak-godar-1024x683.jpg\" alt=\"\" class=\"wp-image-3665\" srcset=\"https:\/\/www.lepoglava.hr\/festival-cipke\/wp-content\/uploads\/2025\/09\/festival_cipka_lep_03_14092025_photocopyright-by-darko-gorenak-godar-1024x683.jpg 1024w, https:\/\/www.lepoglava.hr\/festival-cipke\/wp-content\/uploads\/2025\/09\/festival_cipka_lep_03_14092025_photocopyright-by-darko-gorenak-godar-300x200.jpg 300w, https:\/\/www.lepoglava.hr\/festival-cipke\/wp-content\/uploads\/2025\/09\/festival_cipka_lep_03_14092025_photocopyright-by-darko-gorenak-godar-768x512.jpg 768w, https:\/\/www.lepoglava.hr\/festival-cipke\/wp-content\/uploads\/2025\/09\/festival_cipka_lep_03_14092025_photocopyright-by-darko-gorenak-godar-1536x1025.jpg 1536w, https:\/\/www.lepoglava.hr\/festival-cipke\/wp-content\/uploads\/2025\/09\/festival_cipka_lep_03_14092025_photocopyright-by-darko-gorenak-godar.jpg 1920w\" sizes=\"(max-width: 1024px) 100vw, 1024px\" \/><\/figure>\n\n\n\n<figure class=\"wp-block-image size-large\"><a href=\"https:\/\/www.lepoglava.hr\/festival-cipke\/wp-content\/uploads\/2025\/09\/festival_cipka_lep_04_14092025_photocopyright-by-darko-gorenak-godar.jpg\"><img decoding=\"async\" loading=\"lazy\" width=\"1024\" height=\"683\" data-id=\"3666\"  src=\"https:\/\/www.lepoglava.hr\/festival-cipke\/wp-content\/uploads\/2025\/09\/festival_cipka_lep_04_14092025_photocopyright-by-darko-gorenak-godar-1024x683.jpg\" alt=\"\" class=\"wp-image-3666\" srcset=\"https:\/\/www.lepoglava.hr\/festival-cipke\/wp-content\/uploads\/2025\/09\/festival_cipka_lep_04_14092025_photocopyright-by-darko-gorenak-godar-1024x683.jpg 1024w, https:\/\/www.lepoglava.hr\/festival-cipke\/wp-content\/uploads\/2025\/09\/festival_cipka_lep_04_14092025_photocopyright-by-darko-gorenak-godar-300x200.jpg 300w, https:\/\/www.lepoglava.hr\/festival-cipke\/wp-content\/uploads\/2025\/09\/festival_cipka_lep_04_14092025_photocopyright-by-darko-gorenak-godar-768x512.jpg 768w, https:\/\/www.lepoglava.hr\/festival-cipke\/wp-content\/uploads\/2025\/09\/festival_cipka_lep_04_14092025_photocopyright-by-darko-gorenak-godar-1536x1024.jpg 1536w, https:\/\/www.lepoglava.hr\/festival-cipke\/wp-content\/uploads\/2025\/09\/festival_cipka_lep_04_14092025_photocopyright-by-darko-gorenak-godar.jpg 1920w\" sizes=\"(max-width: 1024px) 100vw, 1024px\" \/><\/a><\/figure>\n\n\n\n<figure class=\"wp-block-image size-large\"><a href=\"https:\/\/www.lepoglava.hr\/festival-cipke\/wp-content\/uploads\/2025\/09\/festival_cipka_lep_05_14092025_photocopyright-by-darko-gorenak-godar.jpg\"><img decoding=\"async\" loading=\"lazy\" width=\"1024\" height=\"683\" data-id=\"3667\"  src=\"https:\/\/www.lepoglava.hr\/festival-cipke\/wp-content\/uploads\/2025\/09\/festival_cipka_lep_05_14092025_photocopyright-by-darko-gorenak-godar-1024x683.jpg\" alt=\"\" class=\"wp-image-3667\" srcset=\"https:\/\/www.lepoglava.hr\/festival-cipke\/wp-content\/uploads\/2025\/09\/festival_cipka_lep_05_14092025_photocopyright-by-darko-gorenak-godar-1024x683.jpg 1024w, https:\/\/www.lepoglava.hr\/festival-cipke\/wp-content\/uploads\/2025\/09\/festival_cipka_lep_05_14092025_photocopyright-by-darko-gorenak-godar-300x200.jpg 300w, https:\/\/www.lepoglava.hr\/festival-cipke\/wp-content\/uploads\/2025\/09\/festival_cipka_lep_05_14092025_photocopyright-by-darko-gorenak-godar-768x512.jpg 768w, https:\/\/www.lepoglava.hr\/festival-cipke\/wp-content\/uploads\/2025\/09\/festival_cipka_lep_05_14092025_photocopyright-by-darko-gorenak-godar-1536x1024.jpg 1536w, https:\/\/www.lepoglava.hr\/festival-cipke\/wp-content\/uploads\/2025\/09\/festival_cipka_lep_05_14092025_photocopyright-by-darko-gorenak-godar.jpg 1920w\" sizes=\"(max-width: 1024px) 100vw, 1024px\" \/><\/a><\/figure>\n\n\n\n<figure class=\"wp-block-image size-large\"><a href=\"https:\/\/www.lepoglava.hr\/festival-cipke\/wp-content\/uploads\/2025\/09\/festival_cipka_lep_14_14092025_photocopyright-by-darko-gorenak-godar.jpg\"><img decoding=\"async\" loading=\"lazy\" width=\"1024\" height=\"683\" data-id=\"3668\"  src=\"https:\/\/www.lepoglava.hr\/festival-cipke\/wp-content\/uploads\/2025\/09\/festival_cipka_lep_14_14092025_photocopyright-by-darko-gorenak-godar-1024x683.jpg\" alt=\"\" class=\"wp-image-3668\" srcset=\"https:\/\/www.lepoglava.hr\/festival-cipke\/wp-content\/uploads\/2025\/09\/festival_cipka_lep_14_14092025_photocopyright-by-darko-gorenak-godar-1024x683.jpg 1024w, https:\/\/www.lepoglava.hr\/festival-cipke\/wp-content\/uploads\/2025\/09\/festival_cipka_lep_14_14092025_photocopyright-by-darko-gorenak-godar-300x200.jpg 300w, https:\/\/www.lepoglava.hr\/festival-cipke\/wp-content\/uploads\/2025\/09\/festival_cipka_lep_14_14092025_photocopyright-by-darko-gorenak-godar-768x512.jpg 768w, https:\/\/www.lepoglava.hr\/festival-cipke\/wp-content\/uploads\/2025\/09\/festival_cipka_lep_14_14092025_photocopyright-by-darko-gorenak-godar-1536x1024.jpg 1536w, https:\/\/www.lepoglava.hr\/festival-cipke\/wp-content\/uploads\/2025\/09\/festival_cipka_lep_14_14092025_photocopyright-by-darko-gorenak-godar.jpg 1920w\" sizes=\"(max-width: 1024px) 100vw, 1024px\" \/><\/a><\/figure>\n<\/figure>\n\n\n\n<p><br>I posljednjeg festivalskog dana u Lepoglavi je bilo vrlo \u017eivo. Posjetitelji su razgledali izlo\u017ebe \u010dipki u pavlinskom samostanu i TKIC-u te izlo\u0161ke na sajmu tradicijskog rukotvorstva i doma\u0107ih proizvoda. U lepoglavskoj \u017eupnoj crkvi slu\u017eena je misa za sudionice ovogodi\u0161njeg festivala, na kojem su izlagale \u010dipkarice iz jedanaest europskih zemalja.<br>Poslijepodnevni program je zapo\u010deo tradicionalnim godi\u0161njim koncertom Limene glazbe Lepoglava s kojom je nastupio i Puha\u010di orkestar Alples iz slovenske op\u0107ine \u017delezniki te koncertom La Boheme banda.<\/p>\n\n\n\n<figure class=\"wp-block-gallery has-nested-images columns-default is-cropped wp-block-gallery-3 is-layout-flex\">\n<figure class=\"wp-block-image size-large\"><a href=\"https:\/\/www.lepoglava.hr\/festival-cipke\/wp-content\/uploads\/2025\/09\/festival_cipka_lep_09_14092025_photocopyright-by-darko-gorenak-godar.jpg\"><img decoding=\"async\" loading=\"lazy\" width=\"1024\" height=\"683\" data-id=\"3669\"  src=\"https:\/\/www.lepoglava.hr\/festival-cipke\/wp-content\/uploads\/2025\/09\/festival_cipka_lep_09_14092025_photocopyright-by-darko-gorenak-godar-1024x683.jpg\" alt=\"\" class=\"wp-image-3669\" srcset=\"https:\/\/www.lepoglava.hr\/festival-cipke\/wp-content\/uploads\/2025\/09\/festival_cipka_lep_09_14092025_photocopyright-by-darko-gorenak-godar-1024x683.jpg 1024w, https:\/\/www.lepoglava.hr\/festival-cipke\/wp-content\/uploads\/2025\/09\/festival_cipka_lep_09_14092025_photocopyright-by-darko-gorenak-godar-300x200.jpg 300w, https:\/\/www.lepoglava.hr\/festival-cipke\/wp-content\/uploads\/2025\/09\/festival_cipka_lep_09_14092025_photocopyright-by-darko-gorenak-godar-768x512.jpg 768w, https:\/\/www.lepoglava.hr\/festival-cipke\/wp-content\/uploads\/2025\/09\/festival_cipka_lep_09_14092025_photocopyright-by-darko-gorenak-godar-1536x1024.jpg 1536w, https:\/\/www.lepoglava.hr\/festival-cipke\/wp-content\/uploads\/2025\/09\/festival_cipka_lep_09_14092025_photocopyright-by-darko-gorenak-godar.jpg 1920w\" sizes=\"(max-width: 1024px) 100vw, 1024px\" \/><\/a><\/figure>\n\n\n\n<figure class=\"wp-block-image size-large\"><a href=\"https:\/\/www.lepoglava.hr\/festival-cipke\/wp-content\/uploads\/2025\/09\/festival_cipka_lep_10_14092025_photocopyright-by-darko-gorenak-godar.jpg\"><img decoding=\"async\" loading=\"lazy\" width=\"1024\" height=\"683\" data-id=\"3670\"  src=\"https:\/\/www.lepoglava.hr\/festival-cipke\/wp-content\/uploads\/2025\/09\/festival_cipka_lep_10_14092025_photocopyright-by-darko-gorenak-godar-1024x683.jpg\" alt=\"\" class=\"wp-image-3670\" srcset=\"https:\/\/www.lepoglava.hr\/festival-cipke\/wp-content\/uploads\/2025\/09\/festival_cipka_lep_10_14092025_photocopyright-by-darko-gorenak-godar-1024x683.jpg 1024w, https:\/\/www.lepoglava.hr\/festival-cipke\/wp-content\/uploads\/2025\/09\/festival_cipka_lep_10_14092025_photocopyright-by-darko-gorenak-godar-300x200.jpg 300w, https:\/\/www.lepoglava.hr\/festival-cipke\/wp-content\/uploads\/2025\/09\/festival_cipka_lep_10_14092025_photocopyright-by-darko-gorenak-godar-768x512.jpg 768w, https:\/\/www.lepoglava.hr\/festival-cipke\/wp-content\/uploads\/2025\/09\/festival_cipka_lep_10_14092025_photocopyright-by-darko-gorenak-godar-1536x1024.jpg 1536w, https:\/\/www.lepoglava.hr\/festival-cipke\/wp-content\/uploads\/2025\/09\/festival_cipka_lep_10_14092025_photocopyright-by-darko-gorenak-godar.jpg 1920w\" sizes=\"(max-width: 1024px) 100vw, 1024px\" \/><\/a><\/figure>\n\n\n\n<figure class=\"wp-block-image size-large\"><a href=\"https:\/\/www.lepoglava.hr\/festival-cipke\/wp-content\/uploads\/2025\/09\/festival_cipka_lep_11_14092025_photocopyright-by-darko-gorenak-godar.jpg\"><img decoding=\"async\" loading=\"lazy\" width=\"1024\" height=\"683\" data-id=\"3671\"  src=\"https:\/\/www.lepoglava.hr\/festival-cipke\/wp-content\/uploads\/2025\/09\/festival_cipka_lep_11_14092025_photocopyright-by-darko-gorenak-godar-1024x683.jpg\" alt=\"\" class=\"wp-image-3671\" srcset=\"https:\/\/www.lepoglava.hr\/festival-cipke\/wp-content\/uploads\/2025\/09\/festival_cipka_lep_11_14092025_photocopyright-by-darko-gorenak-godar-1024x683.jpg 1024w, https:\/\/www.lepoglava.hr\/festival-cipke\/wp-content\/uploads\/2025\/09\/festival_cipka_lep_11_14092025_photocopyright-by-darko-gorenak-godar-300x200.jpg 300w, https:\/\/www.lepoglava.hr\/festival-cipke\/wp-content\/uploads\/2025\/09\/festival_cipka_lep_11_14092025_photocopyright-by-darko-gorenak-godar-768x512.jpg 768w, https:\/\/www.lepoglava.hr\/festival-cipke\/wp-content\/uploads\/2025\/09\/festival_cipka_lep_11_14092025_photocopyright-by-darko-gorenak-godar-1536x1024.jpg 1536w, https:\/\/www.lepoglava.hr\/festival-cipke\/wp-content\/uploads\/2025\/09\/festival_cipka_lep_11_14092025_photocopyright-by-darko-gorenak-godar.jpg 1920w\" sizes=\"(max-width: 1024px) 100vw, 1024px\" \/><\/a><\/figure>\n\n\n\n<figure class=\"wp-block-image size-large\"><a href=\"https:\/\/www.lepoglava.hr\/festival-cipke\/wp-content\/uploads\/2025\/09\/festival_cipka_lep_15_14092025_photocopyright-by-darko-gorenak-godar.jpg\"><img decoding=\"async\" loading=\"lazy\" width=\"1024\" height=\"683\" data-id=\"3673\"  src=\"https:\/\/www.lepoglava.hr\/festival-cipke\/wp-content\/uploads\/2025\/09\/festival_cipka_lep_15_14092025_photocopyright-by-darko-gorenak-godar-1024x683.jpg\" alt=\"\" class=\"wp-image-3673\" srcset=\"https:\/\/www.lepoglava.hr\/festival-cipke\/wp-content\/uploads\/2025\/09\/festival_cipka_lep_15_14092025_photocopyright-by-darko-gorenak-godar-1024x683.jpg 1024w, https:\/\/www.lepoglava.hr\/festival-cipke\/wp-content\/uploads\/2025\/09\/festival_cipka_lep_15_14092025_photocopyright-by-darko-gorenak-godar-300x200.jpg 300w, https:\/\/www.lepoglava.hr\/festival-cipke\/wp-content\/uploads\/2025\/09\/festival_cipka_lep_15_14092025_photocopyright-by-darko-gorenak-godar-768x512.jpg 768w, https:\/\/www.lepoglava.hr\/festival-cipke\/wp-content\/uploads\/2025\/09\/festival_cipka_lep_15_14092025_photocopyright-by-darko-gorenak-godar-1536x1024.jpg 1536w, https:\/\/www.lepoglava.hr\/festival-cipke\/wp-content\/uploads\/2025\/09\/festival_cipka_lep_15_14092025_photocopyright-by-darko-gorenak-godar.jpg 1920w\" sizes=\"(max-width: 1024px) 100vw, 1024px\" \/><\/a><\/figure>\n\n\n\n<figure class=\"wp-block-image size-large\"><a href=\"https:\/\/www.lepoglava.hr\/festival-cipke\/wp-content\/uploads\/2025\/09\/festival_cipka_lep_16_14092025_photocopyright-by-darko-gorenak-godar.jpg\"><img decoding=\"async\" loading=\"lazy\" width=\"1024\" height=\"682\" data-id=\"3674\"  src=\"https:\/\/www.lepoglava.hr\/festival-cipke\/wp-content\/uploads\/2025\/09\/festival_cipka_lep_16_14092025_photocopyright-by-darko-gorenak-godar-1024x682.jpg\" alt=\"\" class=\"wp-image-3674\" srcset=\"https:\/\/www.lepoglava.hr\/festival-cipke\/wp-content\/uploads\/2025\/09\/festival_cipka_lep_16_14092025_photocopyright-by-darko-gorenak-godar-1024x682.jpg 1024w, https:\/\/www.lepoglava.hr\/festival-cipke\/wp-content\/uploads\/2025\/09\/festival_cipka_lep_16_14092025_photocopyright-by-darko-gorenak-godar-300x200.jpg 300w, https:\/\/www.lepoglava.hr\/festival-cipke\/wp-content\/uploads\/2025\/09\/festival_cipka_lep_16_14092025_photocopyright-by-darko-gorenak-godar-768x511.jpg 768w, https:\/\/www.lepoglava.hr\/festival-cipke\/wp-content\/uploads\/2025\/09\/festival_cipka_lep_16_14092025_photocopyright-by-darko-gorenak-godar-1536x1022.jpg 1536w, https:\/\/www.lepoglava.hr\/festival-cipke\/wp-content\/uploads\/2025\/09\/festival_cipka_lep_16_14092025_photocopyright-by-darko-gorenak-godar.jpg 1920w\" sizes=\"(max-width: 1024px) 100vw, 1024px\" \/><\/a><\/figure>\n\n\n\n<figure class=\"wp-block-image size-large\"><a href=\"https:\/\/www.lepoglava.hr\/festival-cipke\/wp-content\/uploads\/2025\/09\/festival_cipka_lep_17_14092025_photocopyright-by-darko-gorenak-godar.jpg\"><img decoding=\"async\" loading=\"lazy\" width=\"1024\" height=\"683\" data-id=\"3675\"  src=\"https:\/\/www.lepoglava.hr\/festival-cipke\/wp-content\/uploads\/2025\/09\/festival_cipka_lep_17_14092025_photocopyright-by-darko-gorenak-godar-1024x683.jpg\" alt=\"\" class=\"wp-image-3675\" srcset=\"https:\/\/www.lepoglava.hr\/festival-cipke\/wp-content\/uploads\/2025\/09\/festival_cipka_lep_17_14092025_photocopyright-by-darko-gorenak-godar-1024x683.jpg 1024w, https:\/\/www.lepoglava.hr\/festival-cipke\/wp-content\/uploads\/2025\/09\/festival_cipka_lep_17_14092025_photocopyright-by-darko-gorenak-godar-300x200.jpg 300w, https:\/\/www.lepoglava.hr\/festival-cipke\/wp-content\/uploads\/2025\/09\/festival_cipka_lep_17_14092025_photocopyright-by-darko-gorenak-godar-768x512.jpg 768w, https:\/\/www.lepoglava.hr\/festival-cipke\/wp-content\/uploads\/2025\/09\/festival_cipka_lep_17_14092025_photocopyright-by-darko-gorenak-godar-1536x1024.jpg 1536w, https:\/\/www.lepoglava.hr\/festival-cipke\/wp-content\/uploads\/2025\/09\/festival_cipka_lep_17_14092025_photocopyright-by-darko-gorenak-godar.jpg 1920w\" sizes=\"(max-width: 1024px) 100vw, 1024px\" \/><\/a><\/figure>\n\n\n\n<figure class=\"wp-block-image size-large\"><a href=\"https:\/\/www.lepoglava.hr\/festival-cipke\/wp-content\/uploads\/2025\/09\/festival_cipka_lep_18_14092025_photocopyright-by-darko-gorenak-godar.jpg\"><img decoding=\"async\" loading=\"lazy\" width=\"1024\" height=\"683\" data-id=\"3676\"  src=\"https:\/\/www.lepoglava.hr\/festival-cipke\/wp-content\/uploads\/2025\/09\/festival_cipka_lep_18_14092025_photocopyright-by-darko-gorenak-godar-1024x683.jpg\" alt=\"\" class=\"wp-image-3676\" srcset=\"https:\/\/www.lepoglava.hr\/festival-cipke\/wp-content\/uploads\/2025\/09\/festival_cipka_lep_18_14092025_photocopyright-by-darko-gorenak-godar-1024x683.jpg 1024w, https:\/\/www.lepoglava.hr\/festival-cipke\/wp-content\/uploads\/2025\/09\/festival_cipka_lep_18_14092025_photocopyright-by-darko-gorenak-godar-300x200.jpg 300w, https:\/\/www.lepoglava.hr\/festival-cipke\/wp-content\/uploads\/2025\/09\/festival_cipka_lep_18_14092025_photocopyright-by-darko-gorenak-godar-768x512.jpg 768w, https:\/\/www.lepoglava.hr\/festival-cipke\/wp-content\/uploads\/2025\/09\/festival_cipka_lep_18_14092025_photocopyright-by-darko-gorenak-godar-1536x1024.jpg 1536w, https:\/\/www.lepoglava.hr\/festival-cipke\/wp-content\/uploads\/2025\/09\/festival_cipka_lep_18_14092025_photocopyright-by-darko-gorenak-godar.jpg 1920w\" sizes=\"(max-width: 1024px) 100vw, 1024px\" \/><\/a><\/figure>\n\n\n\n<figure class=\"wp-block-image size-large\"><a href=\"https:\/\/www.lepoglava.hr\/festival-cipke\/wp-content\/uploads\/2025\/09\/festival_cipka_lep_19_14092025_photocopyright-by-darko-gorenak-godar.jpg\"><img decoding=\"async\" loading=\"lazy\" width=\"1024\" height=\"682\" data-id=\"3677\"  src=\"https:\/\/www.lepoglava.hr\/festival-cipke\/wp-content\/uploads\/2025\/09\/festival_cipka_lep_19_14092025_photocopyright-by-darko-gorenak-godar-1024x682.jpg\" alt=\"\" class=\"wp-image-3677\" srcset=\"https:\/\/www.lepoglava.hr\/festival-cipke\/wp-content\/uploads\/2025\/09\/festival_cipka_lep_19_14092025_photocopyright-by-darko-gorenak-godar-1024x682.jpg 1024w, https:\/\/www.lepoglava.hr\/festival-cipke\/wp-content\/uploads\/2025\/09\/festival_cipka_lep_19_14092025_photocopyright-by-darko-gorenak-godar-300x200.jpg 300w, https:\/\/www.lepoglava.hr\/festival-cipke\/wp-content\/uploads\/2025\/09\/festival_cipka_lep_19_14092025_photocopyright-by-darko-gorenak-godar-768x511.jpg 768w, https:\/\/www.lepoglava.hr\/festival-cipke\/wp-content\/uploads\/2025\/09\/festival_cipka_lep_19_14092025_photocopyright-by-darko-gorenak-godar-1536x1022.jpg 1536w, https:\/\/www.lepoglava.hr\/festival-cipke\/wp-content\/uploads\/2025\/09\/festival_cipka_lep_19_14092025_photocopyright-by-darko-gorenak-godar.jpg 1920w\" sizes=\"(max-width: 1024px) 100vw, 1024px\" \/><\/a><\/figure>\n\n\n\n<figure class=\"wp-block-image size-large\"><a href=\"https:\/\/www.lepoglava.hr\/festival-cipke\/wp-content\/uploads\/2025\/09\/festival_cipka_lep_20_14092025_photocopyright-by-darko-gorenak-godar.jpg\"><img decoding=\"async\" loading=\"lazy\" width=\"1024\" height=\"683\" data-id=\"3678\"  src=\"https:\/\/www.lepoglava.hr\/festival-cipke\/wp-content\/uploads\/2025\/09\/festival_cipka_lep_20_14092025_photocopyright-by-darko-gorenak-godar-1024x683.jpg\" alt=\"\" class=\"wp-image-3678\" srcset=\"https:\/\/www.lepoglava.hr\/festival-cipke\/wp-content\/uploads\/2025\/09\/festival_cipka_lep_20_14092025_photocopyright-by-darko-gorenak-godar-1024x683.jpg 1024w, https:\/\/www.lepoglava.hr\/festival-cipke\/wp-content\/uploads\/2025\/09\/festival_cipka_lep_20_14092025_photocopyright-by-darko-gorenak-godar-300x200.jpg 300w, https:\/\/www.lepoglava.hr\/festival-cipke\/wp-content\/uploads\/2025\/09\/festival_cipka_lep_20_14092025_photocopyright-by-darko-gorenak-godar-768x512.jpg 768w, https:\/\/www.lepoglava.hr\/festival-cipke\/wp-content\/uploads\/2025\/09\/festival_cipka_lep_20_14092025_photocopyright-by-darko-gorenak-godar-1536x1024.jpg 1536w, https:\/\/www.lepoglava.hr\/festival-cipke\/wp-content\/uploads\/2025\/09\/festival_cipka_lep_20_14092025_photocopyright-by-darko-gorenak-godar.jpg 1920w\" sizes=\"(max-width: 1024px) 100vw, 1024px\" \/><\/a><\/figure>\n\n\n\n<figure class=\"wp-block-image size-large\"><a href=\"https:\/\/www.lepoglava.hr\/festival-cipke\/wp-content\/uploads\/2025\/09\/festival_cipka_lep_12_14092025_photocopyright-by-darko-gorenak-godar.jpg\"><img decoding=\"async\" loading=\"lazy\" width=\"1024\" height=\"683\" data-id=\"3672\"  src=\"https:\/\/www.lepoglava.hr\/festival-cipke\/wp-content\/uploads\/2025\/09\/festival_cipka_lep_12_14092025_photocopyright-by-darko-gorenak-godar-1024x683.jpg\" alt=\"\" class=\"wp-image-3672\" srcset=\"https:\/\/www.lepoglava.hr\/festival-cipke\/wp-content\/uploads\/2025\/09\/festival_cipka_lep_12_14092025_photocopyright-by-darko-gorenak-godar-1024x683.jpg 1024w, https:\/\/www.lepoglava.hr\/festival-cipke\/wp-content\/uploads\/2025\/09\/festival_cipka_lep_12_14092025_photocopyright-by-darko-gorenak-godar-300x200.jpg 300w, https:\/\/www.lepoglava.hr\/festival-cipke\/wp-content\/uploads\/2025\/09\/festival_cipka_lep_12_14092025_photocopyright-by-darko-gorenak-godar-768x512.jpg 768w, https:\/\/www.lepoglava.hr\/festival-cipke\/wp-content\/uploads\/2025\/09\/festival_cipka_lep_12_14092025_photocopyright-by-darko-gorenak-godar-1536x1025.jpg 1536w, https:\/\/www.lepoglava.hr\/festival-cipke\/wp-content\/uploads\/2025\/09\/festival_cipka_lep_12_14092025_photocopyright-by-darko-gorenak-godar.jpg 1920w\" sizes=\"(max-width: 1024px) 100vw, 1024px\" \/><\/a><\/figure>\n<\/figure>\n\n\n\n<p><br>&#8211; Lepoglava se je i ove godine potvrdila kao uzorni doma\u0107in ove priredbe, za koju su brojni visoki uzvanici istaknuli kako je na\u0161, Me\u0111unarodni festival \u010dipke, jedan od najuglednijih festivala te vrste u svijetu. To potvr\u0111uje i \u010dinjenica da su ove godine na festivalu gostovale \u010dipkarice iz 11 europskih zemalja. \u010cipka i suptilna vje\u0161tina njene izrade i ove nas je godine povezala s najva\u017enijim \u010dipkarskim sredi\u0161tima Europe, pa je na\u0161 festival doista most prijateljstva, koji nas povezuje s drugim centrima koji, kao i mi u Lepoglavi, bri\u017eno njegujemo, \u010duvamo i promi\u010demo vrijednu tradicijsku ba\u0161tinu. Grad Lepoglava i dalje \u0107e pru\u017eati svu mogu\u0107u potporu za daljnji razvitak i o\u010duvanje lepoglavskog \u010dipkarstva<br>\u2013 istaknuo je <strong>\u017deljko \u0160o\u0161tari\u0107<\/strong>, gradona\u010delnik Lepoglave, koji je zahvalio predstavnicima Crne Gore, ovogodi\u0161njoj zemlji \u2013 partneru, svima koji su sudjelovali u pripremi ovogodi\u0161njeg uspje\u0161nog festivala, a posebno \u010dipkaricama koje nastavljaju dugu i bogatu tradiciju izrade lepoglavske \u010dipke, koja je za\u0161titni znak grada Lepoglave.<\/p>\n\n\n\n<figure class=\"wp-block-gallery has-nested-images columns-default is-cropped wp-block-gallery-5 is-layout-flex\">\n<figure class=\"wp-block-image size-large\"><a href=\"https:\/\/www.lepoglava.hr\/festival-cipke\/wp-content\/uploads\/2025\/09\/festival_cipka_lep_07_14092025_photocopyright-by-darko-gorenak-godar.jpg\"><img decoding=\"async\" loading=\"lazy\" width=\"1024\" height=\"683\" data-id=\"3681\"  src=\"https:\/\/www.lepoglava.hr\/festival-cipke\/wp-content\/uploads\/2025\/09\/festival_cipka_lep_07_14092025_photocopyright-by-darko-gorenak-godar-1024x683.jpg\" alt=\"\" class=\"wp-image-3681\" srcset=\"https:\/\/www.lepoglava.hr\/festival-cipke\/wp-content\/uploads\/2025\/09\/festival_cipka_lep_07_14092025_photocopyright-by-darko-gorenak-godar-1024x683.jpg 1024w, https:\/\/www.lepoglava.hr\/festival-cipke\/wp-content\/uploads\/2025\/09\/festival_cipka_lep_07_14092025_photocopyright-by-darko-gorenak-godar-300x200.jpg 300w, https:\/\/www.lepoglava.hr\/festival-cipke\/wp-content\/uploads\/2025\/09\/festival_cipka_lep_07_14092025_photocopyright-by-darko-gorenak-godar-768x512.jpg 768w, https:\/\/www.lepoglava.hr\/festival-cipke\/wp-content\/uploads\/2025\/09\/festival_cipka_lep_07_14092025_photocopyright-by-darko-gorenak-godar-1536x1024.jpg 1536w, https:\/\/www.lepoglava.hr\/festival-cipke\/wp-content\/uploads\/2025\/09\/festival_cipka_lep_07_14092025_photocopyright-by-darko-gorenak-godar.jpg 1920w\" sizes=\"(max-width: 1024px) 100vw, 1024px\" \/><\/a><\/figure>\n\n\n\n<figure class=\"wp-block-image size-large\"><a href=\"https:\/\/www.lepoglava.hr\/festival-cipke\/wp-content\/uploads\/2025\/09\/festival_cipka_lep_22_14092025_photocopyright-by-darko-gorenak-godar.jpg\"><img decoding=\"async\" loading=\"lazy\" width=\"1024\" height=\"683\" data-id=\"3684\"  src=\"https:\/\/www.lepoglava.hr\/festival-cipke\/wp-content\/uploads\/2025\/09\/festival_cipka_lep_22_14092025_photocopyright-by-darko-gorenak-godar-1024x683.jpg\" alt=\"\" class=\"wp-image-3684\" srcset=\"https:\/\/www.lepoglava.hr\/festival-cipke\/wp-content\/uploads\/2025\/09\/festival_cipka_lep_22_14092025_photocopyright-by-darko-gorenak-godar-1024x683.jpg 1024w, https:\/\/www.lepoglava.hr\/festival-cipke\/wp-content\/uploads\/2025\/09\/festival_cipka_lep_22_14092025_photocopyright-by-darko-gorenak-godar-300x200.jpg 300w, https:\/\/www.lepoglava.hr\/festival-cipke\/wp-content\/uploads\/2025\/09\/festival_cipka_lep_22_14092025_photocopyright-by-darko-gorenak-godar-768x512.jpg 768w, https:\/\/www.lepoglava.hr\/festival-cipke\/wp-content\/uploads\/2025\/09\/festival_cipka_lep_22_14092025_photocopyright-by-darko-gorenak-godar-1536x1024.jpg 1536w, https:\/\/www.lepoglava.hr\/festival-cipke\/wp-content\/uploads\/2025\/09\/festival_cipka_lep_22_14092025_photocopyright-by-darko-gorenak-godar.jpg 1920w\" sizes=\"(max-width: 1024px) 100vw, 1024px\" \/><\/a><\/figure>\n\n\n\n<figure class=\"wp-block-image size-large\"><a href=\"https:\/\/www.lepoglava.hr\/festival-cipke\/wp-content\/uploads\/2025\/09\/festival_cipka_lep_23_14092025_photocopyright-by-darko-gorenak-godar-1.jpg\"><img decoding=\"async\" loading=\"lazy\" width=\"1024\" height=\"683\" data-id=\"3685\"  src=\"https:\/\/www.lepoglava.hr\/festival-cipke\/wp-content\/uploads\/2025\/09\/festival_cipka_lep_23_14092025_photocopyright-by-darko-gorenak-godar-1-1024x683.jpg\" alt=\"\" class=\"wp-image-3685\" srcset=\"https:\/\/www.lepoglava.hr\/festival-cipke\/wp-content\/uploads\/2025\/09\/festival_cipka_lep_23_14092025_photocopyright-by-darko-gorenak-godar-1-1024x683.jpg 1024w, https:\/\/www.lepoglava.hr\/festival-cipke\/wp-content\/uploads\/2025\/09\/festival_cipka_lep_23_14092025_photocopyright-by-darko-gorenak-godar-1-300x200.jpg 300w, https:\/\/www.lepoglava.hr\/festival-cipke\/wp-content\/uploads\/2025\/09\/festival_cipka_lep_23_14092025_photocopyright-by-darko-gorenak-godar-1-768x512.jpg 768w, https:\/\/www.lepoglava.hr\/festival-cipke\/wp-content\/uploads\/2025\/09\/festival_cipka_lep_23_14092025_photocopyright-by-darko-gorenak-godar-1-1536x1024.jpg 1536w, https:\/\/www.lepoglava.hr\/festival-cipke\/wp-content\/uploads\/2025\/09\/festival_cipka_lep_23_14092025_photocopyright-by-darko-gorenak-godar-1.jpg 1920w\" sizes=\"(max-width: 1024px) 100vw, 1024px\" \/><\/a><\/figure>\n\n\n\n<figure class=\"wp-block-image size-large\"><a href=\"https:\/\/www.lepoglava.hr\/festival-cipke\/wp-content\/uploads\/2025\/09\/festival_cipka_lep_24_14092025_photocopyright-by-darko-gorenak-godar.jpg\"><img decoding=\"async\" loading=\"lazy\" width=\"1024\" height=\"683\" data-id=\"3686\"  src=\"https:\/\/www.lepoglava.hr\/festival-cipke\/wp-content\/uploads\/2025\/09\/festival_cipka_lep_24_14092025_photocopyright-by-darko-gorenak-godar-1024x683.jpg\" alt=\"\" class=\"wp-image-3686\" srcset=\"https:\/\/www.lepoglava.hr\/festival-cipke\/wp-content\/uploads\/2025\/09\/festival_cipka_lep_24_14092025_photocopyright-by-darko-gorenak-godar-1024x683.jpg 1024w, https:\/\/www.lepoglava.hr\/festival-cipke\/wp-content\/uploads\/2025\/09\/festival_cipka_lep_24_14092025_photocopyright-by-darko-gorenak-godar-300x200.jpg 300w, https:\/\/www.lepoglava.hr\/festival-cipke\/wp-content\/uploads\/2025\/09\/festival_cipka_lep_24_14092025_photocopyright-by-darko-gorenak-godar-768x512.jpg 768w, https:\/\/www.lepoglava.hr\/festival-cipke\/wp-content\/uploads\/2025\/09\/festival_cipka_lep_24_14092025_photocopyright-by-darko-gorenak-godar-1536x1024.jpg 1536w, https:\/\/www.lepoglava.hr\/festival-cipke\/wp-content\/uploads\/2025\/09\/festival_cipka_lep_24_14092025_photocopyright-by-darko-gorenak-godar.jpg 1920w\" sizes=\"(max-width: 1024px) 100vw, 1024px\" \/><\/a><\/figure>\n\n\n\n<figure class=\"wp-block-image size-large\"><a href=\"https:\/\/www.lepoglava.hr\/festival-cipke\/wp-content\/uploads\/2025\/09\/festival_cipka_lep_08_14092025_photocopyright-by-darko-gorenak-godar.jpg\"><img decoding=\"async\" loading=\"lazy\" width=\"1024\" height=\"683\" data-id=\"3682\"  src=\"https:\/\/www.lepoglava.hr\/festival-cipke\/wp-content\/uploads\/2025\/09\/festival_cipka_lep_08_14092025_photocopyright-by-darko-gorenak-godar-1024x683.jpg\" alt=\"\" class=\"wp-image-3682\" srcset=\"https:\/\/www.lepoglava.hr\/festival-cipke\/wp-content\/uploads\/2025\/09\/festival_cipka_lep_08_14092025_photocopyright-by-darko-gorenak-godar-1024x683.jpg 1024w, https:\/\/www.lepoglava.hr\/festival-cipke\/wp-content\/uploads\/2025\/09\/festival_cipka_lep_08_14092025_photocopyright-by-darko-gorenak-godar-300x200.jpg 300w, https:\/\/www.lepoglava.hr\/festival-cipke\/wp-content\/uploads\/2025\/09\/festival_cipka_lep_08_14092025_photocopyright-by-darko-gorenak-godar-768x512.jpg 768w, https:\/\/www.lepoglava.hr\/festival-cipke\/wp-content\/uploads\/2025\/09\/festival_cipka_lep_08_14092025_photocopyright-by-darko-gorenak-godar-1536x1024.jpg 1536w, https:\/\/www.lepoglava.hr\/festival-cipke\/wp-content\/uploads\/2025\/09\/festival_cipka_lep_08_14092025_photocopyright-by-darko-gorenak-godar.jpg 1920w\" sizes=\"(max-width: 1024px) 100vw, 1024px\" \/><\/a><\/figure>\n\n\n\n<figure class=\"wp-block-image size-large\"><a href=\"https:\/\/www.lepoglava.hr\/festival-cipke\/wp-content\/uploads\/2025\/09\/festival_cipka_lep_25_14092025_photocopyright-by-darko-gorenak-godar.jpg\"><img decoding=\"async\" loading=\"lazy\" width=\"1024\" height=\"683\" data-id=\"3687\"  src=\"https:\/\/www.lepoglava.hr\/festival-cipke\/wp-content\/uploads\/2025\/09\/festival_cipka_lep_25_14092025_photocopyright-by-darko-gorenak-godar-1024x683.jpg\" alt=\"\" class=\"wp-image-3687\" srcset=\"https:\/\/www.lepoglava.hr\/festival-cipke\/wp-content\/uploads\/2025\/09\/festival_cipka_lep_25_14092025_photocopyright-by-darko-gorenak-godar-1024x683.jpg 1024w, https:\/\/www.lepoglava.hr\/festival-cipke\/wp-content\/uploads\/2025\/09\/festival_cipka_lep_25_14092025_photocopyright-by-darko-gorenak-godar-300x200.jpg 300w, https:\/\/www.lepoglava.hr\/festival-cipke\/wp-content\/uploads\/2025\/09\/festival_cipka_lep_25_14092025_photocopyright-by-darko-gorenak-godar-768x512.jpg 768w, https:\/\/www.lepoglava.hr\/festival-cipke\/wp-content\/uploads\/2025\/09\/festival_cipka_lep_25_14092025_photocopyright-by-darko-gorenak-godar-1536x1024.jpg 1536w, https:\/\/www.lepoglava.hr\/festival-cipke\/wp-content\/uploads\/2025\/09\/festival_cipka_lep_25_14092025_photocopyright-by-darko-gorenak-godar.jpg 1920w\" sizes=\"(max-width: 1024px) 100vw, 1024px\" \/><\/a><\/figure>\n\n\n\n<figure class=\"wp-block-image size-large\"><a href=\"https:\/\/www.lepoglava.hr\/festival-cipke\/wp-content\/uploads\/2025\/09\/festival_cipka_lep_06_14092025_photocopyright-by-darko-gorenak-godar.jpg\"><img decoding=\"async\" loading=\"lazy\" width=\"1024\" height=\"683\" data-id=\"3680\"  src=\"https:\/\/www.lepoglava.hr\/festival-cipke\/wp-content\/uploads\/2025\/09\/festival_cipka_lep_06_14092025_photocopyright-by-darko-gorenak-godar-1024x683.jpg\" alt=\"\" class=\"wp-image-3680\" srcset=\"https:\/\/www.lepoglava.hr\/festival-cipke\/wp-content\/uploads\/2025\/09\/festival_cipka_lep_06_14092025_photocopyright-by-darko-gorenak-godar-1024x683.jpg 1024w, https:\/\/www.lepoglava.hr\/festival-cipke\/wp-content\/uploads\/2025\/09\/festival_cipka_lep_06_14092025_photocopyright-by-darko-gorenak-godar-300x200.jpg 300w, https:\/\/www.lepoglava.hr\/festival-cipke\/wp-content\/uploads\/2025\/09\/festival_cipka_lep_06_14092025_photocopyright-by-darko-gorenak-godar-768x512.jpg 768w, https:\/\/www.lepoglava.hr\/festival-cipke\/wp-content\/uploads\/2025\/09\/festival_cipka_lep_06_14092025_photocopyright-by-darko-gorenak-godar-1536x1025.jpg 1536w, https:\/\/www.lepoglava.hr\/festival-cipke\/wp-content\/uploads\/2025\/09\/festival_cipka_lep_06_14092025_photocopyright-by-darko-gorenak-godar.jpg 1920w\" sizes=\"(max-width: 1024px) 100vw, 1024px\" \/><\/a><\/figure>\n<\/figure>\n","protected":false},"excerpt":{"rendered":"<p>Sjajnim koncertom kvarteta \u201e4 tenora\u201c u prepunom sve\u010danom \u0161atoru, u nedjelju, 14. rujna, zavr\u0161io je program ovogodi\u0161njeg 29. Me\u0111unarodnog festivala &hellip;<\/p>\n<p class=\"read-more\"> <a class=\"\" href=\"https:\/\/www.lepoglava.hr\/festival-cipke\/sjajnim-koncertom-4-tenora-zavrsio-ovogodisnji-festival\/\"> <span class=\"screen-reader-text\">Sjajnim koncertom \u201e4 tenora\u201c zavr\u0161io ovogodi\u0161nji festival<\/span> Vi\u0161e \u00bb<\/a><\/p>\n","protected":false},"author":5,"featured_media":3661,"comment_status":"closed","ping_status":"open","sticky":false,"template":"","format":"standard","meta":{"site-sidebar-layout":"default","site-content-layout":"default","ast-global-header-display":"","ast-banner-title-visibility":"","ast-main-header-display":"","ast-hfb-above-header-display":"","ast-hfb-below-header-display":"","ast-hfb-mobile-header-display":"","site-post-title":"","ast-breadcrumbs-content":"","ast-featured-img":"","footer-sml-layout":"","theme-transparent-header-meta":"","adv-header-id-meta":"","stick-header-meta":"","header-above-stick-meta":"","header-main-stick-meta":"","header-below-stick-meta":"","pgc_sgb_lightbox_settings":""},"categories":[3],"tags":[],"yoast_head":"<!-- This site is optimized with the Yoast SEO plugin v20.11 - https:\/\/yoast.com\/wordpress\/plugins\/seo\/ -->\n<title>Sjajnim koncertom \u201e4 tenora\u201c zavr\u0161io ovogodi\u0161nji festival - 29. me\u0111unarodni festival \u010dipke<\/title>\n<meta name=\"robots\" content=\"index, follow, max-snippet:-1, max-image-preview:large, max-video-preview:-1\" \/>\n<link rel=\"canonical\" href=\"https:\/\/www.lepoglava.hr\/festival-cipke\/sjajnim-koncertom-4-tenora-zavrsio-ovogodisnji-festival\/\" \/>\n<meta property=\"og:locale\" content=\"hr_HR\" \/>\n<meta property=\"og:type\" content=\"article\" \/>\n<meta property=\"og:title\" content=\"Sjajnim koncertom \u201e4 tenora\u201c zavr\u0161io ovogodi\u0161nji festival - 29. me\u0111unarodni festival \u010dipke\" \/>\n<meta property=\"og:description\" content=\"Sjajnim koncertom kvarteta \u201e4 tenora\u201c u prepunom sve\u010danom \u0161atoru, u nedjelju, 14. rujna, zavr\u0161io je program ovogodi\u0161njeg 29. Me\u0111unarodnog festivala &hellip; Sjajnim koncertom \u201e4 tenora\u201c zavr\u0161io ovogodi\u0161nji festival Vi\u0161e \u00bb\" \/>\n<meta property=\"og:url\" content=\"https:\/\/www.lepoglava.hr\/festival-cipke\/sjajnim-koncertom-4-tenora-zavrsio-ovogodisnji-festival\/\" \/>\n<meta property=\"og:site_name\" content=\"29. me\u0111unarodni festival \u010dipke\" \/>\n<meta property=\"article:published_time\" content=\"2025-09-15T09:47:31+00:00\" \/>\n<meta property=\"article:modified_time\" content=\"2025-09-15T09:47:33+00:00\" \/>\n<meta property=\"og:image\" content=\"https:\/\/www.lepoglava.hr\/festival-cipke\/wp-content\/uploads\/2025\/09\/festival_cipka_lep_23_14092025_photocopyright-by-darko-gorenak-godar.jpg\" \/>\n\t<meta property=\"og:image:width\" content=\"1920\" \/>\n\t<meta property=\"og:image:height\" content=\"1280\" \/>\n\t<meta property=\"og:image:type\" content=\"image\/jpeg\" \/>\n<meta name=\"author\" content=\"ulimarus\" \/>\n<meta name=\"twitter:card\" content=\"summary_large_image\" \/>\n<meta name=\"twitter:label1\" content=\"Napisao\/la\" \/>\n\t<meta name=\"twitter:data1\" content=\"ulimarus\" \/>\n\t<meta name=\"twitter:label2\" content=\"Procijenjeno vrijeme \u010ditanja\" \/>\n\t<meta name=\"twitter:data2\" content=\"6 minuta\" \/>\n<script type=\"application\/ld+json\" class=\"yoast-schema-graph\">{\"@context\":\"https:\/\/schema.org\",\"@graph\":[{\"@type\":\"Article\",\"@id\":\"https:\/\/www.lepoglava.hr\/festival-cipke\/sjajnim-koncertom-4-tenora-zavrsio-ovogodisnji-festival\/#article\",\"isPartOf\":{\"@id\":\"https:\/\/www.lepoglava.hr\/festival-cipke\/sjajnim-koncertom-4-tenora-zavrsio-ovogodisnji-festival\/\"},\"author\":{\"name\":\"ulimarus\",\"@id\":\"https:\/\/www.lepoglava.hr\/festival-cipke\/#\/schema\/person\/afb90b44ec6c12f33e98a7f5c6c611e1\"},\"headline\":\"Sjajnim koncertom \u201e4 tenora\u201c zavr\u0161io ovogodi\u0161nji festival\",\"datePublished\":\"2025-09-15T09:47:31+00:00\",\"dateModified\":\"2025-09-15T09:47:33+00:00\",\"mainEntityOfPage\":{\"@id\":\"https:\/\/www.lepoglava.hr\/festival-cipke\/sjajnim-koncertom-4-tenora-zavrsio-ovogodisnji-festival\/\"},\"wordCount\":286,\"publisher\":{\"@id\":\"https:\/\/www.lepoglava.hr\/festival-cipke\/#organization\"},\"articleSection\":[\"Novosti\"],\"inLanguage\":\"hr\"},{\"@type\":\"WebPage\",\"@id\":\"https:\/\/www.lepoglava.hr\/festival-cipke\/sjajnim-koncertom-4-tenora-zavrsio-ovogodisnji-festival\/\",\"url\":\"https:\/\/www.lepoglava.hr\/festival-cipke\/sjajnim-koncertom-4-tenora-zavrsio-ovogodisnji-festival\/\",\"name\":\"Sjajnim koncertom \u201e4 tenora\u201c zavr\u0161io ovogodi\u0161nji festival - 29. me\u0111unarodni festival \u010dipke\",\"isPartOf\":{\"@id\":\"https:\/\/www.lepoglava.hr\/festival-cipke\/#website\"},\"datePublished\":\"2025-09-15T09:47:31+00:00\",\"dateModified\":\"2025-09-15T09:47:33+00:00\",\"breadcrumb\":{\"@id\":\"https:\/\/www.lepoglava.hr\/festival-cipke\/sjajnim-koncertom-4-tenora-zavrsio-ovogodisnji-festival\/#breadcrumb\"},\"inLanguage\":\"hr\",\"potentialAction\":[{\"@type\":\"ReadAction\",\"target\":[\"https:\/\/www.lepoglava.hr\/festival-cipke\/sjajnim-koncertom-4-tenora-zavrsio-ovogodisnji-festival\/\"]}]},{\"@type\":\"BreadcrumbList\",\"@id\":\"https:\/\/www.lepoglava.hr\/festival-cipke\/sjajnim-koncertom-4-tenora-zavrsio-ovogodisnji-festival\/#breadcrumb\",\"itemListElement\":[{\"@type\":\"ListItem\",\"position\":1,\"name\":\"Po\u010detna stranica\",\"item\":\"https:\/\/www.lepoglava.hr\/festival-cipke\/\"},{\"@type\":\"ListItem\",\"position\":2,\"name\":\"Sjajnim koncertom \u201e4 tenora\u201c zavr\u0161io ovogodi\u0161nji festival\"}]},{\"@type\":\"WebSite\",\"@id\":\"https:\/\/www.lepoglava.hr\/festival-cipke\/#website\",\"url\":\"https:\/\/www.lepoglava.hr\/festival-cipke\/\",\"name\":\"29. me\u0111unarodni festival \u010dipke\",\"description\":\"29. me\u0111unarodni festival \u010dipke - Lepoglava\",\"publisher\":{\"@id\":\"https:\/\/www.lepoglava.hr\/festival-cipke\/#organization\"},\"potentialAction\":[{\"@type\":\"SearchAction\",\"target\":{\"@type\":\"EntryPoint\",\"urlTemplate\":\"https:\/\/www.lepoglava.hr\/festival-cipke\/?s={search_term_string}\"},\"query-input\":\"required name=search_term_string\"}],\"inLanguage\":\"hr\"},{\"@type\":\"Organization\",\"@id\":\"https:\/\/www.lepoglava.hr\/festival-cipke\/#organization\",\"name\":\"Grad Lepoglava\",\"url\":\"https:\/\/www.lepoglava.hr\/festival-cipke\/\",\"logo\":{\"@type\":\"ImageObject\",\"inLanguage\":\"hr\",\"@id\":\"https:\/\/www.lepoglava.hr\/festival-cipke\/#\/schema\/logo\/image\/\",\"url\":\"https:\/\/www.lepoglava.hr\/festival-cipke\/wp-content\/uploads\/2020\/08\/lepoglava-logo.png\",\"contentUrl\":\"https:\/\/www.lepoglava.hr\/festival-cipke\/wp-content\/uploads\/2020\/08\/lepoglava-logo.png\",\"width\":202,\"height\":58,\"caption\":\"Grad Lepoglava\"},\"image\":{\"@id\":\"https:\/\/www.lepoglava.hr\/festival-cipke\/#\/schema\/logo\/image\/\"}},{\"@type\":\"Person\",\"@id\":\"https:\/\/www.lepoglava.hr\/festival-cipke\/#\/schema\/person\/afb90b44ec6c12f33e98a7f5c6c611e1\",\"name\":\"ulimarus\"}]}<\/script>\n<!-- \/ Yoast SEO plugin. -->","yoast_head_json":{"title":"Sjajnim koncertom \u201e4 tenora\u201c zavr\u0161io ovogodi\u0161nji festival - 29. me\u0111unarodni festival \u010dipke","robots":{"index":"index","follow":"follow","max-snippet":"max-snippet:-1","max-image-preview":"max-image-preview:large","max-video-preview":"max-video-preview:-1"},"canonical":"https:\/\/www.lepoglava.hr\/festival-cipke\/sjajnim-koncertom-4-tenora-zavrsio-ovogodisnji-festival\/","og_locale":"hr_HR","og_type":"article","og_title":"Sjajnim koncertom \u201e4 tenora\u201c zavr\u0161io ovogodi\u0161nji festival - 29. me\u0111unarodni festival \u010dipke","og_description":"Sjajnim koncertom kvarteta \u201e4 tenora\u201c u prepunom sve\u010danom \u0161atoru, u nedjelju, 14. rujna, zavr\u0161io je program ovogodi\u0161njeg 29. Me\u0111unarodnog festivala &hellip; Sjajnim koncertom \u201e4 tenora\u201c zavr\u0161io ovogodi\u0161nji festival Vi\u0161e \u00bb","og_url":"https:\/\/www.lepoglava.hr\/festival-cipke\/sjajnim-koncertom-4-tenora-zavrsio-ovogodisnji-festival\/","og_site_name":"29. me\u0111unarodni festival \u010dipke","article_published_time":"2025-09-15T09:47:31+00:00","article_modified_time":"2025-09-15T09:47:33+00:00","og_image":[{"width":1920,"height":1280,"url":"https:\/\/www.lepoglava.hr\/festival-cipke\/wp-content\/uploads\/2025\/09\/festival_cipka_lep_23_14092025_photocopyright-by-darko-gorenak-godar.jpg","type":"image\/jpeg"}],"author":"ulimarus","twitter_card":"summary_large_image","twitter_misc":{"Napisao\/la":"ulimarus","Procijenjeno vrijeme \u010ditanja":"6 minuta"},"schema":{"@context":"https:\/\/schema.org","@graph":[{"@type":"Article","@id":"https:\/\/www.lepoglava.hr\/festival-cipke\/sjajnim-koncertom-4-tenora-zavrsio-ovogodisnji-festival\/#article","isPartOf":{"@id":"https:\/\/www.lepoglava.hr\/festival-cipke\/sjajnim-koncertom-4-tenora-zavrsio-ovogodisnji-festival\/"},"author":{"name":"ulimarus","@id":"https:\/\/www.lepoglava.hr\/festival-cipke\/#\/schema\/person\/afb90b44ec6c12f33e98a7f5c6c611e1"},"headline":"Sjajnim koncertom \u201e4 tenora\u201c zavr\u0161io ovogodi\u0161nji festival","datePublished":"2025-09-15T09:47:31+00:00","dateModified":"2025-09-15T09:47:33+00:00","mainEntityOfPage":{"@id":"https:\/\/www.lepoglava.hr\/festival-cipke\/sjajnim-koncertom-4-tenora-zavrsio-ovogodisnji-festival\/"},"wordCount":286,"publisher":{"@id":"https:\/\/www.lepoglava.hr\/festival-cipke\/#organization"},"articleSection":["Novosti"],"inLanguage":"hr"},{"@type":"WebPage","@id":"https:\/\/www.lepoglava.hr\/festival-cipke\/sjajnim-koncertom-4-tenora-zavrsio-ovogodisnji-festival\/","url":"https:\/\/www.lepoglava.hr\/festival-cipke\/sjajnim-koncertom-4-tenora-zavrsio-ovogodisnji-festival\/","name":"Sjajnim koncertom \u201e4 tenora\u201c zavr\u0161io ovogodi\u0161nji festival - 29. me\u0111unarodni festival \u010dipke","isPartOf":{"@id":"https:\/\/www.lepoglava.hr\/festival-cipke\/#website"},"datePublished":"2025-09-15T09:47:31+00:00","dateModified":"2025-09-15T09:47:33+00:00","breadcrumb":{"@id":"https:\/\/www.lepoglava.hr\/festival-cipke\/sjajnim-koncertom-4-tenora-zavrsio-ovogodisnji-festival\/#breadcrumb"},"inLanguage":"hr","potentialAction":[{"@type":"ReadAction","target":["https:\/\/www.lepoglava.hr\/festival-cipke\/sjajnim-koncertom-4-tenora-zavrsio-ovogodisnji-festival\/"]}]},{"@type":"BreadcrumbList","@id":"https:\/\/www.lepoglava.hr\/festival-cipke\/sjajnim-koncertom-4-tenora-zavrsio-ovogodisnji-festival\/#breadcrumb","itemListElement":[{"@type":"ListItem","position":1,"name":"Po\u010detna stranica","item":"https:\/\/www.lepoglava.hr\/festival-cipke\/"},{"@type":"ListItem","position":2,"name":"Sjajnim koncertom \u201e4 tenora\u201c zavr\u0161io ovogodi\u0161nji festival"}]},{"@type":"WebSite","@id":"https:\/\/www.lepoglava.hr\/festival-cipke\/#website","url":"https:\/\/www.lepoglava.hr\/festival-cipke\/","name":"29. me\u0111unarodni festival \u010dipke","description":"29. me\u0111unarodni festival \u010dipke - Lepoglava","publisher":{"@id":"https:\/\/www.lepoglava.hr\/festival-cipke\/#organization"},"potentialAction":[{"@type":"SearchAction","target":{"@type":"EntryPoint","urlTemplate":"https:\/\/www.lepoglava.hr\/festival-cipke\/?s={search_term_string}"},"query-input":"required name=search_term_string"}],"inLanguage":"hr"},{"@type":"Organization","@id":"https:\/\/www.lepoglava.hr\/festival-cipke\/#organization","name":"Grad Lepoglava","url":"https:\/\/www.lepoglava.hr\/festival-cipke\/","logo":{"@type":"ImageObject","inLanguage":"hr","@id":"https:\/\/www.lepoglava.hr\/festival-cipke\/#\/schema\/logo\/image\/","url":"https:\/\/www.lepoglava.hr\/festival-cipke\/wp-content\/uploads\/2020\/08\/lepoglava-logo.png","contentUrl":"https:\/\/www.lepoglava.hr\/festival-cipke\/wp-content\/uploads\/2020\/08\/lepoglava-logo.png","width":202,"height":58,"caption":"Grad Lepoglava"},"image":{"@id":"https:\/\/www.lepoglava.hr\/festival-cipke\/#\/schema\/logo\/image\/"}},{"@type":"Person","@id":"https:\/\/www.lepoglava.hr\/festival-cipke\/#\/schema\/person\/afb90b44ec6c12f33e98a7f5c6c611e1","name":"ulimarus"}]}},"_links":{"self":[{"href":"https:\/\/www.lepoglava.hr\/festival-cipke\/wp-json\/wp\/v2\/posts\/3657"}],"collection":[{"href":"https:\/\/www.lepoglava.hr\/festival-cipke\/wp-json\/wp\/v2\/posts"}],"about":[{"href":"https:\/\/www.lepoglava.hr\/festival-cipke\/wp-json\/wp\/v2\/types\/post"}],"author":[{"embeddable":true,"href":"https:\/\/www.lepoglava.hr\/festival-cipke\/wp-json\/wp\/v2\/users\/5"}],"replies":[{"embeddable":true,"href":"https:\/\/www.lepoglava.hr\/festival-cipke\/wp-json\/wp\/v2\/comments?post=3657"}],"version-history":[{"count":4,"href":"https:\/\/www.lepoglava.hr\/festival-cipke\/wp-json\/wp\/v2\/posts\/3657\/revisions"}],"predecessor-version":[{"id":3688,"href":"https:\/\/www.lepoglava.hr\/festival-cipke\/wp-json\/wp\/v2\/posts\/3657\/revisions\/3688"}],"wp:featuredmedia":[{"embeddable":true,"href":"https:\/\/www.lepoglava.hr\/festival-cipke\/wp-json\/wp\/v2\/media\/3661"}],"wp:attachment":[{"href":"https:\/\/www.lepoglava.hr\/festival-cipke\/wp-json\/wp\/v2\/media?parent=3657"}],"wp:term":[{"taxonomy":"category","embeddable":true,"href":"https:\/\/www.lepoglava.hr\/festival-cipke\/wp-json\/wp\/v2\/categories?post=3657"},{"taxonomy":"post_tag","embeddable":true,"href":"https:\/\/www.lepoglava.hr\/festival-cipke\/wp-json\/wp\/v2\/tags?post=3657"}],"curies":[{"name":"wp","href":"https:\/\/api.w.org\/{rel}","templated":true}]}}