{"id":367,"date":"2016-09-25T00:00:00","date_gmt":"2016-09-25T00:00:00","guid":{"rendered":"https:\/\/www.lepoglava.hr\/festival-cipke\/2016\/09\/25\/medunarodni-festival-cipke-postao-je-dio-europske-asocijacije-festivala\/"},"modified":"2016-09-25T00:00:00","modified_gmt":"2016-09-25T00:00:00","slug":"medunarodni-festival-cipke-postao-je-dio-europske-asocijacije-festivala","status":"publish","type":"post","link":"https:\/\/www.lepoglava.hr\/festival-cipke\/medunarodni-festival-cipke-postao-je-dio-europske-asocijacije-festivala\/","title":{"rendered":"Me\u0111unarodni festival \u010dipke postao je dio Europske Asocijacije Festivala"},"content":{"rendered":"<p>EFFE \u2013 Europe for festivals, festivals for Europe, naziv je programa Europske Asocijacije Festivala (EFA) \u010dija oznaka u zaglavlju Festivala jam\u010di kvalitetu sadr\u017eaja i produkcije. Takav \u0107e znak odsad nositi i Me\u0111unarodni festival \u010dipke u Lepoglavi budu\u0107i da je od strane me\u0111unarodnog \u017eirija odabran za dobivanje oznake &#8220;Remarkable festival&#8221; EFFE Label 2017-2018.<\/p>\n<p>Time je Me\u0111unarodni festival \u010dipke u Lepoglavi postao dio EFFE zajednice festivala. \u010cine je festivali koji se isti\u010du po umjetni\u010dkoj kvaliteti i imaju zna\u010dajan utjecaj na lokalnoj, nacionalnoj i me\u0111unarodnoj razini.<\/p>\n<p>&#8211;\u00a0Uz lokalnu i nacionalnu va\u017enost, ovaj izvrstan festival ima me\u0111unarodnu dimenziju kako se i o\u010dekuje jer je \u010dipkarstvo pro\u0161ireno po cijelom svijetu. Veze izme\u0111u obrtnika (rukotvoraca), umjetnika, znanstvenika iz Hrvatske i drugih zemalja su posebno oja\u010dane kako bi omogu\u0107ili dijeljenje znanja i iskustava, \u0161irenja tolerancije i dijaloga izme\u0111u kultura\u00a0\u2013 stoji u poja\u0161njenju odluke kojom je jo\u0161 jednom potvr\u0111en zna\u010daj Me\u0111unarodnog festivala \u010dipke u Lepoglavi.<\/p>\n<p>&#8211;\u00a0<em>Velika nam je \u010dast biti dio mre\u017ee najzna\u010dajnijih europskih festivala. Uz potvrdu kvalitete festivala, ova \u0107e nam oznaka pomo\u0107i u njegovoj promociji<\/em>\u00a0\u2013 istaknuo je predsjednik Ekomuzeja Lepoglava\u00a0Dejan Bjelivuk\u00a0dodaju\u0107i da je aplikacija za prijavu napravljena u suradnji Ekomuzeja i Turisti\u010dke zajednice grada Lepoglave.<\/p>\n<p>&#8211;\u00a0<em>To \u0161to je Me\u0111unarodni festival \u010dipke postao dio EFFE zajednice festival potvrda je njegove vrijednosti koja je stigla s razine Europske unije. Time je na\u0161 festival dobio &#8220;na te\u017eini&#8221;. Velika je to zasluga i Grada Lepoglave koji od prvog dana stoji uz festival kako u organizacijskom tako i u financijskom smislu<\/em>\u00a0\u2013 istaknuo je gradona\u010delnik\u00a0Marijan \u0160kvari\u0107.<\/p>\n<p>Zahvaljuju\u0107i dobivenoj oznaci Me\u0111unarodni festival \u010dipke bit \u0107e istaknut i na web stranici EFFE, \u0161to zna\u010di dodatnu dostupnost informacija o festivalu publici, umjetnicima, ustanova, organizacijama, potencijalnim sponzorima i medijima.<\/p>\n","protected":false},"excerpt":{"rendered":"<p>EFFE \u2013 Europe for festivals, festivals for Europe, naziv je programa Europske Asocijacije Festivala (EFA) \u010dija oznaka u zaglavlju Festivala &hellip;<\/p>\n<p class=\"read-more\"> <a class=\"\" href=\"https:\/\/www.lepoglava.hr\/festival-cipke\/medunarodni-festival-cipke-postao-je-dio-europske-asocijacije-festivala\/\"> <span class=\"screen-reader-text\">Me\u0111unarodni festival \u010dipke postao je dio Europske Asocijacije Festivala<\/span> Vi\u0161e \u00bb<\/a><\/p>\n","protected":false},"author":4,"featured_media":368,"comment_status":"closed","ping_status":"open","sticky":false,"template":"","format":"standard","meta":{"site-sidebar-layout":"default","site-content-layout":"default","ast-global-header-display":"","ast-banner-title-visibility":"","ast-main-header-display":"","ast-hfb-above-header-display":"","ast-hfb-below-header-display":"","ast-hfb-mobile-header-display":"","site-post-title":"","ast-breadcrumbs-content":"","ast-featured-img":"","footer-sml-layout":"","theme-transparent-header-meta":"","adv-header-id-meta":"","stick-header-meta":"","header-above-stick-meta":"","header-main-stick-meta":"","header-below-stick-meta":"","pgc_sgb_lightbox_settings":""},"categories":[3],"tags":[8],"yoast_head":"<!-- This site is optimized with the Yoast SEO plugin v20.11 - https:\/\/yoast.com\/wordpress\/plugins\/seo\/ -->\n<title>Me\u0111unarodni festival \u010dipke postao je dio Europske Asocijacije Festivala - 29. me\u0111unarodni festival \u010dipke<\/title>\n<meta name=\"robots\" content=\"index, follow, max-snippet:-1, max-image-preview:large, max-video-preview:-1\" \/>\n<link rel=\"canonical\" href=\"https:\/\/www.lepoglava.hr\/festival-cipke\/medunarodni-festival-cipke-postao-je-dio-europske-asocijacije-festivala\/\" \/>\n<meta property=\"og:locale\" content=\"hr_HR\" \/>\n<meta property=\"og:type\" content=\"article\" \/>\n<meta property=\"og:title\" content=\"Me\u0111unarodni festival \u010dipke postao je dio Europske Asocijacije Festivala - 29. me\u0111unarodni festival \u010dipke\" \/>\n<meta property=\"og:description\" content=\"EFFE \u2013 Europe for festivals, festivals for Europe, naziv je programa Europske Asocijacije Festivala (EFA) \u010dija oznaka u zaglavlju Festivala &hellip; Me\u0111unarodni festival \u010dipke postao je dio Europske Asocijacije Festivala Vi\u0161e \u00bb\" \/>\n<meta property=\"og:url\" content=\"https:\/\/www.lepoglava.hr\/festival-cipke\/medunarodni-festival-cipke-postao-je-dio-europske-asocijacije-festivala\/\" \/>\n<meta property=\"og:site_name\" content=\"29. me\u0111unarodni festival \u010dipke\" \/>\n<meta property=\"article:published_time\" content=\"2016-09-25T00:00:00+00:00\" \/>\n<meta property=\"og:image\" content=\"https:\/\/www.lepoglava.hr\/festival-cipke\/wp-content\/uploads\/2020\/08\/festival.1.jpg\" \/>\n\t<meta property=\"og:image:width\" content=\"1181\" \/>\n\t<meta property=\"og:image:height\" content=\"1181\" \/>\n\t<meta property=\"og:image:type\" content=\"image\/jpeg\" \/>\n<meta name=\"author\" content=\"zgrubisa\" \/>\n<meta name=\"twitter:card\" content=\"summary_large_image\" \/>\n<meta name=\"twitter:label1\" content=\"Napisao\/la\" \/>\n\t<meta name=\"twitter:data1\" content=\"zgrubisa\" \/>\n\t<meta name=\"twitter:label2\" content=\"Procijenjeno vrijeme \u010ditanja\" \/>\n\t<meta name=\"twitter:data2\" content=\"2 minute\" \/>\n<script type=\"application\/ld+json\" class=\"yoast-schema-graph\">{\"@context\":\"https:\/\/schema.org\",\"@graph\":[{\"@type\":\"Article\",\"@id\":\"https:\/\/www.lepoglava.hr\/festival-cipke\/medunarodni-festival-cipke-postao-je-dio-europske-asocijacije-festivala\/#article\",\"isPartOf\":{\"@id\":\"https:\/\/www.lepoglava.hr\/festival-cipke\/medunarodni-festival-cipke-postao-je-dio-europske-asocijacije-festivala\/\"},\"author\":{\"name\":\"zgrubisa\",\"@id\":\"https:\/\/www.lepoglava.hr\/festival-cipke\/#\/schema\/person\/d67f6fec2e7e80fcac8a8597f3e676b9\"},\"headline\":\"Me\u0111unarodni festival \u010dipke postao je dio Europske Asocijacije Festivala\",\"datePublished\":\"2016-09-25T00:00:00+00:00\",\"dateModified\":\"2016-09-25T00:00:00+00:00\",\"mainEntityOfPage\":{\"@id\":\"https:\/\/www.lepoglava.hr\/festival-cipke\/medunarodni-festival-cipke-postao-je-dio-europske-asocijacije-festivala\/\"},\"wordCount\":321,\"publisher\":{\"@id\":\"https:\/\/www.lepoglava.hr\/festival-cipke\/#organization\"},\"keywords\":[\"Festival 2016\"],\"articleSection\":[\"Novosti\"],\"inLanguage\":\"hr\"},{\"@type\":\"WebPage\",\"@id\":\"https:\/\/www.lepoglava.hr\/festival-cipke\/medunarodni-festival-cipke-postao-je-dio-europske-asocijacije-festivala\/\",\"url\":\"https:\/\/www.lepoglava.hr\/festival-cipke\/medunarodni-festival-cipke-postao-je-dio-europske-asocijacije-festivala\/\",\"name\":\"Me\u0111unarodni festival \u010dipke postao je dio Europske Asocijacije Festivala - 29. me\u0111unarodni festival \u010dipke\",\"isPartOf\":{\"@id\":\"https:\/\/www.lepoglava.hr\/festival-cipke\/#website\"},\"datePublished\":\"2016-09-25T00:00:00+00:00\",\"dateModified\":\"2016-09-25T00:00:00+00:00\",\"breadcrumb\":{\"@id\":\"https:\/\/www.lepoglava.hr\/festival-cipke\/medunarodni-festival-cipke-postao-je-dio-europske-asocijacije-festivala\/#breadcrumb\"},\"inLanguage\":\"hr\",\"potentialAction\":[{\"@type\":\"ReadAction\",\"target\":[\"https:\/\/www.lepoglava.hr\/festival-cipke\/medunarodni-festival-cipke-postao-je-dio-europske-asocijacije-festivala\/\"]}]},{\"@type\":\"BreadcrumbList\",\"@id\":\"https:\/\/www.lepoglava.hr\/festival-cipke\/medunarodni-festival-cipke-postao-je-dio-europske-asocijacije-festivala\/#breadcrumb\",\"itemListElement\":[{\"@type\":\"ListItem\",\"position\":1,\"name\":\"Po\u010detna stranica\",\"item\":\"https:\/\/www.lepoglava.hr\/festival-cipke\/\"},{\"@type\":\"ListItem\",\"position\":2,\"name\":\"Me\u0111unarodni festival \u010dipke postao je dio Europske Asocijacije Festivala\"}]},{\"@type\":\"WebSite\",\"@id\":\"https:\/\/www.lepoglava.hr\/festival-cipke\/#website\",\"url\":\"https:\/\/www.lepoglava.hr\/festival-cipke\/\",\"name\":\"29. me\u0111unarodni festival \u010dipke\",\"description\":\"29. me\u0111unarodni festival \u010dipke - Lepoglava\",\"publisher\":{\"@id\":\"https:\/\/www.lepoglava.hr\/festival-cipke\/#organization\"},\"potentialAction\":[{\"@type\":\"SearchAction\",\"target\":{\"@type\":\"EntryPoint\",\"urlTemplate\":\"https:\/\/www.lepoglava.hr\/festival-cipke\/?s={search_term_string}\"},\"query-input\":\"required name=search_term_string\"}],\"inLanguage\":\"hr\"},{\"@type\":\"Organization\",\"@id\":\"https:\/\/www.lepoglava.hr\/festival-cipke\/#organization\",\"name\":\"Grad Lepoglava\",\"url\":\"https:\/\/www.lepoglava.hr\/festival-cipke\/\",\"logo\":{\"@type\":\"ImageObject\",\"inLanguage\":\"hr\",\"@id\":\"https:\/\/www.lepoglava.hr\/festival-cipke\/#\/schema\/logo\/image\/\",\"url\":\"https:\/\/www.lepoglava.hr\/festival-cipke\/wp-content\/uploads\/2020\/08\/lepoglava-logo.png\",\"contentUrl\":\"https:\/\/www.lepoglava.hr\/festival-cipke\/wp-content\/uploads\/2020\/08\/lepoglava-logo.png\",\"width\":202,\"height\":58,\"caption\":\"Grad Lepoglava\"},\"image\":{\"@id\":\"https:\/\/www.lepoglava.hr\/festival-cipke\/#\/schema\/logo\/image\/\"}},{\"@type\":\"Person\",\"@id\":\"https:\/\/www.lepoglava.hr\/festival-cipke\/#\/schema\/person\/d67f6fec2e7e80fcac8a8597f3e676b9\",\"name\":\"zgrubisa\"}]}<\/script>\n<!-- \/ Yoast SEO plugin. -->","yoast_head_json":{"title":"Me\u0111unarodni festival \u010dipke postao je dio Europske Asocijacije Festivala - 29. me\u0111unarodni festival \u010dipke","robots":{"index":"index","follow":"follow","max-snippet":"max-snippet:-1","max-image-preview":"max-image-preview:large","max-video-preview":"max-video-preview:-1"},"canonical":"https:\/\/www.lepoglava.hr\/festival-cipke\/medunarodni-festival-cipke-postao-je-dio-europske-asocijacije-festivala\/","og_locale":"hr_HR","og_type":"article","og_title":"Me\u0111unarodni festival \u010dipke postao je dio Europske Asocijacije Festivala - 29. me\u0111unarodni festival \u010dipke","og_description":"EFFE \u2013 Europe for festivals, festivals for Europe, naziv je programa Europske Asocijacije Festivala (EFA) \u010dija oznaka u zaglavlju Festivala &hellip; Me\u0111unarodni festival \u010dipke postao je dio Europske Asocijacije Festivala Vi\u0161e \u00bb","og_url":"https:\/\/www.lepoglava.hr\/festival-cipke\/medunarodni-festival-cipke-postao-je-dio-europske-asocijacije-festivala\/","og_site_name":"29. me\u0111unarodni festival \u010dipke","article_published_time":"2016-09-25T00:00:00+00:00","og_image":[{"width":1181,"height":1181,"url":"https:\/\/www.lepoglava.hr\/festival-cipke\/wp-content\/uploads\/2020\/08\/festival.1.jpg","type":"image\/jpeg"}],"author":"zgrubisa","twitter_card":"summary_large_image","twitter_misc":{"Napisao\/la":"zgrubisa","Procijenjeno vrijeme \u010ditanja":"2 minute"},"schema":{"@context":"https:\/\/schema.org","@graph":[{"@type":"Article","@id":"https:\/\/www.lepoglava.hr\/festival-cipke\/medunarodni-festival-cipke-postao-je-dio-europske-asocijacije-festivala\/#article","isPartOf":{"@id":"https:\/\/www.lepoglava.hr\/festival-cipke\/medunarodni-festival-cipke-postao-je-dio-europske-asocijacije-festivala\/"},"author":{"name":"zgrubisa","@id":"https:\/\/www.lepoglava.hr\/festival-cipke\/#\/schema\/person\/d67f6fec2e7e80fcac8a8597f3e676b9"},"headline":"Me\u0111unarodni festival \u010dipke postao je dio Europske Asocijacije Festivala","datePublished":"2016-09-25T00:00:00+00:00","dateModified":"2016-09-25T00:00:00+00:00","mainEntityOfPage":{"@id":"https:\/\/www.lepoglava.hr\/festival-cipke\/medunarodni-festival-cipke-postao-je-dio-europske-asocijacije-festivala\/"},"wordCount":321,"publisher":{"@id":"https:\/\/www.lepoglava.hr\/festival-cipke\/#organization"},"keywords":["Festival 2016"],"articleSection":["Novosti"],"inLanguage":"hr"},{"@type":"WebPage","@id":"https:\/\/www.lepoglava.hr\/festival-cipke\/medunarodni-festival-cipke-postao-je-dio-europske-asocijacije-festivala\/","url":"https:\/\/www.lepoglava.hr\/festival-cipke\/medunarodni-festival-cipke-postao-je-dio-europske-asocijacije-festivala\/","name":"Me\u0111unarodni festival \u010dipke postao je dio Europske Asocijacije Festivala - 29. me\u0111unarodni festival \u010dipke","isPartOf":{"@id":"https:\/\/www.lepoglava.hr\/festival-cipke\/#website"},"datePublished":"2016-09-25T00:00:00+00:00","dateModified":"2016-09-25T00:00:00+00:00","breadcrumb":{"@id":"https:\/\/www.lepoglava.hr\/festival-cipke\/medunarodni-festival-cipke-postao-je-dio-europske-asocijacije-festivala\/#breadcrumb"},"inLanguage":"hr","potentialAction":[{"@type":"ReadAction","target":["https:\/\/www.lepoglava.hr\/festival-cipke\/medunarodni-festival-cipke-postao-je-dio-europske-asocijacije-festivala\/"]}]},{"@type":"BreadcrumbList","@id":"https:\/\/www.lepoglava.hr\/festival-cipke\/medunarodni-festival-cipke-postao-je-dio-europske-asocijacije-festivala\/#breadcrumb","itemListElement":[{"@type":"ListItem","position":1,"name":"Po\u010detna stranica","item":"https:\/\/www.lepoglava.hr\/festival-cipke\/"},{"@type":"ListItem","position":2,"name":"Me\u0111unarodni festival \u010dipke postao je dio Europske Asocijacije Festivala"}]},{"@type":"WebSite","@id":"https:\/\/www.lepoglava.hr\/festival-cipke\/#website","url":"https:\/\/www.lepoglava.hr\/festival-cipke\/","name":"29. me\u0111unarodni festival \u010dipke","description":"29. me\u0111unarodni festival \u010dipke - Lepoglava","publisher":{"@id":"https:\/\/www.lepoglava.hr\/festival-cipke\/#organization"},"potentialAction":[{"@type":"SearchAction","target":{"@type":"EntryPoint","urlTemplate":"https:\/\/www.lepoglava.hr\/festival-cipke\/?s={search_term_string}"},"query-input":"required name=search_term_string"}],"inLanguage":"hr"},{"@type":"Organization","@id":"https:\/\/www.lepoglava.hr\/festival-cipke\/#organization","name":"Grad Lepoglava","url":"https:\/\/www.lepoglava.hr\/festival-cipke\/","logo":{"@type":"ImageObject","inLanguage":"hr","@id":"https:\/\/www.lepoglava.hr\/festival-cipke\/#\/schema\/logo\/image\/","url":"https:\/\/www.lepoglava.hr\/festival-cipke\/wp-content\/uploads\/2020\/08\/lepoglava-logo.png","contentUrl":"https:\/\/www.lepoglava.hr\/festival-cipke\/wp-content\/uploads\/2020\/08\/lepoglava-logo.png","width":202,"height":58,"caption":"Grad Lepoglava"},"image":{"@id":"https:\/\/www.lepoglava.hr\/festival-cipke\/#\/schema\/logo\/image\/"}},{"@type":"Person","@id":"https:\/\/www.lepoglava.hr\/festival-cipke\/#\/schema\/person\/d67f6fec2e7e80fcac8a8597f3e676b9","name":"zgrubisa"}]}},"_links":{"self":[{"href":"https:\/\/www.lepoglava.hr\/festival-cipke\/wp-json\/wp\/v2\/posts\/367"}],"collection":[{"href":"https:\/\/www.lepoglava.hr\/festival-cipke\/wp-json\/wp\/v2\/posts"}],"about":[{"href":"https:\/\/www.lepoglava.hr\/festival-cipke\/wp-json\/wp\/v2\/types\/post"}],"author":[{"embeddable":true,"href":"https:\/\/www.lepoglava.hr\/festival-cipke\/wp-json\/wp\/v2\/users\/4"}],"replies":[{"embeddable":true,"href":"https:\/\/www.lepoglava.hr\/festival-cipke\/wp-json\/wp\/v2\/comments?post=367"}],"version-history":[{"count":0,"href":"https:\/\/www.lepoglava.hr\/festival-cipke\/wp-json\/wp\/v2\/posts\/367\/revisions"}],"wp:featuredmedia":[{"embeddable":true,"href":"https:\/\/www.lepoglava.hr\/festival-cipke\/wp-json\/wp\/v2\/media\/368"}],"wp:attachment":[{"href":"https:\/\/www.lepoglava.hr\/festival-cipke\/wp-json\/wp\/v2\/media?parent=367"}],"wp:term":[{"taxonomy":"category","embeddable":true,"href":"https:\/\/www.lepoglava.hr\/festival-cipke\/wp-json\/wp\/v2\/categories?post=367"},{"taxonomy":"post_tag","embeddable":true,"href":"https:\/\/www.lepoglava.hr\/festival-cipke\/wp-json\/wp\/v2\/tags?post=367"}],"curies":[{"name":"wp","href":"https:\/\/api.w.org\/{rel}","templated":true}]}}