{"id":369,"date":"2017-04-15T00:00:00","date_gmt":"2017-04-15T00:00:00","guid":{"rendered":"https:\/\/www.lepoglava.hr\/festival-cipke\/2017\/04\/15\/dvadeset-i-prvi-cipkarski-festival-u-lepoglavi-posvecen-80-obljetnici-banovinske-cipkarske-skole\/"},"modified":"2017-04-15T00:00:00","modified_gmt":"2017-04-15T00:00:00","slug":"dvadeset-i-prvi-cipkarski-festival-u-lepoglavi-posvecen-80-obljetnici-banovinske-cipkarske-skole","status":"publish","type":"post","link":"https:\/\/www.lepoglava.hr\/festival-cipke\/dvadeset-i-prvi-cipkarski-festival-u-lepoglavi-posvecen-80-obljetnici-banovinske-cipkarske-skole\/","title":{"rendered":"Dvadeset i prvi \u010dipkarski festival u Lepoglavi posve\u0107en 80. obljetnici Banovinske \u010dipkarske \u0161kole"},"content":{"rendered":"<p>Dvadeset i prvi \u00a0me\u0111unarodni festival \u010dipke u Lepoglavi odr\u017eat \u0107e se od 21. do 24. rujna 2017. godine.\u00a0Tema Festivala je\u00a0<i>Ba\u0161tina europskih \u010dipkarskih \u0161kola<\/i>, posve\u0107ena je 80-toj obljetnici otvaranja Banovinske \u010dipkarske \u0161kole u Lepoglavi. Zemlja partner ovogodi\u0161njeg Festivala je Republika Njema\u010dka.<\/p>\n<p>Ba\u0161tinu europskih \u010dipkarskih \u0161kola posjetitelji \u0107e mo\u0107i upoznati kroz bogate izlo\u017ebe, interesantne radionice i predavanja. U festivalskim danima Lepoglava \u0107e posjetiteljima ponuditi niz zanimljivih popratnih kulturno-zabavnih doga\u0111anja s naglaskom na poveznost kulturne i prirodne ba\u0161tine.<\/p>\n<p>Festival \u010dipke nositelj je oznake &#8220;Remarkable festival&#8221; za 2017\/2018 Europske Asocijacije Festivala (EFA) \u010dija oznaka u zaglavlju Festivala jam\u010di kvalitetu sadr\u017eaja i produkcije. Time je festival postao dio zajednice festivala koji se isti\u010du po umjetni\u010dkoj kvaliteti i imaju zna\u010dajan utjecaj na lokalnoj, nacionalnoj i me\u0111unarodnoj\u00a0razini.<\/p>\n","protected":false},"excerpt":{"rendered":"<p>Dvadeset i prvi \u00a0me\u0111unarodni festival \u010dipke u Lepoglavi odr\u017eat \u0107e se od 21. do 24. rujna 2017. godine.\u00a0Tema Festivala je\u00a0Ba\u0161tina &hellip;<\/p>\n<p class=\"read-more\"> <a class=\"\" href=\"https:\/\/www.lepoglava.hr\/festival-cipke\/dvadeset-i-prvi-cipkarski-festival-u-lepoglavi-posvecen-80-obljetnici-banovinske-cipkarske-skole\/\"> <span class=\"screen-reader-text\">Dvadeset i prvi \u010dipkarski festival u Lepoglavi posve\u0107en 80. obljetnici Banovinske \u010dipkarske \u0161kole<\/span> Vi\u0161e \u00bb<\/a><\/p>\n","protected":false},"author":4,"featured_media":370,"comment_status":"closed","ping_status":"open","sticky":false,"template":"","format":"standard","meta":{"site-sidebar-layout":"default","site-content-layout":"default","ast-global-header-display":"","ast-banner-title-visibility":"","ast-main-header-display":"","ast-hfb-above-header-display":"","ast-hfb-below-header-display":"","ast-hfb-mobile-header-display":"","site-post-title":"","ast-breadcrumbs-content":"","ast-featured-img":"","footer-sml-layout":"","theme-transparent-header-meta":"","adv-header-id-meta":"","stick-header-meta":"","header-above-stick-meta":"","header-main-stick-meta":"","header-below-stick-meta":"","pgc_sgb_lightbox_settings":""},"categories":[3],"tags":[9],"yoast_head":"<!-- This site is optimized with the Yoast SEO plugin v20.11 - https:\/\/yoast.com\/wordpress\/plugins\/seo\/ -->\n<title>Dvadeset i prvi \u010dipkarski festival u Lepoglavi posve\u0107en 80. obljetnici Banovinske \u010dipkarske \u0161kole - 29. me\u0111unarodni festival \u010dipke<\/title>\n<meta name=\"robots\" content=\"index, follow, max-snippet:-1, max-image-preview:large, max-video-preview:-1\" \/>\n<link rel=\"canonical\" href=\"https:\/\/www.lepoglava.hr\/festival-cipke\/dvadeset-i-prvi-cipkarski-festival-u-lepoglavi-posvecen-80-obljetnici-banovinske-cipkarske-skole\/\" \/>\n<meta property=\"og:locale\" content=\"hr_HR\" \/>\n<meta property=\"og:type\" content=\"article\" \/>\n<meta property=\"og:title\" content=\"Dvadeset i prvi \u010dipkarski festival u Lepoglavi posve\u0107en 80. obljetnici Banovinske \u010dipkarske \u0161kole - 29. me\u0111unarodni festival \u010dipke\" \/>\n<meta property=\"og:description\" content=\"Dvadeset i prvi \u00a0me\u0111unarodni festival \u010dipke u Lepoglavi odr\u017eat \u0107e se od 21. do 24. rujna 2017. godine.\u00a0Tema Festivala je\u00a0Ba\u0161tina &hellip; Dvadeset i prvi \u010dipkarski festival u Lepoglavi posve\u0107en 80. obljetnici Banovinske \u010dipkarske \u0161kole Vi\u0161e \u00bb\" \/>\n<meta property=\"og:url\" content=\"https:\/\/www.lepoglava.hr\/festival-cipke\/dvadeset-i-prvi-cipkarski-festival-u-lepoglavi-posvecen-80-obljetnici-banovinske-cipkarske-skole\/\" \/>\n<meta property=\"og:site_name\" content=\"29. me\u0111unarodni festival \u010dipke\" \/>\n<meta property=\"article:published_time\" content=\"2017-04-15T00:00:00+00:00\" \/>\n<meta property=\"og:image\" content=\"https:\/\/www.lepoglava.hr\/festival-cipke\/wp-content\/uploads\/2020\/08\/igra-ipke-i-svijetla-Darko-Gorenak-Godar.jpg\" \/>\n\t<meta property=\"og:image:width\" content=\"600\" \/>\n\t<meta property=\"og:image:height\" content=\"349\" \/>\n\t<meta property=\"og:image:type\" content=\"image\/jpeg\" \/>\n<meta name=\"author\" content=\"zgrubisa\" \/>\n<meta name=\"twitter:card\" content=\"summary_large_image\" \/>\n<meta name=\"twitter:label1\" content=\"Napisao\/la\" \/>\n\t<meta name=\"twitter:data1\" content=\"zgrubisa\" \/>\n\t<meta name=\"twitter:label2\" content=\"Procijenjeno vrijeme \u010ditanja\" \/>\n\t<meta name=\"twitter:data2\" content=\"1 minuta\" \/>\n<script type=\"application\/ld+json\" class=\"yoast-schema-graph\">{\"@context\":\"https:\/\/schema.org\",\"@graph\":[{\"@type\":\"Article\",\"@id\":\"https:\/\/www.lepoglava.hr\/festival-cipke\/dvadeset-i-prvi-cipkarski-festival-u-lepoglavi-posvecen-80-obljetnici-banovinske-cipkarske-skole\/#article\",\"isPartOf\":{\"@id\":\"https:\/\/www.lepoglava.hr\/festival-cipke\/dvadeset-i-prvi-cipkarski-festival-u-lepoglavi-posvecen-80-obljetnici-banovinske-cipkarske-skole\/\"},\"author\":{\"name\":\"zgrubisa\",\"@id\":\"https:\/\/www.lepoglava.hr\/festival-cipke\/#\/schema\/person\/d67f6fec2e7e80fcac8a8597f3e676b9\"},\"headline\":\"Dvadeset i prvi \u010dipkarski festival u Lepoglavi posve\u0107en 80. obljetnici Banovinske \u010dipkarske \u0161kole\",\"datePublished\":\"2017-04-15T00:00:00+00:00\",\"dateModified\":\"2017-04-15T00:00:00+00:00\",\"mainEntityOfPage\":{\"@id\":\"https:\/\/www.lepoglava.hr\/festival-cipke\/dvadeset-i-prvi-cipkarski-festival-u-lepoglavi-posvecen-80-obljetnici-banovinske-cipkarske-skole\/\"},\"wordCount\":149,\"publisher\":{\"@id\":\"https:\/\/www.lepoglava.hr\/festival-cipke\/#organization\"},\"keywords\":[\"Festival 2017\"],\"articleSection\":[\"Novosti\"],\"inLanguage\":\"hr\"},{\"@type\":\"WebPage\",\"@id\":\"https:\/\/www.lepoglava.hr\/festival-cipke\/dvadeset-i-prvi-cipkarski-festival-u-lepoglavi-posvecen-80-obljetnici-banovinske-cipkarske-skole\/\",\"url\":\"https:\/\/www.lepoglava.hr\/festival-cipke\/dvadeset-i-prvi-cipkarski-festival-u-lepoglavi-posvecen-80-obljetnici-banovinske-cipkarske-skole\/\",\"name\":\"Dvadeset i prvi \u010dipkarski festival u Lepoglavi posve\u0107en 80. obljetnici Banovinske \u010dipkarske \u0161kole - 29. me\u0111unarodni festival \u010dipke\",\"isPartOf\":{\"@id\":\"https:\/\/www.lepoglava.hr\/festival-cipke\/#website\"},\"datePublished\":\"2017-04-15T00:00:00+00:00\",\"dateModified\":\"2017-04-15T00:00:00+00:00\",\"breadcrumb\":{\"@id\":\"https:\/\/www.lepoglava.hr\/festival-cipke\/dvadeset-i-prvi-cipkarski-festival-u-lepoglavi-posvecen-80-obljetnici-banovinske-cipkarske-skole\/#breadcrumb\"},\"inLanguage\":\"hr\",\"potentialAction\":[{\"@type\":\"ReadAction\",\"target\":[\"https:\/\/www.lepoglava.hr\/festival-cipke\/dvadeset-i-prvi-cipkarski-festival-u-lepoglavi-posvecen-80-obljetnici-banovinske-cipkarske-skole\/\"]}]},{\"@type\":\"BreadcrumbList\",\"@id\":\"https:\/\/www.lepoglava.hr\/festival-cipke\/dvadeset-i-prvi-cipkarski-festival-u-lepoglavi-posvecen-80-obljetnici-banovinske-cipkarske-skole\/#breadcrumb\",\"itemListElement\":[{\"@type\":\"ListItem\",\"position\":1,\"name\":\"Po\u010detna stranica\",\"item\":\"https:\/\/www.lepoglava.hr\/festival-cipke\/\"},{\"@type\":\"ListItem\",\"position\":2,\"name\":\"Dvadeset i prvi \u010dipkarski festival u Lepoglavi posve\u0107en 80. obljetnici Banovinske \u010dipkarske \u0161kole\"}]},{\"@type\":\"WebSite\",\"@id\":\"https:\/\/www.lepoglava.hr\/festival-cipke\/#website\",\"url\":\"https:\/\/www.lepoglava.hr\/festival-cipke\/\",\"name\":\"29. me\u0111unarodni festival \u010dipke\",\"description\":\"29. me\u0111unarodni festival \u010dipke - Lepoglava\",\"publisher\":{\"@id\":\"https:\/\/www.lepoglava.hr\/festival-cipke\/#organization\"},\"potentialAction\":[{\"@type\":\"SearchAction\",\"target\":{\"@type\":\"EntryPoint\",\"urlTemplate\":\"https:\/\/www.lepoglava.hr\/festival-cipke\/?s={search_term_string}\"},\"query-input\":\"required name=search_term_string\"}],\"inLanguage\":\"hr\"},{\"@type\":\"Organization\",\"@id\":\"https:\/\/www.lepoglava.hr\/festival-cipke\/#organization\",\"name\":\"Grad Lepoglava\",\"url\":\"https:\/\/www.lepoglava.hr\/festival-cipke\/\",\"logo\":{\"@type\":\"ImageObject\",\"inLanguage\":\"hr\",\"@id\":\"https:\/\/www.lepoglava.hr\/festival-cipke\/#\/schema\/logo\/image\/\",\"url\":\"https:\/\/www.lepoglava.hr\/festival-cipke\/wp-content\/uploads\/2020\/08\/lepoglava-logo.png\",\"contentUrl\":\"https:\/\/www.lepoglava.hr\/festival-cipke\/wp-content\/uploads\/2020\/08\/lepoglava-logo.png\",\"width\":202,\"height\":58,\"caption\":\"Grad Lepoglava\"},\"image\":{\"@id\":\"https:\/\/www.lepoglava.hr\/festival-cipke\/#\/schema\/logo\/image\/\"}},{\"@type\":\"Person\",\"@id\":\"https:\/\/www.lepoglava.hr\/festival-cipke\/#\/schema\/person\/d67f6fec2e7e80fcac8a8597f3e676b9\",\"name\":\"zgrubisa\"}]}<\/script>\n<!-- \/ Yoast SEO plugin. -->","yoast_head_json":{"title":"Dvadeset i prvi \u010dipkarski festival u Lepoglavi posve\u0107en 80. obljetnici Banovinske \u010dipkarske \u0161kole - 29. me\u0111unarodni festival \u010dipke","robots":{"index":"index","follow":"follow","max-snippet":"max-snippet:-1","max-image-preview":"max-image-preview:large","max-video-preview":"max-video-preview:-1"},"canonical":"https:\/\/www.lepoglava.hr\/festival-cipke\/dvadeset-i-prvi-cipkarski-festival-u-lepoglavi-posvecen-80-obljetnici-banovinske-cipkarske-skole\/","og_locale":"hr_HR","og_type":"article","og_title":"Dvadeset i prvi \u010dipkarski festival u Lepoglavi posve\u0107en 80. obljetnici Banovinske \u010dipkarske \u0161kole - 29. me\u0111unarodni festival \u010dipke","og_description":"Dvadeset i prvi \u00a0me\u0111unarodni festival \u010dipke u Lepoglavi odr\u017eat \u0107e se od 21. do 24. rujna 2017. godine.\u00a0Tema Festivala je\u00a0Ba\u0161tina &hellip; Dvadeset i prvi \u010dipkarski festival u Lepoglavi posve\u0107en 80. obljetnici Banovinske \u010dipkarske \u0161kole Vi\u0161e \u00bb","og_url":"https:\/\/www.lepoglava.hr\/festival-cipke\/dvadeset-i-prvi-cipkarski-festival-u-lepoglavi-posvecen-80-obljetnici-banovinske-cipkarske-skole\/","og_site_name":"29. me\u0111unarodni festival \u010dipke","article_published_time":"2017-04-15T00:00:00+00:00","og_image":[{"width":600,"height":349,"url":"https:\/\/www.lepoglava.hr\/festival-cipke\/wp-content\/uploads\/2020\/08\/igra-ipke-i-svijetla-Darko-Gorenak-Godar.jpg","type":"image\/jpeg"}],"author":"zgrubisa","twitter_card":"summary_large_image","twitter_misc":{"Napisao\/la":"zgrubisa","Procijenjeno vrijeme \u010ditanja":"1 minuta"},"schema":{"@context":"https:\/\/schema.org","@graph":[{"@type":"Article","@id":"https:\/\/www.lepoglava.hr\/festival-cipke\/dvadeset-i-prvi-cipkarski-festival-u-lepoglavi-posvecen-80-obljetnici-banovinske-cipkarske-skole\/#article","isPartOf":{"@id":"https:\/\/www.lepoglava.hr\/festival-cipke\/dvadeset-i-prvi-cipkarski-festival-u-lepoglavi-posvecen-80-obljetnici-banovinske-cipkarske-skole\/"},"author":{"name":"zgrubisa","@id":"https:\/\/www.lepoglava.hr\/festival-cipke\/#\/schema\/person\/d67f6fec2e7e80fcac8a8597f3e676b9"},"headline":"Dvadeset i prvi \u010dipkarski festival u Lepoglavi posve\u0107en 80. obljetnici Banovinske \u010dipkarske \u0161kole","datePublished":"2017-04-15T00:00:00+00:00","dateModified":"2017-04-15T00:00:00+00:00","mainEntityOfPage":{"@id":"https:\/\/www.lepoglava.hr\/festival-cipke\/dvadeset-i-prvi-cipkarski-festival-u-lepoglavi-posvecen-80-obljetnici-banovinske-cipkarske-skole\/"},"wordCount":149,"publisher":{"@id":"https:\/\/www.lepoglava.hr\/festival-cipke\/#organization"},"keywords":["Festival 2017"],"articleSection":["Novosti"],"inLanguage":"hr"},{"@type":"WebPage","@id":"https:\/\/www.lepoglava.hr\/festival-cipke\/dvadeset-i-prvi-cipkarski-festival-u-lepoglavi-posvecen-80-obljetnici-banovinske-cipkarske-skole\/","url":"https:\/\/www.lepoglava.hr\/festival-cipke\/dvadeset-i-prvi-cipkarski-festival-u-lepoglavi-posvecen-80-obljetnici-banovinske-cipkarske-skole\/","name":"Dvadeset i prvi \u010dipkarski festival u Lepoglavi posve\u0107en 80. obljetnici Banovinske \u010dipkarske \u0161kole - 29. me\u0111unarodni festival \u010dipke","isPartOf":{"@id":"https:\/\/www.lepoglava.hr\/festival-cipke\/#website"},"datePublished":"2017-04-15T00:00:00+00:00","dateModified":"2017-04-15T00:00:00+00:00","breadcrumb":{"@id":"https:\/\/www.lepoglava.hr\/festival-cipke\/dvadeset-i-prvi-cipkarski-festival-u-lepoglavi-posvecen-80-obljetnici-banovinske-cipkarske-skole\/#breadcrumb"},"inLanguage":"hr","potentialAction":[{"@type":"ReadAction","target":["https:\/\/www.lepoglava.hr\/festival-cipke\/dvadeset-i-prvi-cipkarski-festival-u-lepoglavi-posvecen-80-obljetnici-banovinske-cipkarske-skole\/"]}]},{"@type":"BreadcrumbList","@id":"https:\/\/www.lepoglava.hr\/festival-cipke\/dvadeset-i-prvi-cipkarski-festival-u-lepoglavi-posvecen-80-obljetnici-banovinske-cipkarske-skole\/#breadcrumb","itemListElement":[{"@type":"ListItem","position":1,"name":"Po\u010detna stranica","item":"https:\/\/www.lepoglava.hr\/festival-cipke\/"},{"@type":"ListItem","position":2,"name":"Dvadeset i prvi \u010dipkarski festival u Lepoglavi posve\u0107en 80. obljetnici Banovinske \u010dipkarske \u0161kole"}]},{"@type":"WebSite","@id":"https:\/\/www.lepoglava.hr\/festival-cipke\/#website","url":"https:\/\/www.lepoglava.hr\/festival-cipke\/","name":"29. me\u0111unarodni festival \u010dipke","description":"29. me\u0111unarodni festival \u010dipke - Lepoglava","publisher":{"@id":"https:\/\/www.lepoglava.hr\/festival-cipke\/#organization"},"potentialAction":[{"@type":"SearchAction","target":{"@type":"EntryPoint","urlTemplate":"https:\/\/www.lepoglava.hr\/festival-cipke\/?s={search_term_string}"},"query-input":"required name=search_term_string"}],"inLanguage":"hr"},{"@type":"Organization","@id":"https:\/\/www.lepoglava.hr\/festival-cipke\/#organization","name":"Grad Lepoglava","url":"https:\/\/www.lepoglava.hr\/festival-cipke\/","logo":{"@type":"ImageObject","inLanguage":"hr","@id":"https:\/\/www.lepoglava.hr\/festival-cipke\/#\/schema\/logo\/image\/","url":"https:\/\/www.lepoglava.hr\/festival-cipke\/wp-content\/uploads\/2020\/08\/lepoglava-logo.png","contentUrl":"https:\/\/www.lepoglava.hr\/festival-cipke\/wp-content\/uploads\/2020\/08\/lepoglava-logo.png","width":202,"height":58,"caption":"Grad Lepoglava"},"image":{"@id":"https:\/\/www.lepoglava.hr\/festival-cipke\/#\/schema\/logo\/image\/"}},{"@type":"Person","@id":"https:\/\/www.lepoglava.hr\/festival-cipke\/#\/schema\/person\/d67f6fec2e7e80fcac8a8597f3e676b9","name":"zgrubisa"}]}},"_links":{"self":[{"href":"https:\/\/www.lepoglava.hr\/festival-cipke\/wp-json\/wp\/v2\/posts\/369"}],"collection":[{"href":"https:\/\/www.lepoglava.hr\/festival-cipke\/wp-json\/wp\/v2\/posts"}],"about":[{"href":"https:\/\/www.lepoglava.hr\/festival-cipke\/wp-json\/wp\/v2\/types\/post"}],"author":[{"embeddable":true,"href":"https:\/\/www.lepoglava.hr\/festival-cipke\/wp-json\/wp\/v2\/users\/4"}],"replies":[{"embeddable":true,"href":"https:\/\/www.lepoglava.hr\/festival-cipke\/wp-json\/wp\/v2\/comments?post=369"}],"version-history":[{"count":0,"href":"https:\/\/www.lepoglava.hr\/festival-cipke\/wp-json\/wp\/v2\/posts\/369\/revisions"}],"wp:featuredmedia":[{"embeddable":true,"href":"https:\/\/www.lepoglava.hr\/festival-cipke\/wp-json\/wp\/v2\/media\/370"}],"wp:attachment":[{"href":"https:\/\/www.lepoglava.hr\/festival-cipke\/wp-json\/wp\/v2\/media?parent=369"}],"wp:term":[{"taxonomy":"category","embeddable":true,"href":"https:\/\/www.lepoglava.hr\/festival-cipke\/wp-json\/wp\/v2\/categories?post=369"},{"taxonomy":"post_tag","embeddable":true,"href":"https:\/\/www.lepoglava.hr\/festival-cipke\/wp-json\/wp\/v2\/tags?post=369"}],"curies":[{"name":"wp","href":"https:\/\/api.w.org\/{rel}","templated":true}]}}